{"id":13847,"date":"2019-06-26T13:54:00","date_gmt":"2019-06-26T11:54:00","guid":{"rendered":"https:\/\/www.getariakotxakolina.eus\/jjdd-ren-zeregin-sozio-ekonomiko-kultural-eta-ingurumenekoak-landa-eremuetan\/"},"modified":"2025-12-24T11:55:27","modified_gmt":"2025-12-24T10:55:27","slug":"jjdd-ren-zeregin-sozio-ekonomiko-kultural-eta-ingurumenekoak-landa-eremuetan","status":"publish","type":"post","link":"https:\/\/www.getariakotxakolina.eus\/fr\/jjdd-ren-zeregin-sozio-ekonomiko-kultural-eta-ingurumenekoak-landa-eremuetan\/","title":{"rendered":"Le r\u00f4le socio\u00e9conomique, culturel et environnemental des AOC dans les zones rurales"},"content":{"rendered":"\n<div class=\"contenedor-blog\">\n<p class=\"gb-text destacado-blog\">Les Appellations d\u2019Origine exercent un r\u00f4le significatif dans le d\u00e9veloppement des zones rurales. Une importance mise en \u00e9vidence lors de la journ\u00e9e \u00ab Le r\u00f4le socio-\u00e9conomique, culturel et environnemental des AOC dans les zones rurales \u00bb qui s\u2019est d\u00e9roul\u00e9e au mois d\u2019avril dernier \u00e0 Olite, \u00e0 laquelle se sont jointes diverses appellations.<\/p>\n\n\n\n<p>Les appellations d\u2019origine jouent un r\u00f4le important dans le d\u00e9veloppement des zones rurales \u00e0 divers points de vue, mais leur effet se fait surtout sentir au niveau socio\u00e9conomique, culturel et environnemental. La journ\u00e9e \u00abLe r\u00f4le socio\u00e9conomique, culturel et environnemental des AOC dans les zones rurales\u00bb- organis\u00e9e par le\u00a0<a href=\"http:\/\/www.redruralnacional.es\/inicio\" target=\"_blank\" rel=\"noreferrer noopener\">R\u00e9seau Rural National,<\/a>\u00a0la\u00a0<a href=\"http:\/\/vinosdo.wine\/\" target=\"_blank\" rel=\"noreferrer noopener\">Conf\u00e9rence Espagnole des Conseils R\u00e9gulateurs Viticoles (CECRV)<\/a>\u00a0et l\u2019association espagnole des appellations d\u2019origine\u00a0<a href=\"http:\/\/www.origenespana.es\/\" target=\"_blank\" rel=\"noreferrer noopener\">Origen Espa\u00f1a<\/a>\u00a0\u2013 a rassembl\u00e9 au mois d\u2019avril dernier \u00e0 Olite diverses appellations et parmi celles-ci, l\u2019AOC \u2018Getariako Txakolina\u2019.\u00a0<\/p>\n\n\n\n<p>Les participants des diff\u00e9rentes appellations ont pu \u00e9changer leurs diff\u00e9rentes exp\u00e9riences, aussi bien vinicoles qu\u2019agroalimentaires, alors que des experts du monde universitaire, environnemental et de la communication ont mis en valeur les bienfaits des AOC sur leurs territoires. Voici quelques-unes des conclusions qui ont \u00e9t\u00e9 tir\u00e9es:<\/p>\n\n\n\n<ul class=\"wp-block-list\">\n<li>Les AOC g\u00e8rent le territoire et y fixent la population, en cr\u00e9ant un d\u00e9sir de vivre et de d\u00e9velopper des projets dans des zones rurales, en plus d\u2019encourager et de faciliter la rel\u00e8ve g\u00e9n\u00e9rationnelle.<\/li>\n\n\n\n<li>Elles pr\u00e9servent et favorisent la biodiversit\u00e9, en contribuant \u00e0 la lutte contre le r\u00e9chauffement climatique.\u00a0<\/li>\n\n\n\n<li>Elles promeuvent non seulement le produit local et autochtone, mais aussi le patrimoine historique et artistique de la zone.<\/li>\n<\/ul>\n\n\n\n<p>Rappelons \u00e0 ce sujet que l\u2019appellation\u00a0<a href=\"http:\/\/www.getariakotxakolina.eus\/\">Getariako Txakolina<\/a><em>,\u00a0<\/em>qui c\u00e9l\u00e8bre cette ann\u00e9e son 30e\u00a0anniversaire, est parvenue \u00e0 consolider la production d\u2019un vin qui, au d\u00e9but des ann\u00e9es 1980, \u00e9tait menac\u00e9 de disparition. Longue vie au txakoli de Getaria!<\/p>\n\n\n\n<img loading=\"lazy\" decoding=\"async\" width=\"1400\" height=\"1050\" class=\"gb-media-e1f69f7b\" alt=\"JJDD-ren zeregin sozio-ekonomiko, kultural eta ingurumenekoak landa eremuetan\" src=\"https:\/\/www.getariakotxakolina.eus\/wp-content\/uploads\/2025\/11\/JJDD-ren-zeregin-sozio-ekonomiko-kultural-eta-ingurumenekoak-landa-eremuetan.jpg\" title=\"JJDD-ren zeregin sozio-ekonomiko, kultural eta ingurumenekoak landa eremuetan\" srcset=\"https:\/\/www.getariakotxakolina.eus\/wp-content\/uploads\/2025\/11\/JJDD-ren-zeregin-sozio-ekonomiko-kultural-eta-ingurumenekoak-landa-eremuetan.jpg 1400w, https:\/\/www.getariakotxakolina.eus\/wp-content\/uploads\/2025\/11\/JJDD-ren-zeregin-sozio-ekonomiko-kultural-eta-ingurumenekoak-landa-eremuetan-300x225.jpg 300w, https:\/\/www.getariakotxakolina.eus\/wp-content\/uploads\/2025\/11\/JJDD-ren-zeregin-sozio-ekonomiko-kultural-eta-ingurumenekoak-landa-eremuetan-1024x768.jpg 1024w, https:\/\/www.getariakotxakolina.eus\/wp-content\/uploads\/2025\/11\/JJDD-ren-zeregin-sozio-ekonomiko-kultural-eta-ingurumenekoak-landa-eremuetan-768x576.jpg 768w\" sizes=\"auto, (max-width: 1400px) 100vw, 1400px\" \/>\n<\/div>\n","protected":false},"excerpt":{"rendered":"<p>Les Appellations d\u2019Origine exercent un r\u00f4le significatif dans le d\u00e9veloppement des zones rurales. Une importance mise en \u00e9vidence lors de la journ\u00e9e \u00ab Le r\u00f4le socio-\u00e9conomique, culturel et environnemental des AOC dans les zones rurales \u00bb qui s\u2019est d\u00e9roul\u00e9e au mois d\u2019avril dernier \u00e0 Olite, \u00e0 laquelle se sont jointes diverses appellations. Les appellations d\u2019origine &#8230; <a title=\"Le r\u00f4le socio\u00e9conomique, culturel et environnemental des AOC dans les zones rurales\" class=\"read-more\" href=\"https:\/\/www.getariakotxakolina.eus\/fr\/jjdd-ren-zeregin-sozio-ekonomiko-kultural-eta-ingurumenekoak-landa-eremuetan\/\" aria-label=\"En savoir plus sur Le r\u00f4le socio\u00e9conomique, culturel et environnemental des AOC dans les zones rurales\">Lire plus<\/a><\/p>\n","protected":false},"author":1,"featured_media":13848,"comment_status":"closed","ping_status":"open","sticky":false,"template":"","format":"standard","meta":{"_acf_changed":false,"footnotes":""},"categories":[31],"tags":[],"class_list":["post-13847","post","type-post","status-publish","format-standard","has-post-thumbnail","hentry","category-berriak","resize-featured-image"],"acf":[],"yoast_head":"<!-- This site is optimized with the Yoast SEO plugin v27.4 - https:\/\/yoast.com\/product\/yoast-seo-wordpress\/ -->\n<title>Le r\u00f4le socio\u00e9conomique, culturel et environnemental des AOC dans les zones rurales - Getariako Txakolina<\/title>\n<meta name=\"description\" content=\"Les Appellations d\u2019Origine exercent un r\u00f4le significatif dans le d\u00e9veloppement des zones rurales.\" \/>\n<meta name=\"robots\" content=\"index, follow, max-snippet:-1, max-image-preview:large, max-video-preview:-1\" \/>\n<link rel=\"canonical\" href=\"https:\/\/www.getariakotxakolina.eus\/fr\/jjdd-ren-zeregin-sozio-ekonomiko-kultural-eta-ingurumenekoak-landa-eremuetan\/\" \/>\n<meta property=\"og:locale\" content=\"fr_FR\" \/>\n<meta property=\"og:type\" content=\"article\" \/>\n<meta property=\"og:title\" content=\"Le r\u00f4le socio\u00e9conomique, culturel et environnemental des AOC dans les zones rurales - Getariako Txakolina\" \/>\n<meta property=\"og:description\" content=\"Les Appellations d\u2019Origine exercent un r\u00f4le significatif dans le d\u00e9veloppement des zones rurales.\" \/>\n<meta property=\"og:url\" content=\"https:\/\/www.getariakotxakolina.eus\/fr\/jjdd-ren-zeregin-sozio-ekonomiko-kultural-eta-ingurumenekoak-landa-eremuetan\/\" \/>\n<meta property=\"og:site_name\" content=\"Getariako Txakolina\" \/>\n<meta property=\"article:publisher\" content=\"https:\/\/www.facebook.com\/GetariakoTxakolinaDO\/\" \/>\n<meta property=\"article:published_time\" content=\"2019-06-26T11:54:00+00:00\" \/>\n<meta property=\"article:modified_time\" content=\"2025-12-24T10:55:27+00:00\" \/>\n<meta property=\"og:image\" content=\"https:\/\/www.getariakotxakolina.eus\/wp-content\/uploads\/2025\/11\/JJDD-ren-zeregin-sozio-ekonomiko-kultural-eta-ingurumenekoak-landa-eremuetan-portada.jpg\" \/>\n\t<meta property=\"og:image:width\" content=\"1920\" \/>\n\t<meta property=\"og:image:height\" content=\"1440\" \/>\n\t<meta property=\"og:image:type\" content=\"image\/jpeg\" \/>\n<meta name=\"author\" content=\"Sergio\" \/>\n<meta name=\"twitter:card\" content=\"summary_large_image\" \/>\n<meta name=\"twitter:label1\" content=\"\u00c9crit par\" \/>\n\t<meta name=\"twitter:data1\" content=\"Sergio\" \/>\n\t<meta name=\"twitter:label2\" content=\"Dur\u00e9e de lecture estim\u00e9e\" \/>\n\t<meta name=\"twitter:data2\" content=\"2 minutes\" \/>\n<script type=\"application\/ld+json\" class=\"yoast-schema-graph\">{\"@context\":\"https:\\\/\\\/schema.org\",\"@graph\":[{\"@type\":\"Article\",\"@id\":\"https:\\\/\\\/www.getariakotxakolina.eus\\\/fr\\\/jjdd-ren-zeregin-sozio-ekonomiko-kultural-eta-ingurumenekoak-landa-eremuetan\\\/#article\",\"isPartOf\":{\"@id\":\"https:\\\/\\\/www.getariakotxakolina.eus\\\/fr\\\/jjdd-ren-zeregin-sozio-ekonomiko-kultural-eta-ingurumenekoak-landa-eremuetan\\\/\"},\"author\":{\"name\":\"Sergio\",\"@id\":\"https:\\\/\\\/www.getariakotxakolina.eus\\\/fr\\\/#\\\/schema\\\/person\\\/a5e5ff3c3ef2b02a49c0908e58468d2e\"},\"headline\":\"Le r\u00f4le socio\u00e9conomique, culturel et environnemental des AOC dans les zones rurales\",\"datePublished\":\"2019-06-26T11:54:00+00:00\",\"dateModified\":\"2025-12-24T10:55:27+00:00\",\"mainEntityOfPage\":{\"@id\":\"https:\\\/\\\/www.getariakotxakolina.eus\\\/fr\\\/jjdd-ren-zeregin-sozio-ekonomiko-kultural-eta-ingurumenekoak-landa-eremuetan\\\/\"},\"wordCount\":341,\"publisher\":{\"@id\":\"https:\\\/\\\/www.getariakotxakolina.eus\\\/fr\\\/#organization\"},\"image\":{\"@id\":\"https:\\\/\\\/www.getariakotxakolina.eus\\\/fr\\\/jjdd-ren-zeregin-sozio-ekonomiko-kultural-eta-ingurumenekoak-landa-eremuetan\\\/#primaryimage\"},\"thumbnailUrl\":\"https:\\\/\\\/www.getariakotxakolina.eus\\\/wp-content\\\/uploads\\\/2025\\\/11\\\/JJDD-ren-zeregin-sozio-ekonomiko-kultural-eta-ingurumenekoak-landa-eremuetan-portada.jpg\",\"articleSection\":[\"Berriak\"],\"inLanguage\":\"fr-FR\"},{\"@type\":\"WebPage\",\"@id\":\"https:\\\/\\\/www.getariakotxakolina.eus\\\/fr\\\/jjdd-ren-zeregin-sozio-ekonomiko-kultural-eta-ingurumenekoak-landa-eremuetan\\\/\",\"url\":\"https:\\\/\\\/www.getariakotxakolina.eus\\\/fr\\\/jjdd-ren-zeregin-sozio-ekonomiko-kultural-eta-ingurumenekoak-landa-eremuetan\\\/\",\"name\":\"Le r\u00f4le socio\u00e9conomique, culturel et environnemental des AOC dans les zones rurales - Getariako Txakolina\",\"isPartOf\":{\"@id\":\"https:\\\/\\\/www.getariakotxakolina.eus\\\/fr\\\/#website\"},\"primaryImageOfPage\":{\"@id\":\"https:\\\/\\\/www.getariakotxakolina.eus\\\/fr\\\/jjdd-ren-zeregin-sozio-ekonomiko-kultural-eta-ingurumenekoak-landa-eremuetan\\\/#primaryimage\"},\"image\":{\"@id\":\"https:\\\/\\\/www.getariakotxakolina.eus\\\/fr\\\/jjdd-ren-zeregin-sozio-ekonomiko-kultural-eta-ingurumenekoak-landa-eremuetan\\\/#primaryimage\"},\"thumbnailUrl\":\"https:\\\/\\\/www.getariakotxakolina.eus\\\/wp-content\\\/uploads\\\/2025\\\/11\\\/JJDD-ren-zeregin-sozio-ekonomiko-kultural-eta-ingurumenekoak-landa-eremuetan-portada.jpg\",\"datePublished\":\"2019-06-26T11:54:00+00:00\",\"dateModified\":\"2025-12-24T10:55:27+00:00\",\"description\":\"Les Appellations d\u2019Origine exercent un r\u00f4le significatif dans le d\u00e9veloppement des zones rurales.\",\"breadcrumb\":{\"@id\":\"https:\\\/\\\/www.getariakotxakolina.eus\\\/fr\\\/jjdd-ren-zeregin-sozio-ekonomiko-kultural-eta-ingurumenekoak-landa-eremuetan\\\/#breadcrumb\"},\"inLanguage\":\"fr-FR\",\"potentialAction\":[{\"@type\":\"ReadAction\",\"target\":[\"https:\\\/\\\/www.getariakotxakolina.eus\\\/fr\\\/jjdd-ren-zeregin-sozio-ekonomiko-kultural-eta-ingurumenekoak-landa-eremuetan\\\/\"]}]},{\"@type\":\"ImageObject\",\"inLanguage\":\"fr-FR\",\"@id\":\"https:\\\/\\\/www.getariakotxakolina.eus\\\/fr\\\/jjdd-ren-zeregin-sozio-ekonomiko-kultural-eta-ingurumenekoak-landa-eremuetan\\\/#primaryimage\",\"url\":\"https:\\\/\\\/www.getariakotxakolina.eus\\\/wp-content\\\/uploads\\\/2025\\\/11\\\/JJDD-ren-zeregin-sozio-ekonomiko-kultural-eta-ingurumenekoak-landa-eremuetan-portada.jpg\",\"contentUrl\":\"https:\\\/\\\/www.getariakotxakolina.eus\\\/wp-content\\\/uploads\\\/2025\\\/11\\\/JJDD-ren-zeregin-sozio-ekonomiko-kultural-eta-ingurumenekoak-landa-eremuetan-portada.jpg\",\"width\":1920,\"height\":1440,\"caption\":\"JJDD-ren zeregin sozio-ekonomiko, kultural eta ingurumenekoak landa eremuetan - portada\"},{\"@type\":\"BreadcrumbList\",\"@id\":\"https:\\\/\\\/www.getariakotxakolina.eus\\\/fr\\\/jjdd-ren-zeregin-sozio-ekonomiko-kultural-eta-ingurumenekoak-landa-eremuetan\\\/#breadcrumb\",\"itemListElement\":[{\"@type\":\"ListItem\",\"position\":1,\"name\":\"Portada\",\"item\":\"https:\\\/\\\/www.getariakotxakolina.eus\\\/fr\\\/\"},{\"@type\":\"ListItem\",\"position\":2,\"name\":\"Le r\u00f4le socio\u00e9conomique, culturel et environnemental des AOC dans les zones rurales\"}]},{\"@type\":\"WebSite\",\"@id\":\"https:\\\/\\\/www.getariakotxakolina.eus\\\/fr\\\/#website\",\"url\":\"https:\\\/\\\/www.getariakotxakolina.eus\\\/fr\\\/\",\"name\":\"Txakol\u00ed de Getaria vino blanco con D.O. Getariako txakolina\",\"description\":\"El txakoli Denominaci\u00f3n de Origen Getariako Txakolina es un vino joven de graduaci\u00f3n moderada y equilibrada acidez.\",\"publisher\":{\"@id\":\"https:\\\/\\\/www.getariakotxakolina.eus\\\/fr\\\/#organization\"},\"alternateName\":\"Getariako txakolina\",\"potentialAction\":[{\"@type\":\"SearchAction\",\"target\":{\"@type\":\"EntryPoint\",\"urlTemplate\":\"https:\\\/\\\/www.getariakotxakolina.eus\\\/fr\\\/?s={search_term_string}\"},\"query-input\":{\"@type\":\"PropertyValueSpecification\",\"valueRequired\":true,\"valueName\":\"search_term_string\"}}],\"inLanguage\":\"fr-FR\"},{\"@type\":\"Organization\",\"@id\":\"https:\\\/\\\/www.getariakotxakolina.eus\\\/fr\\\/#organization\",\"name\":\"Getariako Txakolina\",\"alternateName\":\"Getariako Txakolina\",\"url\":\"https:\\\/\\\/www.getariakotxakolina.eus\\\/fr\\\/\",\"logo\":{\"@type\":\"ImageObject\",\"inLanguage\":\"fr-FR\",\"@id\":\"https:\\\/\\\/www.getariakotxakolina.eus\\\/fr\\\/#\\\/schema\\\/logo\\\/image\\\/\",\"url\":\"https:\\\/\\\/www.getariakotxakolina.eus\\\/wp-content\\\/uploads\\\/2025\\\/07\\\/Getariako-Txakolina-Logo.svg\",\"contentUrl\":\"https:\\\/\\\/www.getariakotxakolina.eus\\\/wp-content\\\/uploads\\\/2025\\\/07\\\/Getariako-Txakolina-Logo.svg\",\"width\":417,\"height\":83,\"caption\":\"Getariako Txakolina\"},\"image\":{\"@id\":\"https:\\\/\\\/www.getariakotxakolina.eus\\\/fr\\\/#\\\/schema\\\/logo\\\/image\\\/\"},\"sameAs\":[\"https:\\\/\\\/www.facebook.com\\\/GetariakoTxakolinaDO\\\/\",\"https:\\\/\\\/www.instagram.com\\\/getariakotxakolina_do\\\/\"]},{\"@type\":\"Person\",\"@id\":\"https:\\\/\\\/www.getariakotxakolina.eus\\\/fr\\\/#\\\/schema\\\/person\\\/a5e5ff3c3ef2b02a49c0908e58468d2e\",\"name\":\"Sergio\",\"image\":{\"@type\":\"ImageObject\",\"inLanguage\":\"fr-FR\",\"@id\":\"https:\\\/\\\/secure.gravatar.com\\\/avatar\\\/a7d1b444c33a3e9943bfdc51e89ddc19ba81f816f205cf49c0f1113bad811a11?s=96&d=mm&r=g\",\"url\":\"https:\\\/\\\/secure.gravatar.com\\\/avatar\\\/a7d1b444c33a3e9943bfdc51e89ddc19ba81f816f205cf49c0f1113bad811a11?s=96&d=mm&r=g\",\"contentUrl\":\"https:\\\/\\\/secure.gravatar.com\\\/avatar\\\/a7d1b444c33a3e9943bfdc51e89ddc19ba81f816f205cf49c0f1113bad811a11?s=96&d=mm&r=g\",\"caption\":\"Sergio\"},\"sameAs\":[\"https:\\\/\\\/wordpress-958700-4452977.cloudwaysapps.com\"]}]}<\/script>\n<!-- \/ Yoast SEO plugin. -->","yoast_head_json":{"title":"Le r\u00f4le socio\u00e9conomique, culturel et environnemental des AOC dans les zones rurales - Getariako Txakolina","description":"Les Appellations d\u2019Origine exercent un r\u00f4le significatif dans le d\u00e9veloppement des zones rurales.","robots":{"index":"index","follow":"follow","max-snippet":"max-snippet:-1","max-image-preview":"max-image-preview:large","max-video-preview":"max-video-preview:-1"},"canonical":"https:\/\/www.getariakotxakolina.eus\/fr\/jjdd-ren-zeregin-sozio-ekonomiko-kultural-eta-ingurumenekoak-landa-eremuetan\/","og_locale":"fr_FR","og_type":"article","og_title":"Le r\u00f4le socio\u00e9conomique, culturel et environnemental des AOC dans les zones rurales - Getariako Txakolina","og_description":"Les Appellations d\u2019Origine exercent un r\u00f4le significatif dans le d\u00e9veloppement des zones rurales.","og_url":"https:\/\/www.getariakotxakolina.eus\/fr\/jjdd-ren-zeregin-sozio-ekonomiko-kultural-eta-ingurumenekoak-landa-eremuetan\/","og_site_name":"Getariako Txakolina","article_publisher":"https:\/\/www.facebook.com\/GetariakoTxakolinaDO\/","article_published_time":"2019-06-26T11:54:00+00:00","article_modified_time":"2025-12-24T10:55:27+00:00","og_image":[{"width":1920,"height":1440,"url":"https:\/\/www.getariakotxakolina.eus\/wp-content\/uploads\/2025\/11\/JJDD-ren-zeregin-sozio-ekonomiko-kultural-eta-ingurumenekoak-landa-eremuetan-portada.jpg","type":"image\/jpeg"}],"author":"Sergio","twitter_card":"summary_large_image","twitter_misc":{"\u00c9crit par":"Sergio","Dur\u00e9e de lecture estim\u00e9e":"2 minutes"},"schema":{"@context":"https:\/\/schema.org","@graph":[{"@type":"Article","@id":"https:\/\/www.getariakotxakolina.eus\/fr\/jjdd-ren-zeregin-sozio-ekonomiko-kultural-eta-ingurumenekoak-landa-eremuetan\/#article","isPartOf":{"@id":"https:\/\/www.getariakotxakolina.eus\/fr\/jjdd-ren-zeregin-sozio-ekonomiko-kultural-eta-ingurumenekoak-landa-eremuetan\/"},"author":{"name":"Sergio","@id":"https:\/\/www.getariakotxakolina.eus\/fr\/#\/schema\/person\/a5e5ff3c3ef2b02a49c0908e58468d2e"},"headline":"Le r\u00f4le socio\u00e9conomique, culturel et environnemental des AOC dans les zones rurales","datePublished":"2019-06-26T11:54:00+00:00","dateModified":"2025-12-24T10:55:27+00:00","mainEntityOfPage":{"@id":"https:\/\/www.getariakotxakolina.eus\/fr\/jjdd-ren-zeregin-sozio-ekonomiko-kultural-eta-ingurumenekoak-landa-eremuetan\/"},"wordCount":341,"publisher":{"@id":"https:\/\/www.getariakotxakolina.eus\/fr\/#organization"},"image":{"@id":"https:\/\/www.getariakotxakolina.eus\/fr\/jjdd-ren-zeregin-sozio-ekonomiko-kultural-eta-ingurumenekoak-landa-eremuetan\/#primaryimage"},"thumbnailUrl":"https:\/\/www.getariakotxakolina.eus\/wp-content\/uploads\/2025\/11\/JJDD-ren-zeregin-sozio-ekonomiko-kultural-eta-ingurumenekoak-landa-eremuetan-portada.jpg","articleSection":["Berriak"],"inLanguage":"fr-FR"},{"@type":"WebPage","@id":"https:\/\/www.getariakotxakolina.eus\/fr\/jjdd-ren-zeregin-sozio-ekonomiko-kultural-eta-ingurumenekoak-landa-eremuetan\/","url":"https:\/\/www.getariakotxakolina.eus\/fr\/jjdd-ren-zeregin-sozio-ekonomiko-kultural-eta-ingurumenekoak-landa-eremuetan\/","name":"Le r\u00f4le socio\u00e9conomique, culturel et environnemental des AOC dans les zones rurales - Getariako Txakolina","isPartOf":{"@id":"https:\/\/www.getariakotxakolina.eus\/fr\/#website"},"primaryImageOfPage":{"@id":"https:\/\/www.getariakotxakolina.eus\/fr\/jjdd-ren-zeregin-sozio-ekonomiko-kultural-eta-ingurumenekoak-landa-eremuetan\/#primaryimage"},"image":{"@id":"https:\/\/www.getariakotxakolina.eus\/fr\/jjdd-ren-zeregin-sozio-ekonomiko-kultural-eta-ingurumenekoak-landa-eremuetan\/#primaryimage"},"thumbnailUrl":"https:\/\/www.getariakotxakolina.eus\/wp-content\/uploads\/2025\/11\/JJDD-ren-zeregin-sozio-ekonomiko-kultural-eta-ingurumenekoak-landa-eremuetan-portada.jpg","datePublished":"2019-06-26T11:54:00+00:00","dateModified":"2025-12-24T10:55:27+00:00","description":"Les Appellations d\u2019Origine exercent un r\u00f4le significatif dans le d\u00e9veloppement des zones rurales.","breadcrumb":{"@id":"https:\/\/www.getariakotxakolina.eus\/fr\/jjdd-ren-zeregin-sozio-ekonomiko-kultural-eta-ingurumenekoak-landa-eremuetan\/#breadcrumb"},"inLanguage":"fr-FR","potentialAction":[{"@type":"ReadAction","target":["https:\/\/www.getariakotxakolina.eus\/fr\/jjdd-ren-zeregin-sozio-ekonomiko-kultural-eta-ingurumenekoak-landa-eremuetan\/"]}]},{"@type":"ImageObject","inLanguage":"fr-FR","@id":"https:\/\/www.getariakotxakolina.eus\/fr\/jjdd-ren-zeregin-sozio-ekonomiko-kultural-eta-ingurumenekoak-landa-eremuetan\/#primaryimage","url":"https:\/\/www.getariakotxakolina.eus\/wp-content\/uploads\/2025\/11\/JJDD-ren-zeregin-sozio-ekonomiko-kultural-eta-ingurumenekoak-landa-eremuetan-portada.jpg","contentUrl":"https:\/\/www.getariakotxakolina.eus\/wp-content\/uploads\/2025\/11\/JJDD-ren-zeregin-sozio-ekonomiko-kultural-eta-ingurumenekoak-landa-eremuetan-portada.jpg","width":1920,"height":1440,"caption":"JJDD-ren zeregin sozio-ekonomiko, kultural eta ingurumenekoak landa eremuetan - portada"},{"@type":"BreadcrumbList","@id":"https:\/\/www.getariakotxakolina.eus\/fr\/jjdd-ren-zeregin-sozio-ekonomiko-kultural-eta-ingurumenekoak-landa-eremuetan\/#breadcrumb","itemListElement":[{"@type":"ListItem","position":1,"name":"Portada","item":"https:\/\/www.getariakotxakolina.eus\/fr\/"},{"@type":"ListItem","position":2,"name":"Le r\u00f4le socio\u00e9conomique, culturel et environnemental des AOC dans les zones rurales"}]},{"@type":"WebSite","@id":"https:\/\/www.getariakotxakolina.eus\/fr\/#website","url":"https:\/\/www.getariakotxakolina.eus\/fr\/","name":"Txakol\u00ed de Getaria vino blanco con D.O. Getariako txakolina","description":"El txakoli Denominaci\u00f3n de Origen Getariako Txakolina es un vino joven de graduaci\u00f3n moderada y equilibrada acidez.","publisher":{"@id":"https:\/\/www.getariakotxakolina.eus\/fr\/#organization"},"alternateName":"Getariako txakolina","potentialAction":[{"@type":"SearchAction","target":{"@type":"EntryPoint","urlTemplate":"https:\/\/www.getariakotxakolina.eus\/fr\/?s={search_term_string}"},"query-input":{"@type":"PropertyValueSpecification","valueRequired":true,"valueName":"search_term_string"}}],"inLanguage":"fr-FR"},{"@type":"Organization","@id":"https:\/\/www.getariakotxakolina.eus\/fr\/#organization","name":"Getariako Txakolina","alternateName":"Getariako Txakolina","url":"https:\/\/www.getariakotxakolina.eus\/fr\/","logo":{"@type":"ImageObject","inLanguage":"fr-FR","@id":"https:\/\/www.getariakotxakolina.eus\/fr\/#\/schema\/logo\/image\/","url":"https:\/\/www.getariakotxakolina.eus\/wp-content\/uploads\/2025\/07\/Getariako-Txakolina-Logo.svg","contentUrl":"https:\/\/www.getariakotxakolina.eus\/wp-content\/uploads\/2025\/07\/Getariako-Txakolina-Logo.svg","width":417,"height":83,"caption":"Getariako Txakolina"},"image":{"@id":"https:\/\/www.getariakotxakolina.eus\/fr\/#\/schema\/logo\/image\/"},"sameAs":["https:\/\/www.facebook.com\/GetariakoTxakolinaDO\/","https:\/\/www.instagram.com\/getariakotxakolina_do\/"]},{"@type":"Person","@id":"https:\/\/www.getariakotxakolina.eus\/fr\/#\/schema\/person\/a5e5ff3c3ef2b02a49c0908e58468d2e","name":"Sergio","image":{"@type":"ImageObject","inLanguage":"fr-FR","@id":"https:\/\/secure.gravatar.com\/avatar\/a7d1b444c33a3e9943bfdc51e89ddc19ba81f816f205cf49c0f1113bad811a11?s=96&d=mm&r=g","url":"https:\/\/secure.gravatar.com\/avatar\/a7d1b444c33a3e9943bfdc51e89ddc19ba81f816f205cf49c0f1113bad811a11?s=96&d=mm&r=g","contentUrl":"https:\/\/secure.gravatar.com\/avatar\/a7d1b444c33a3e9943bfdc51e89ddc19ba81f816f205cf49c0f1113bad811a11?s=96&d=mm&r=g","caption":"Sergio"},"sameAs":["https:\/\/wordpress-958700-4452977.cloudwaysapps.com"]}]}},"_links":{"self":[{"href":"https:\/\/www.getariakotxakolina.eus\/fr\/wp-json\/wp\/v2\/posts\/13847","targetHints":{"allow":["GET"]}}],"collection":[{"href":"https:\/\/www.getariakotxakolina.eus\/fr\/wp-json\/wp\/v2\/posts"}],"about":[{"href":"https:\/\/www.getariakotxakolina.eus\/fr\/wp-json\/wp\/v2\/types\/post"}],"author":[{"embeddable":true,"href":"https:\/\/www.getariakotxakolina.eus\/fr\/wp-json\/wp\/v2\/users\/1"}],"replies":[{"embeddable":true,"href":"https:\/\/www.getariakotxakolina.eus\/fr\/wp-json\/wp\/v2\/comments?post=13847"}],"version-history":[{"count":0,"href":"https:\/\/www.getariakotxakolina.eus\/fr\/wp-json\/wp\/v2\/posts\/13847\/revisions"}],"wp:featuredmedia":[{"embeddable":true,"href":"https:\/\/www.getariakotxakolina.eus\/fr\/wp-json\/wp\/v2\/media\/13848"}],"wp:attachment":[{"href":"https:\/\/www.getariakotxakolina.eus\/fr\/wp-json\/wp\/v2\/media?parent=13847"}],"wp:term":[{"taxonomy":"category","embeddable":true,"href":"https:\/\/www.getariakotxakolina.eus\/fr\/wp-json\/wp\/v2\/categories?post=13847"},{"taxonomy":"post_tag","embeddable":true,"href":"https:\/\/www.getariakotxakolina.eus\/fr\/wp-json\/wp\/v2\/tags?post=13847"}],"curies":[{"name":"wp","href":"https:\/\/api.w.org\/{rel}","templated":true}]}}