{"id":13795,"date":"2021-05-26T12:00:00","date_gmt":"2021-05-26T10:00:00","guid":{"rendered":"https:\/\/www.getariakotxakolina.eus\/nola-ebaluatzen-da-getariako-txakolinaren-kalitatea\/"},"modified":"2025-12-24T14:44:22","modified_gmt":"2025-12-24T13:44:22","slug":"comment-evalue-t-on-la-qualite-sensorielle-du-txakoli-de-getaria","status":"publish","type":"post","link":"https:\/\/www.getariakotxakolina.eus\/fr\/comment-evalue-t-on-la-qualite-sensorielle-du-txakoli-de-getaria\/","title":{"rendered":"Comment \u00e9value-t-on la qualit\u00e9 sensorielle du Txakoli de Getaria?"},"content":{"rendered":"\n<div class=\"contenedor-blog\">\n<p class=\"gb-text destacado-blog\">L\u2019Appellation d\u2019Origine Getariako Txakolina travaille avec LASEHU, un laboratoire certifi\u00e9 par l\u2019organisme espagnol de certification ENAC pour la norme UNE-EN ISO\/IEC 17025, afin de proc\u00e9der \u00e0 l\u2019\u00e9valuation sensorielle du Txakoli de Getaria et d\u2019attester sa conformit\u00e9 aux exigences du R\u00e8glement de l\u2019Appellation. Dans cet article, nous vous expliquons dans le d\u00e9tail ce processus fondamental pour pr\u00e9server la qualit\u00e9 d\u2019un produit local et unique comme notre Getariako Txakolina.<\/p>\n\n\n\n<p>Au cours des audits de la Fondation\u00a0<a href=\"https:\/\/www.hazi.eus\/es\/\" target=\"_blank\" rel=\"noreferrer noopener\">HAZI<\/a>, organisme de contr\u00f4le engag\u00e9 par l\u2019AOC Getariako Txakolina, des \u00e9chantillons des diff\u00e9rentes \u00e9laborations des\u00a0<a href=\"https:\/\/www.getariakotxakolina.eus\/fr\/caves\/\">caves inscrites<\/a>\u00a0sont pr\u00e9lev\u00e9s pour leur analyse sensorielle par les techniciens d\u2019\u00e9valuation du\u00a0<a href=\"https:\/\/www.ehu.eus\/es\/web\/lasehu\" target=\"_blank\" rel=\"noreferrer noopener\">LASEHU<\/a>\u00a0(Laboratoire d\u2019Analyse sensorielle de l\u2019Universit\u00e9 du Pays basque).\u00a0<\/p>\n\n\n\n<p>L\u2019analyse des \u00e9chantillons est effectu\u00e9e \u00e0 chaque s\u00e9ance par huit experts en \u00e9valuation sensorielle. Pour obtenir la qualification d\u2019expert en \u00e9valuation sensorielle, les candidats doivent d\u2019abord passer des \u00e9preuves de s\u00e9lection et r\u00e9aliser une formation \u00e9l\u00e9mentaire. Ensuite, ils doivent suivre un entra\u00eenement sp\u00e9cifique pour l\u2019\u00e9valuation du produit, qui aboutit aux \u00e9preuves de qualification ou examen final. On \u00e9value aussi \u00e0 chaque s\u00e9ance la performance de chaque d\u00e9gustateur ainsi que celle de l\u2019ensemble du panel.<\/p>\n\n\n\n<p>Avant de proc\u00e9der \u00e0 l\u2019\u00e9valuation sensorielle, une s\u00e9ance d\u2019harmonisation est organis\u00e9e pour que les experts \u00e9valuent un ou deux \u00e9chantillons et \u00e9mettent leurs commentaires en groupe.&nbsp;<\/p>\n\n\n\n<h3 class=\"gb-text h3-blog\">Les membres du panel d\u2019\u00e9valuation doivent respecter les normes suivantes:<\/h3>\n\n\n\n<ul class=\"wp-block-list\">\n<li>\u00catre ponctuel<\/li>\n\n\n\n<li>Ne consommer aucun produit ayant une forte r\u00e9manence (chewing-gum, r\u00e9glisse, bonbons, caf\u00e9, th\u00e9 ou tabac) dans les 30 minutes au moins pr\u00e9c\u00e9dant la d\u00e9gustation<\/li>\n\n\n\n<li>Ne pas s\u2019appliquer le jour des s\u00e9ances, pour la toilette ou dans l\u2019habillement, des produits cosm\u00e9tiques \u00e0 fortes odeurs ou odeurs r\u00e9siduelles \u2013 savons, lotions, cr\u00e8mes, parfums, d\u00e9odorants, etc.<\/li>\n\n\n\n<li>\u00catre repos\u00e9 et avoir l\u2019esprit clair<\/li>\n\n\n\n<li>On ne participera pas \u00e0 l\u2019\u00e9valuation dans les cas suivants\u00a0: grossesse, rhume, congestion nasale, mal de t\u00eate, etc.<\/li>\n<\/ul>\n\n\n\n<p>L\u2019\u00e9valuation des \u00e9chantillons de txakoli a lieu dans des cabines individuelles \u00e0 l\u2019int\u00e9rieur de la salle de d\u00e9gustation. Le nombre maximum d\u2019\u00e9chantillons \u00e9valu\u00e9s par session est de 12.<\/p>\n\n\n\n<h2 class=\"gb-text h2-blog\">Zer parametro ebaluatzen dira dastatze sentsorialetan?<\/h2>\n\n\n\n<p>La m\u00e9thode consiste \u00e0 identifier des descripteurs et\/ou des d\u00e9fauts et\/ou aspects pour sept crit\u00e8res \u00e9valu\u00e9s:<\/p>\n\n\n\n<ol class=\"wp-block-list\">\n<li>Intensit\u00e9 d\u2019odeur<\/li>\n\n\n\n<li>Complexit\u00e9 d\u2019odeur<\/li>\n\n\n\n<li>Intensit\u00e9 d\u2019ar\u00f4me<\/li>\n\n\n\n<li>Complexit\u00e9 d\u2019ar\u00f4me<\/li>\n\n\n\n<li>\u00c9quilibre-corps<\/li>\n\n\n\n<li>Persistance globale<\/li>\n\n\n\n<li>Apparence<\/li>\n<\/ol>\n\n\n\n<p>Ensuite, suivant les crit\u00e8res indiqu\u00e9s dans des arbres de d\u00e9cision, une note de qualit\u00e9 sensorielle est attribu\u00e9e selon une \u00e9chelle discontinue de 5 points. Dans cette \u00e9chelle, la note \u00ab&nbsp;1&nbsp;\u00bb correspond \u00e0 une&nbsp;\u00ab&nbsp;qualit\u00e9 nulle&nbsp;\u00bb, la \u00ab&nbsp;3&nbsp;\u00bb \u00e0 une qualit\u00e9 moyenne et la \u00ab&nbsp;5&nbsp;\u00bb \u00e0 une \u00ab&nbsp;qualit\u00e9 maximale&nbsp;\u00bb.<\/p>\n\n\n\n<p>Tout d\u2019abord, on \u00e9value sur tous les \u00e9chantillons les crit\u00e8res olfacto-gustatifs (intensit\u00e9 d\u2019odeur, complexit\u00e9 d\u2019odeur, intensit\u00e9 d\u2019ar\u00f4me, complexit\u00e9 d\u2019ar\u00f4me, \u00e9quilibre-corps et persistance globale), et ensuite, l\u2019apparence. Dans l\u2019\u00e9valuation des crit\u00e8res olfacto-gustatifs, le d\u00e9gustateur expert doit attendre une minute entre chaque \u00e9chantillon.<\/p>\n\n\n\n<p>La temp\u00e9rature de service de l\u2019\u00e9chantillon est de 10\u00b12 \u00baC. Les crit\u00e8res olfacto-gustatifs sont \u00e9valu\u00e9s dans des verres de d\u00e9gustation noirs et l\u2019apparence dans des verres transparents.<\/p>\n\n\n\n<p>* M\u00e9thodologie publi\u00e9e dans la revue de divulgation scientifique&nbsp;:<\/p>\n\n\n\n<p>Etaio, P.F. Gil, M. Ojeda, M. Albisu, J. Salmer\u00f3n, F.J. P\u00e9rez Elortondo (2012).\u00a0<a href=\"https:\/\/www.sciencedirect.com\/science\/article\/abs\/pii\/S0950329311000528\" target=\"_blank\" rel=\"noreferrer noopener\">Improvement of sensory quality control in PDO products: an example with txakoli white wine from Bizkaia<\/a>. Food Quality and Preference, 23, 138-147.<\/p>\n\n\n\n<h3 class=\"gb-text h3-blog\">En savoir plus:<\/h3>\n\n\n\n<p><a href=\"https:\/\/www.ehu.eus\/es\/web\/lasehu\/txakoli\" target=\"_blank\" rel=\"noreferrer noopener\">https:\/\/www.ehu.eus\/es\/web\/lasehu\/txakoli<\/a><\/p>\n\n\n\n<img loading=\"lazy\" decoding=\"async\" width=\"900\" height=\"600\" class=\"gb-media-2faac7f2\" alt=\"Evaluacion-calidad-Getariako-Txakolina\" src=\"https:\/\/www.getariakotxakolina.eus\/wp-content\/uploads\/2025\/11\/Evaluacion-calidad-Getariako-Txakolina.jpg\" title=\"Evaluacion-calidad-Getariako-Txakolina\" srcset=\"https:\/\/www.getariakotxakolina.eus\/wp-content\/uploads\/2025\/11\/Evaluacion-calidad-Getariako-Txakolina.jpg 900w, https:\/\/www.getariakotxakolina.eus\/wp-content\/uploads\/2025\/11\/Evaluacion-calidad-Getariako-Txakolina-300x200.jpg 300w, https:\/\/www.getariakotxakolina.eus\/wp-content\/uploads\/2025\/11\/Evaluacion-calidad-Getariako-Txakolina-768x512.jpg 768w\" sizes=\"auto, (max-width: 900px) 100vw, 900px\" \/>\n<\/div>\n","protected":false},"excerpt":{"rendered":"<p>L\u2019Appellation d\u2019Origine Getariako Txakolina travaille avec LASEHU, un laboratoire certifi\u00e9 par l\u2019organisme espagnol de certification ENAC pour la norme UNE-EN ISO\/IEC 17025, afin de proc\u00e9der \u00e0 l\u2019\u00e9valuation sensorielle du Txakoli de Getaria et d\u2019attester sa conformit\u00e9 aux exigences du R\u00e8glement de l\u2019Appellation. Dans cet article, nous vous expliquons dans le d\u00e9tail ce processus fondamental pour &#8230; <a title=\"Comment \u00e9value-t-on la qualit\u00e9 sensorielle du Txakoli de Getaria?\" class=\"read-more\" href=\"https:\/\/www.getariakotxakolina.eus\/fr\/comment-evalue-t-on-la-qualite-sensorielle-du-txakoli-de-getaria\/\" aria-label=\"En savoir plus sur Comment \u00e9value-t-on la qualit\u00e9 sensorielle du Txakoli de Getaria?\">Lire plus<\/a><\/p>\n","protected":false},"author":1,"featured_media":13796,"comment_status":"closed","ping_status":"open","sticky":false,"template":"","format":"standard","meta":{"_acf_changed":false,"footnotes":""},"categories":[31],"tags":[],"class_list":["post-13795","post","type-post","status-publish","format-standard","has-post-thumbnail","hentry","category-berriak","resize-featured-image"],"acf":[],"yoast_head":"<!-- This site is optimized with the Yoast SEO plugin v27.4 - https:\/\/yoast.com\/product\/yoast-seo-wordpress\/ -->\n<title>Comment \u00e9value-t-on la qualit\u00e9 sensorielle du Txakoli de Getaria? - Getariako Txakolina<\/title>\n<meta name=\"description\" content=\"Explication d\u00e9taill\u00e9ed&#039;un processus fondamental pour pr\u00e9server la qualit\u00e9 d\u2019un produit local et unique comme notre Getariako Txakolina.\" \/>\n<meta name=\"robots\" content=\"index, follow, max-snippet:-1, max-image-preview:large, max-video-preview:-1\" \/>\n<link rel=\"canonical\" href=\"https:\/\/www.getariakotxakolina.eus\/fr\/comment-evalue-t-on-la-qualite-sensorielle-du-txakoli-de-getaria\/\" \/>\n<meta property=\"og:locale\" content=\"fr_FR\" \/>\n<meta property=\"og:type\" content=\"article\" \/>\n<meta property=\"og:title\" content=\"Comment \u00e9value-t-on la qualit\u00e9 sensorielle du Txakoli de Getaria? - Getariako Txakolina\" \/>\n<meta property=\"og:description\" content=\"Explication d\u00e9taill\u00e9ed&#039;un processus fondamental pour pr\u00e9server la qualit\u00e9 d\u2019un produit local et unique comme notre Getariako Txakolina.\" \/>\n<meta property=\"og:url\" content=\"https:\/\/www.getariakotxakolina.eus\/fr\/comment-evalue-t-on-la-qualite-sensorielle-du-txakoli-de-getaria\/\" \/>\n<meta property=\"og:site_name\" content=\"Getariako Txakolina\" \/>\n<meta property=\"article:publisher\" content=\"https:\/\/www.facebook.com\/GetariakoTxakolinaDO\/\" \/>\n<meta property=\"article:published_time\" content=\"2021-05-26T10:00:00+00:00\" \/>\n<meta property=\"article:modified_time\" content=\"2025-12-24T13:44:22+00:00\" \/>\n<meta property=\"og:image\" content=\"https:\/\/www.getariakotxakolina.eus\/wp-content\/uploads\/2025\/11\/Catas-Lasehu-Getariako-txakolina.jpg\" \/>\n\t<meta property=\"og:image:width\" content=\"900\" \/>\n\t<meta property=\"og:image:height\" content=\"600\" \/>\n\t<meta property=\"og:image:type\" content=\"image\/jpeg\" \/>\n<meta name=\"author\" content=\"Sergio\" \/>\n<meta name=\"twitter:card\" content=\"summary_large_image\" \/>\n<meta name=\"twitter:label1\" content=\"\u00c9crit par\" \/>\n\t<meta name=\"twitter:data1\" content=\"Sergio\" \/>\n\t<meta name=\"twitter:label2\" content=\"Dur\u00e9e de lecture estim\u00e9e\" \/>\n\t<meta name=\"twitter:data2\" content=\"3 minutes\" \/>\n<script type=\"application\/ld+json\" class=\"yoast-schema-graph\">{\"@context\":\"https:\\\/\\\/schema.org\",\"@graph\":[{\"@type\":\"Article\",\"@id\":\"https:\\\/\\\/www.getariakotxakolina.eus\\\/fr\\\/comment-evalue-t-on-la-qualite-sensorielle-du-txakoli-de-getaria\\\/#article\",\"isPartOf\":{\"@id\":\"https:\\\/\\\/www.getariakotxakolina.eus\\\/fr\\\/comment-evalue-t-on-la-qualite-sensorielle-du-txakoli-de-getaria\\\/\"},\"author\":{\"name\":\"Sergio\",\"@id\":\"https:\\\/\\\/www.getariakotxakolina.eus\\\/fr\\\/#\\\/schema\\\/person\\\/a5e5ff3c3ef2b02a49c0908e58468d2e\"},\"headline\":\"Comment \u00e9value-t-on la qualit\u00e9 sensorielle du Txakoli de Getaria?\",\"datePublished\":\"2021-05-26T10:00:00+00:00\",\"dateModified\":\"2025-12-24T13:44:22+00:00\",\"mainEntityOfPage\":{\"@id\":\"https:\\\/\\\/www.getariakotxakolina.eus\\\/fr\\\/comment-evalue-t-on-la-qualite-sensorielle-du-txakoli-de-getaria\\\/\"},\"wordCount\":633,\"publisher\":{\"@id\":\"https:\\\/\\\/www.getariakotxakolina.eus\\\/fr\\\/#organization\"},\"image\":{\"@id\":\"https:\\\/\\\/www.getariakotxakolina.eus\\\/fr\\\/comment-evalue-t-on-la-qualite-sensorielle-du-txakoli-de-getaria\\\/#primaryimage\"},\"thumbnailUrl\":\"https:\\\/\\\/www.getariakotxakolina.eus\\\/wp-content\\\/uploads\\\/2025\\\/11\\\/Catas-Lasehu-Getariako-txakolina.jpg\",\"articleSection\":[\"Berriak\"],\"inLanguage\":\"fr-FR\"},{\"@type\":\"WebPage\",\"@id\":\"https:\\\/\\\/www.getariakotxakolina.eus\\\/fr\\\/comment-evalue-t-on-la-qualite-sensorielle-du-txakoli-de-getaria\\\/\",\"url\":\"https:\\\/\\\/www.getariakotxakolina.eus\\\/fr\\\/comment-evalue-t-on-la-qualite-sensorielle-du-txakoli-de-getaria\\\/\",\"name\":\"Comment \u00e9value-t-on la qualit\u00e9 sensorielle du Txakoli de Getaria? - Getariako Txakolina\",\"isPartOf\":{\"@id\":\"https:\\\/\\\/www.getariakotxakolina.eus\\\/fr\\\/#website\"},\"primaryImageOfPage\":{\"@id\":\"https:\\\/\\\/www.getariakotxakolina.eus\\\/fr\\\/comment-evalue-t-on-la-qualite-sensorielle-du-txakoli-de-getaria\\\/#primaryimage\"},\"image\":{\"@id\":\"https:\\\/\\\/www.getariakotxakolina.eus\\\/fr\\\/comment-evalue-t-on-la-qualite-sensorielle-du-txakoli-de-getaria\\\/#primaryimage\"},\"thumbnailUrl\":\"https:\\\/\\\/www.getariakotxakolina.eus\\\/wp-content\\\/uploads\\\/2025\\\/11\\\/Catas-Lasehu-Getariako-txakolina.jpg\",\"datePublished\":\"2021-05-26T10:00:00+00:00\",\"dateModified\":\"2025-12-24T13:44:22+00:00\",\"description\":\"Explication d\u00e9taill\u00e9ed'un processus fondamental pour pr\u00e9server la qualit\u00e9 d\u2019un produit local et unique comme notre Getariako Txakolina.\",\"breadcrumb\":{\"@id\":\"https:\\\/\\\/www.getariakotxakolina.eus\\\/fr\\\/comment-evalue-t-on-la-qualite-sensorielle-du-txakoli-de-getaria\\\/#breadcrumb\"},\"inLanguage\":\"fr-FR\",\"potentialAction\":[{\"@type\":\"ReadAction\",\"target\":[\"https:\\\/\\\/www.getariakotxakolina.eus\\\/fr\\\/comment-evalue-t-on-la-qualite-sensorielle-du-txakoli-de-getaria\\\/\"]}]},{\"@type\":\"ImageObject\",\"inLanguage\":\"fr-FR\",\"@id\":\"https:\\\/\\\/www.getariakotxakolina.eus\\\/fr\\\/comment-evalue-t-on-la-qualite-sensorielle-du-txakoli-de-getaria\\\/#primaryimage\",\"url\":\"https:\\\/\\\/www.getariakotxakolina.eus\\\/wp-content\\\/uploads\\\/2025\\\/11\\\/Catas-Lasehu-Getariako-txakolina.jpg\",\"contentUrl\":\"https:\\\/\\\/www.getariakotxakolina.eus\\\/wp-content\\\/uploads\\\/2025\\\/11\\\/Catas-Lasehu-Getariako-txakolina.jpg\",\"width\":900,\"height\":600,\"caption\":\"Catas-Lasehu-Getariako-txakolina\"},{\"@type\":\"BreadcrumbList\",\"@id\":\"https:\\\/\\\/www.getariakotxakolina.eus\\\/fr\\\/comment-evalue-t-on-la-qualite-sensorielle-du-txakoli-de-getaria\\\/#breadcrumb\",\"itemListElement\":[{\"@type\":\"ListItem\",\"position\":1,\"name\":\"Portada\",\"item\":\"https:\\\/\\\/www.getariakotxakolina.eus\\\/fr\\\/\"},{\"@type\":\"ListItem\",\"position\":2,\"name\":\"Comment \u00e9value-t-on la qualit\u00e9 sensorielle du Txakoli de Getaria?\"}]},{\"@type\":\"WebSite\",\"@id\":\"https:\\\/\\\/www.getariakotxakolina.eus\\\/fr\\\/#website\",\"url\":\"https:\\\/\\\/www.getariakotxakolina.eus\\\/fr\\\/\",\"name\":\"Txakol\u00ed de Getaria vino blanco con D.O. Getariako txakolina\",\"description\":\"El txakoli Denominaci\u00f3n de Origen Getariako Txakolina es un vino joven de graduaci\u00f3n moderada y equilibrada acidez.\",\"publisher\":{\"@id\":\"https:\\\/\\\/www.getariakotxakolina.eus\\\/fr\\\/#organization\"},\"alternateName\":\"Getariako txakolina\",\"potentialAction\":[{\"@type\":\"SearchAction\",\"target\":{\"@type\":\"EntryPoint\",\"urlTemplate\":\"https:\\\/\\\/www.getariakotxakolina.eus\\\/fr\\\/?s={search_term_string}\"},\"query-input\":{\"@type\":\"PropertyValueSpecification\",\"valueRequired\":true,\"valueName\":\"search_term_string\"}}],\"inLanguage\":\"fr-FR\"},{\"@type\":\"Organization\",\"@id\":\"https:\\\/\\\/www.getariakotxakolina.eus\\\/fr\\\/#organization\",\"name\":\"Getariako Txakolina\",\"alternateName\":\"Getariako Txakolina\",\"url\":\"https:\\\/\\\/www.getariakotxakolina.eus\\\/fr\\\/\",\"logo\":{\"@type\":\"ImageObject\",\"inLanguage\":\"fr-FR\",\"@id\":\"https:\\\/\\\/www.getariakotxakolina.eus\\\/fr\\\/#\\\/schema\\\/logo\\\/image\\\/\",\"url\":\"https:\\\/\\\/www.getariakotxakolina.eus\\\/wp-content\\\/uploads\\\/2025\\\/07\\\/Getariako-Txakolina-Logo.svg\",\"contentUrl\":\"https:\\\/\\\/www.getariakotxakolina.eus\\\/wp-content\\\/uploads\\\/2025\\\/07\\\/Getariako-Txakolina-Logo.svg\",\"width\":417,\"height\":83,\"caption\":\"Getariako Txakolina\"},\"image\":{\"@id\":\"https:\\\/\\\/www.getariakotxakolina.eus\\\/fr\\\/#\\\/schema\\\/logo\\\/image\\\/\"},\"sameAs\":[\"https:\\\/\\\/www.facebook.com\\\/GetariakoTxakolinaDO\\\/\",\"https:\\\/\\\/www.instagram.com\\\/getariakotxakolina_do\\\/\"]},{\"@type\":\"Person\",\"@id\":\"https:\\\/\\\/www.getariakotxakolina.eus\\\/fr\\\/#\\\/schema\\\/person\\\/a5e5ff3c3ef2b02a49c0908e58468d2e\",\"name\":\"Sergio\",\"image\":{\"@type\":\"ImageObject\",\"inLanguage\":\"fr-FR\",\"@id\":\"https:\\\/\\\/secure.gravatar.com\\\/avatar\\\/a7d1b444c33a3e9943bfdc51e89ddc19ba81f816f205cf49c0f1113bad811a11?s=96&d=mm&r=g\",\"url\":\"https:\\\/\\\/secure.gravatar.com\\\/avatar\\\/a7d1b444c33a3e9943bfdc51e89ddc19ba81f816f205cf49c0f1113bad811a11?s=96&d=mm&r=g\",\"contentUrl\":\"https:\\\/\\\/secure.gravatar.com\\\/avatar\\\/a7d1b444c33a3e9943bfdc51e89ddc19ba81f816f205cf49c0f1113bad811a11?s=96&d=mm&r=g\",\"caption\":\"Sergio\"},\"sameAs\":[\"https:\\\/\\\/wordpress-958700-4452977.cloudwaysapps.com\"]}]}<\/script>\n<!-- \/ Yoast SEO plugin. -->","yoast_head_json":{"title":"Comment \u00e9value-t-on la qualit\u00e9 sensorielle du Txakoli de Getaria? - Getariako Txakolina","description":"Explication d\u00e9taill\u00e9ed'un processus fondamental pour pr\u00e9server la qualit\u00e9 d\u2019un produit local et unique comme notre Getariako Txakolina.","robots":{"index":"index","follow":"follow","max-snippet":"max-snippet:-1","max-image-preview":"max-image-preview:large","max-video-preview":"max-video-preview:-1"},"canonical":"https:\/\/www.getariakotxakolina.eus\/fr\/comment-evalue-t-on-la-qualite-sensorielle-du-txakoli-de-getaria\/","og_locale":"fr_FR","og_type":"article","og_title":"Comment \u00e9value-t-on la qualit\u00e9 sensorielle du Txakoli de Getaria? - Getariako Txakolina","og_description":"Explication d\u00e9taill\u00e9ed'un processus fondamental pour pr\u00e9server la qualit\u00e9 d\u2019un produit local et unique comme notre Getariako Txakolina.","og_url":"https:\/\/www.getariakotxakolina.eus\/fr\/comment-evalue-t-on-la-qualite-sensorielle-du-txakoli-de-getaria\/","og_site_name":"Getariako Txakolina","article_publisher":"https:\/\/www.facebook.com\/GetariakoTxakolinaDO\/","article_published_time":"2021-05-26T10:00:00+00:00","article_modified_time":"2025-12-24T13:44:22+00:00","og_image":[{"width":900,"height":600,"url":"https:\/\/www.getariakotxakolina.eus\/wp-content\/uploads\/2025\/11\/Catas-Lasehu-Getariako-txakolina.jpg","type":"image\/jpeg"}],"author":"Sergio","twitter_card":"summary_large_image","twitter_misc":{"\u00c9crit par":"Sergio","Dur\u00e9e de lecture estim\u00e9e":"3 minutes"},"schema":{"@context":"https:\/\/schema.org","@graph":[{"@type":"Article","@id":"https:\/\/www.getariakotxakolina.eus\/fr\/comment-evalue-t-on-la-qualite-sensorielle-du-txakoli-de-getaria\/#article","isPartOf":{"@id":"https:\/\/www.getariakotxakolina.eus\/fr\/comment-evalue-t-on-la-qualite-sensorielle-du-txakoli-de-getaria\/"},"author":{"name":"Sergio","@id":"https:\/\/www.getariakotxakolina.eus\/fr\/#\/schema\/person\/a5e5ff3c3ef2b02a49c0908e58468d2e"},"headline":"Comment \u00e9value-t-on la qualit\u00e9 sensorielle du Txakoli de Getaria?","datePublished":"2021-05-26T10:00:00+00:00","dateModified":"2025-12-24T13:44:22+00:00","mainEntityOfPage":{"@id":"https:\/\/www.getariakotxakolina.eus\/fr\/comment-evalue-t-on-la-qualite-sensorielle-du-txakoli-de-getaria\/"},"wordCount":633,"publisher":{"@id":"https:\/\/www.getariakotxakolina.eus\/fr\/#organization"},"image":{"@id":"https:\/\/www.getariakotxakolina.eus\/fr\/comment-evalue-t-on-la-qualite-sensorielle-du-txakoli-de-getaria\/#primaryimage"},"thumbnailUrl":"https:\/\/www.getariakotxakolina.eus\/wp-content\/uploads\/2025\/11\/Catas-Lasehu-Getariako-txakolina.jpg","articleSection":["Berriak"],"inLanguage":"fr-FR"},{"@type":"WebPage","@id":"https:\/\/www.getariakotxakolina.eus\/fr\/comment-evalue-t-on-la-qualite-sensorielle-du-txakoli-de-getaria\/","url":"https:\/\/www.getariakotxakolina.eus\/fr\/comment-evalue-t-on-la-qualite-sensorielle-du-txakoli-de-getaria\/","name":"Comment \u00e9value-t-on la qualit\u00e9 sensorielle du Txakoli de Getaria? - Getariako Txakolina","isPartOf":{"@id":"https:\/\/www.getariakotxakolina.eus\/fr\/#website"},"primaryImageOfPage":{"@id":"https:\/\/www.getariakotxakolina.eus\/fr\/comment-evalue-t-on-la-qualite-sensorielle-du-txakoli-de-getaria\/#primaryimage"},"image":{"@id":"https:\/\/www.getariakotxakolina.eus\/fr\/comment-evalue-t-on-la-qualite-sensorielle-du-txakoli-de-getaria\/#primaryimage"},"thumbnailUrl":"https:\/\/www.getariakotxakolina.eus\/wp-content\/uploads\/2025\/11\/Catas-Lasehu-Getariako-txakolina.jpg","datePublished":"2021-05-26T10:00:00+00:00","dateModified":"2025-12-24T13:44:22+00:00","description":"Explication d\u00e9taill\u00e9ed'un processus fondamental pour pr\u00e9server la qualit\u00e9 d\u2019un produit local et unique comme notre Getariako Txakolina.","breadcrumb":{"@id":"https:\/\/www.getariakotxakolina.eus\/fr\/comment-evalue-t-on-la-qualite-sensorielle-du-txakoli-de-getaria\/#breadcrumb"},"inLanguage":"fr-FR","potentialAction":[{"@type":"ReadAction","target":["https:\/\/www.getariakotxakolina.eus\/fr\/comment-evalue-t-on-la-qualite-sensorielle-du-txakoli-de-getaria\/"]}]},{"@type":"ImageObject","inLanguage":"fr-FR","@id":"https:\/\/www.getariakotxakolina.eus\/fr\/comment-evalue-t-on-la-qualite-sensorielle-du-txakoli-de-getaria\/#primaryimage","url":"https:\/\/www.getariakotxakolina.eus\/wp-content\/uploads\/2025\/11\/Catas-Lasehu-Getariako-txakolina.jpg","contentUrl":"https:\/\/www.getariakotxakolina.eus\/wp-content\/uploads\/2025\/11\/Catas-Lasehu-Getariako-txakolina.jpg","width":900,"height":600,"caption":"Catas-Lasehu-Getariako-txakolina"},{"@type":"BreadcrumbList","@id":"https:\/\/www.getariakotxakolina.eus\/fr\/comment-evalue-t-on-la-qualite-sensorielle-du-txakoli-de-getaria\/#breadcrumb","itemListElement":[{"@type":"ListItem","position":1,"name":"Portada","item":"https:\/\/www.getariakotxakolina.eus\/fr\/"},{"@type":"ListItem","position":2,"name":"Comment \u00e9value-t-on la qualit\u00e9 sensorielle du Txakoli de Getaria?"}]},{"@type":"WebSite","@id":"https:\/\/www.getariakotxakolina.eus\/fr\/#website","url":"https:\/\/www.getariakotxakolina.eus\/fr\/","name":"Txakol\u00ed de Getaria vino blanco con D.O. Getariako txakolina","description":"El txakoli Denominaci\u00f3n de Origen Getariako Txakolina es un vino joven de graduaci\u00f3n moderada y equilibrada acidez.","publisher":{"@id":"https:\/\/www.getariakotxakolina.eus\/fr\/#organization"},"alternateName":"Getariako txakolina","potentialAction":[{"@type":"SearchAction","target":{"@type":"EntryPoint","urlTemplate":"https:\/\/www.getariakotxakolina.eus\/fr\/?s={search_term_string}"},"query-input":{"@type":"PropertyValueSpecification","valueRequired":true,"valueName":"search_term_string"}}],"inLanguage":"fr-FR"},{"@type":"Organization","@id":"https:\/\/www.getariakotxakolina.eus\/fr\/#organization","name":"Getariako Txakolina","alternateName":"Getariako Txakolina","url":"https:\/\/www.getariakotxakolina.eus\/fr\/","logo":{"@type":"ImageObject","inLanguage":"fr-FR","@id":"https:\/\/www.getariakotxakolina.eus\/fr\/#\/schema\/logo\/image\/","url":"https:\/\/www.getariakotxakolina.eus\/wp-content\/uploads\/2025\/07\/Getariako-Txakolina-Logo.svg","contentUrl":"https:\/\/www.getariakotxakolina.eus\/wp-content\/uploads\/2025\/07\/Getariako-Txakolina-Logo.svg","width":417,"height":83,"caption":"Getariako Txakolina"},"image":{"@id":"https:\/\/www.getariakotxakolina.eus\/fr\/#\/schema\/logo\/image\/"},"sameAs":["https:\/\/www.facebook.com\/GetariakoTxakolinaDO\/","https:\/\/www.instagram.com\/getariakotxakolina_do\/"]},{"@type":"Person","@id":"https:\/\/www.getariakotxakolina.eus\/fr\/#\/schema\/person\/a5e5ff3c3ef2b02a49c0908e58468d2e","name":"Sergio","image":{"@type":"ImageObject","inLanguage":"fr-FR","@id":"https:\/\/secure.gravatar.com\/avatar\/a7d1b444c33a3e9943bfdc51e89ddc19ba81f816f205cf49c0f1113bad811a11?s=96&d=mm&r=g","url":"https:\/\/secure.gravatar.com\/avatar\/a7d1b444c33a3e9943bfdc51e89ddc19ba81f816f205cf49c0f1113bad811a11?s=96&d=mm&r=g","contentUrl":"https:\/\/secure.gravatar.com\/avatar\/a7d1b444c33a3e9943bfdc51e89ddc19ba81f816f205cf49c0f1113bad811a11?s=96&d=mm&r=g","caption":"Sergio"},"sameAs":["https:\/\/wordpress-958700-4452977.cloudwaysapps.com"]}]}},"_links":{"self":[{"href":"https:\/\/www.getariakotxakolina.eus\/fr\/wp-json\/wp\/v2\/posts\/13795","targetHints":{"allow":["GET"]}}],"collection":[{"href":"https:\/\/www.getariakotxakolina.eus\/fr\/wp-json\/wp\/v2\/posts"}],"about":[{"href":"https:\/\/www.getariakotxakolina.eus\/fr\/wp-json\/wp\/v2\/types\/post"}],"author":[{"embeddable":true,"href":"https:\/\/www.getariakotxakolina.eus\/fr\/wp-json\/wp\/v2\/users\/1"}],"replies":[{"embeddable":true,"href":"https:\/\/www.getariakotxakolina.eus\/fr\/wp-json\/wp\/v2\/comments?post=13795"}],"version-history":[{"count":0,"href":"https:\/\/www.getariakotxakolina.eus\/fr\/wp-json\/wp\/v2\/posts\/13795\/revisions"}],"wp:featuredmedia":[{"embeddable":true,"href":"https:\/\/www.getariakotxakolina.eus\/fr\/wp-json\/wp\/v2\/media\/13796"}],"wp:attachment":[{"href":"https:\/\/www.getariakotxakolina.eus\/fr\/wp-json\/wp\/v2\/media?parent=13795"}],"wp:term":[{"taxonomy":"category","embeddable":true,"href":"https:\/\/www.getariakotxakolina.eus\/fr\/wp-json\/wp\/v2\/categories?post=13795"},{"taxonomy":"post_tag","embeddable":true,"href":"https:\/\/www.getariakotxakolina.eus\/fr\/wp-json\/wp\/v2\/tags?post=13795"}],"curies":[{"name":"wp","href":"https:\/\/api.w.org\/{rel}","templated":true}]}}