{"id":13727,"date":"2025-01-23T16:06:00","date_gmt":"2025-01-23T15:06:00","guid":{"rendered":"https:\/\/www.getariakotxakolina.eus\/getariako-txakolinaren-35-uztaren-aurkezpena\/"},"modified":"2025-12-23T16:55:13","modified_gmt":"2025-12-23T15:55:13","slug":"presentation-de-la-35e-recolte-de-getariako-txakolina","status":"publish","type":"post","link":"https:\/\/www.getariakotxakolina.eus\/fr\/presentation-de-la-35e-recolte-de-getariako-txakolina\/","title":{"rendered":"Pr\u00e9sentation de la 35e r\u00e9colte de Getariako Txakolina pour la f\u00eate de San Ant\u00f3n, \u00e0 Getaria"},"content":{"rendered":"\n<div class=\"contenedor-blog\">\n<p class=\"gb-text destacado-blog\">La pr\u00e9sentation de la r\u00e9colte\u00a02024, la 35e b\u00e9n\u00e9ficiant d\u2019un sceau de garantie num\u00e9rot\u00e9, a eu lieu ce 17 janvier.\u00a0Le Mahasti Jaun a \u00e9t\u00e9 remis \u00e0 la Kofradia Itsas Etxea lors de la c\u00e9r\u00e9monie qui s\u2019est tenue au Mus\u00e9e Balenciaga, en reconnaissance du travail r\u00e9alis\u00e9 pour faire conna\u00eetre les poissons issus de la p\u00eache c\u00f4ti\u00e8re et les produis locaux, et tout particuli\u00e8rement le Txakoli de Getaria qui les accompagne \u00e0 la perfection.<\/p>\n\n\n\n<p>Comme chaque ann\u00e9e, les diff\u00e9rents chais et institutions se sont r\u00e9unis \u00e0 la San Ant\u00f3n pour une\u00a0<strong>br\u00e8ve<\/strong>\u00a0<strong>c\u00e9r\u00e9monie priv\u00e9e au Mus\u00e9e Balenciaga, suivie d\u2019un rassemblement public sur le fronton de Getaria\u00a0<\/strong>au cours duquel les participants au Txakolin Eguna ont pu appr\u00e9cier les txakolis des 24\u00a0chais de Getariako Txakolina dans une ambiance festive.<\/p>\n\n\n\n<img loading=\"lazy\" decoding=\"async\" width=\"1400\" height=\"933\" class=\"gb-media-b69bf454\" alt=\"Getariako Txakolinaren 35 uztaren aurkezpena Getariako San Anton Egunean 01\" src=\"https:\/\/www.getariakotxakolina.eus\/wp-content\/uploads\/2025\/11\/Getariako-Txakolinaren-35-uztaren-aurkezpena-Getariako-San-Anton-Egunean-01.jpg\" title=\"Getariako Txakolinaren 35 uztaren aurkezpena Getariako San Anton Egunean 01\" srcset=\"https:\/\/www.getariakotxakolina.eus\/wp-content\/uploads\/2025\/11\/Getariako-Txakolinaren-35-uztaren-aurkezpena-Getariako-San-Anton-Egunean-01.jpg 1400w, https:\/\/www.getariakotxakolina.eus\/wp-content\/uploads\/2025\/11\/Getariako-Txakolinaren-35-uztaren-aurkezpena-Getariako-San-Anton-Egunean-01-300x200.jpg 300w, https:\/\/www.getariakotxakolina.eus\/wp-content\/uploads\/2025\/11\/Getariako-Txakolinaren-35-uztaren-aurkezpena-Getariako-San-Anton-Egunean-01-1024x682.jpg 1024w, https:\/\/www.getariakotxakolina.eus\/wp-content\/uploads\/2025\/11\/Getariako-Txakolinaren-35-uztaren-aurkezpena-Getariako-San-Anton-Egunean-01-768x512.jpg 768w\" sizes=\"auto, (max-width: 1400px) 100vw, 1400px\" \/>\n\n\n\n<h2 class=\"gb-text h2-blog\">35e r\u00e9colte portant le sceau de garantie D.O. Getariako Txakolina<\/h2>\n\n\n\n<p><strong>La r\u00e9colte&nbsp;2024 est la 35e \u00e0 porter un sceau de garantie num\u00e9rot\u00e9<\/strong>. Au cours de ces 35 ann\u00e9es, le secteur du Txakoli de Getaria a \u00e9volu\u00e9, s\u2019est professionnalis\u00e9, et a b\u00e9n\u00e9fici\u00e9 d\u2019une rel\u00e8ve g\u00e9n\u00e9rationnelle qui porte aujourd\u2019hui ses fruits. Avec une&nbsp;<strong>exportation de la production \u00e0 hauteur de 20&nbsp;%<\/strong>,&nbsp;<strong>la sp\u00e9cificit\u00e9 du Txakoli de Getaria<\/strong>&nbsp;est aujourd\u2019hui mondialement reconnue.<\/p>\n\n\n\n<p>Comme 2023, 2024 a \u00e9t\u00e9 une ann\u00e9e humide avec un ciel rarement d\u00e9gag\u00e9, au cours de laquelle les viticulteurs ont su faire preuve de professionnalisme pour maintenir une production de grande qualit\u00e9 dont le volume a \u00e9t\u00e9 inf\u00e9rieur de 10&nbsp;% \u00e0 celui de l\u2019ann\u00e9e pr\u00e9c\u00e9dente. Les chais innovent tout en pr\u00e9servant la tradition et l\u2019identit\u00e9 du&nbsp;<strong>Txakoli de Getaria<\/strong>&nbsp;: un vin frais, \u00e0 la teneur en alcool moyenne (11\u00b0), \u00e9quilibr\u00e9 en bouche, avec une pointe d\u2019acidit\u00e9.<\/p>\n\n\n\n<p>Avec&nbsp;<strong>2\u2009500\u2009000&nbsp;litres<\/strong>, la production totale a \u00e9t\u00e9 inf\u00e9rieure de 10&nbsp;% \u00e0 celle de 2023 et devrait conduire \u00e0 la mise sur le march\u00e9 d\u2019environ&nbsp;<strong>3\u2009200\u2009000&nbsp;bouteilles<\/strong>. Elle se r\u00e9partit en&nbsp;<strong>91&nbsp;% de Txakoli blanc, 9&nbsp;% de ros\u00e9 et 1&nbsp;% de rouge<\/strong>. Sur la r\u00e9colte&nbsp;2024, 500&nbsp;litres (une quantit\u00e9 anecdotique) correspondent \u00e0 des vendanges tardives. La production annuelle de mousseux est d\u2019environ 40\u2009000&nbsp;litres et varie en fonction des besoins des chais.<\/p>\n\n\n\n<p>Ces derni\u00e8res ann\u00e9es, la gamme des produits \u00e9labor\u00e9s dans les chais s\u2019est \u00e9tendue pour s\u2019adapter aux nouveaux go\u00fbts et habitudes de consommation.<\/p>\n\n\n\n<h2 class=\"gb-text h2-blog\">Mahasti Jaun 2025: Kofradia Itsas Etxea<\/h2>\n\n\n\n<p><strong><em><strong><em>\u201cManger du poisson ne rime \u00e0 rien s\u2019il n\u2019est pas accompagn\u00e9 de Txakoli\u00a0\u201d<\/em><\/strong><\/em><\/strong><\/p>\n\n\n\n<p>Depuis sa cr\u00e9ation en 2020, la Kofradia Itsas Etxea, issue de l\u2019ancienne Confr\u00e9rie des P\u00eacheurs du port de Donostia, collabore avec la D\u00e9nomination d\u2019Origine Getariako Txakolina en proposant des associations entre poissons de saison et Getariako Txakolina&nbsp;: deux produits qui se marient \u00e0 merveille.<\/p>\n\n\n\n<p>Cette collaboration s\u2019est concr\u00e9tis\u00e9e par des d\u00e9gustations propos\u00e9es par la Kofradia Itsas Etxea et la participation \u00e0 diff\u00e9rents \u00e9v\u00e9nements comme le Verdel Eguna (f\u00eate du maquereau) de Mutriku, l\u2019Antxua Eguna (f\u00eate de l\u2019anchois) de Getaria et le Hegaluze Eguna (f\u00eate de la bonite) d\u2019Hondarribia.<\/p>\n\n\n\n<img loading=\"lazy\" decoding=\"async\" width=\"1400\" height=\"933\" class=\"gb-media-135ded31\" alt=\"Getariako Txakolinaren 35 uztaren aurkezpena Getariako San Anton Egunean 02\" src=\"https:\/\/www.getariakotxakolina.eus\/wp-content\/uploads\/2025\/11\/Getariako-Txakolinaren-35-uztaren-aurkezpena-Getariako-San-Anton-Egunean-02.jpg\" title=\"Getariako Txakolinaren 35 uztaren aurkezpena Getariako San Anton Egunean 02\" srcset=\"https:\/\/www.getariakotxakolina.eus\/wp-content\/uploads\/2025\/11\/Getariako-Txakolinaren-35-uztaren-aurkezpena-Getariako-San-Anton-Egunean-02.jpg 1400w, https:\/\/www.getariakotxakolina.eus\/wp-content\/uploads\/2025\/11\/Getariako-Txakolinaren-35-uztaren-aurkezpena-Getariako-San-Anton-Egunean-02-300x200.jpg 300w, https:\/\/www.getariakotxakolina.eus\/wp-content\/uploads\/2025\/11\/Getariako-Txakolinaren-35-uztaren-aurkezpena-Getariako-San-Anton-Egunean-02-1024x682.jpg 1024w, https:\/\/www.getariakotxakolina.eus\/wp-content\/uploads\/2025\/11\/Getariako-Txakolinaren-35-uztaren-aurkezpena-Getariako-San-Anton-Egunean-02-768x512.jpg 768w\" sizes=\"auto, (max-width: 1400px) 100vw, 1400px\" \/>\n\n\n\n<p>La&nbsp;<strong>Kofradia Itsas Etxea<\/strong>&nbsp;est une \u00e9manation d\u2019OPEGUI (Organisation des Producteurs de P\u00eache c\u00f4ti\u00e8re du Guipuscoa) cr\u00e9\u00e9e pour promouvoir la p\u00eache artisanale en Euskadi, avec deux objectifs bien d\u00e9finis&nbsp;:<\/p>\n\n\n\n<ul class=\"wp-block-list\">\n<li>Contribuer \u00e0 la rel\u00e8ve g\u00e9n\u00e9rationnelle du secteur de la p\u00eache c\u00f4ti\u00e8re en la pr\u00e9sentant aux jeunes comme une option professionnelle permettant d\u2019exercer un m\u00e9tier-passion, modernis\u00e9 et durable.<\/li>\n\n\n\n<li>Encourager la consommation des produits de la p\u00eache c\u00f4ti\u00e8re par la mise en valeur des poissons locaux, de leur saisonnalit\u00e9, de nos \u00e9quipements de p\u00eache, de nos modes de conservation et de consommation, et en faisant conna\u00eetre leurs qualit\u00e9s nutritionnelles.<\/li>\n<\/ul>\n\n\n\n<h2 class=\"gb-text h2-blog\">D\u00e9nomination d\u2019Origine Getariako Txakolina: quelques donn\u00e9es\u00a0<\/h2>\n\n\n\n<p><strong>Espace g\u00e9ographique:<\/strong> Territoire historique du Guipuscoa\u00a0<\/p>\n\n\n\n<p>464&nbsp;ha de&nbsp;<strong>vignobles inscrits<\/strong>. En 2024, 69&nbsp;cartes de viticulteurs ont \u00e9t\u00e9 remises \u00e0 des personnes qui cultivent et entretiennent des vignobles.<\/p>\n\n\n\n<p>31&nbsp;chais inscrits pour la r\u00e9colte&nbsp;2024&nbsp;: 3 \u00e0 Aia, 1 \u00e0 Alkiza, 1 \u00e0 Beizama, 2 \u00e0 Deba, 9 \u00e0 Getaria, 1 \u00e0 Hondarribia, 1 \u00e0 Mutriku, 1 \u00e0 Oiartzun, 1 \u00e0 Olaberria, 1 \u00e0 O\u00f1ati, 2 \u00e0 Orio, 1 \u00e0 Villabona, 6 \u00e0 Zarautz et 1 \u00e0 Zestoa. (Par rapport \u00e0 2023, 3 chais sont en arr\u00eat temporaire.)<\/p>\n\n\n\n<p>Les chais travaillent approximativement 80&nbsp;% de la surface des vignobles, ce qui leur permet de ma\u00eetriser l\u2019ensemble du processus de production du Txakoli&nbsp;: vignoble, \u00e9laboration, commercialisation du produit.<\/p>\n\n\n\n<p><strong>Vari\u00e9t\u00e9s recommand\u00e9es:<\/strong>\u00a0<em>Hondarrabi Zuri<\/em>, un vin blanc cultiv\u00e9 sur 85\u00a0% des vignobles et\u00a0<em>Hondarrabi Beltza<\/em>, un vin rouge pr\u00e9sent \u00e0 10\u00a0%. Les 5\u00a0% restants comprennent diff\u00e9rents c\u00e9pages blancs (Chardonnay, Riesling, Gros Manseng et Petit Courbu) admis par le r\u00e8glement \u00e0 un niveau inf\u00e9rieur \u00e0 20\u00a0% du produit total de chaque chai afin de pr\u00e9server le Hondarrabi Zuri comme c\u00e9page principal et de prot\u00e9ger la sp\u00e9cificit\u00e9 et la typicit\u00e9 du Txakoli de Getaria.<\/p>\n\n\n\n<p>On reconna\u00eet le Txakoli de Getaria au&nbsp;<strong>sceau num\u00e9rot\u00e9<\/strong>&nbsp;plac\u00e9 sur le bouchon de chaque bouteille et \u00e0 l\u2019\u00e9tiquette correspondant \u00e0 chacun des chais inscrits \u00e0 l\u2019appellation.<\/p>\n\n\n\n<p>L\u2019organe de contr\u00f4le employ\u00e9 par la D\u00e9nomination pour la certification du Txakoli est la Fondation HAZI qui veille, avec le Conseil r\u00e9gulateur, au respect des normes fix\u00e9es pour assurer la qualit\u00e9 du produit.<\/p>\n<\/div>\n","protected":false},"excerpt":{"rendered":"<p>La pr\u00e9sentation de la r\u00e9colte\u00a02024, la 35e b\u00e9n\u00e9ficiant d\u2019un sceau de garantie num\u00e9rot\u00e9, a eu lieu ce 17 janvier.\u00a0Le Mahasti Jaun a \u00e9t\u00e9 remis \u00e0 la Kofradia Itsas Etxea lors de la c\u00e9r\u00e9monie qui s\u2019est tenue au Mus\u00e9e Balenciaga, en reconnaissance du travail r\u00e9alis\u00e9 pour faire conna\u00eetre les poissons issus de la p\u00eache c\u00f4ti\u00e8re et &#8230; <a title=\"Pr\u00e9sentation de la 35e r\u00e9colte de Getariako Txakolina pour la f\u00eate de San Ant\u00f3n, \u00e0 Getaria\" class=\"read-more\" href=\"https:\/\/www.getariakotxakolina.eus\/fr\/presentation-de-la-35e-recolte-de-getariako-txakolina\/\" aria-label=\"En savoir plus sur Pr\u00e9sentation de la 35e r\u00e9colte de Getariako Txakolina pour la f\u00eate de San Ant\u00f3n, \u00e0 Getaria\">Lire plus<\/a><\/p>\n","protected":false},"author":1,"featured_media":13728,"comment_status":"closed","ping_status":"open","sticky":false,"template":"","format":"standard","meta":{"_acf_changed":false,"footnotes":""},"categories":[31],"tags":[],"class_list":["post-13727","post","type-post","status-publish","format-standard","has-post-thumbnail","hentry","category-berriak","resize-featured-image"],"acf":[],"yoast_head":"<!-- This site is optimized with the Yoast SEO plugin v27.4 - https:\/\/yoast.com\/product\/yoast-seo-wordpress\/ -->\n<title>Pr\u00e9sentation de la 35e r\u00e9colte de Getariako Txakolina pour la f\u00eate de San Ant\u00f3n, \u00e0 Getaria - Getariako Txakolina<\/title>\n<meta name=\"description\" content=\"Le 17 janvier dernier a \u00e9t\u00e9 pr\u00e9sent\u00e9e la r\u00e9colte 2024, la 35e, qui sort avec notre num\u00e9ro de garantie de timbre.\" \/>\n<meta name=\"robots\" content=\"index, follow, max-snippet:-1, max-image-preview:large, max-video-preview:-1\" \/>\n<link rel=\"canonical\" href=\"https:\/\/www.getariakotxakolina.eus\/fr\/presentation-de-la-35e-recolte-de-getariako-txakolina\/\" \/>\n<meta property=\"og:locale\" content=\"fr_FR\" \/>\n<meta property=\"og:type\" content=\"article\" \/>\n<meta property=\"og:title\" content=\"Pr\u00e9sentation de la 35e r\u00e9colte de Getariako Txakolina pour la f\u00eate de San Ant\u00f3n, \u00e0 Getaria - Getariako Txakolina\" \/>\n<meta property=\"og:description\" content=\"Le 17 janvier dernier a \u00e9t\u00e9 pr\u00e9sent\u00e9e la r\u00e9colte 2024, la 35e, qui sort avec notre num\u00e9ro de garantie de timbre.\" \/>\n<meta property=\"og:url\" content=\"https:\/\/www.getariakotxakolina.eus\/fr\/presentation-de-la-35e-recolte-de-getariako-txakolina\/\" \/>\n<meta property=\"og:site_name\" content=\"Getariako Txakolina\" \/>\n<meta property=\"article:publisher\" content=\"https:\/\/www.facebook.com\/GetariakoTxakolinaDO\/\" \/>\n<meta property=\"article:published_time\" content=\"2025-01-23T15:06:00+00:00\" \/>\n<meta property=\"article:modified_time\" content=\"2025-12-23T15:55:13+00:00\" \/>\n<meta property=\"og:image\" content=\"https:\/\/www.getariakotxakolina.eus\/wp-content\/uploads\/2025\/11\/Getariako-Txakolinaren-35-uztaren-aurkezpena-Getariako-San-Anton-Egunean-portada.jpg\" \/>\n\t<meta property=\"og:image:width\" content=\"1920\" \/>\n\t<meta property=\"og:image:height\" content=\"1280\" \/>\n\t<meta property=\"og:image:type\" content=\"image\/jpeg\" \/>\n<meta name=\"author\" content=\"Sergio\" \/>\n<meta name=\"twitter:card\" content=\"summary_large_image\" \/>\n<meta name=\"twitter:label1\" content=\"\u00c9crit par\" \/>\n\t<meta name=\"twitter:data1\" content=\"Sergio\" \/>\n\t<meta name=\"twitter:label2\" content=\"Dur\u00e9e de lecture estim\u00e9e\" \/>\n\t<meta name=\"twitter:data2\" content=\"5 minutes\" \/>\n<script type=\"application\/ld+json\" class=\"yoast-schema-graph\">{\"@context\":\"https:\\\/\\\/schema.org\",\"@graph\":[{\"@type\":\"Article\",\"@id\":\"https:\\\/\\\/www.getariakotxakolina.eus\\\/fr\\\/presentation-de-la-35e-recolte-de-getariako-txakolina\\\/#article\",\"isPartOf\":{\"@id\":\"https:\\\/\\\/www.getariakotxakolina.eus\\\/fr\\\/presentation-de-la-35e-recolte-de-getariako-txakolina\\\/\"},\"author\":{\"name\":\"Sergio\",\"@id\":\"https:\\\/\\\/www.getariakotxakolina.eus\\\/fr\\\/#\\\/schema\\\/person\\\/a5e5ff3c3ef2b02a49c0908e58468d2e\"},\"headline\":\"Pr\u00e9sentation de la 35e r\u00e9colte de Getariako Txakolina pour la f\u00eate de San Ant\u00f3n, \u00e0 Getaria\",\"datePublished\":\"2025-01-23T15:06:00+00:00\",\"dateModified\":\"2025-12-23T15:55:13+00:00\",\"mainEntityOfPage\":{\"@id\":\"https:\\\/\\\/www.getariakotxakolina.eus\\\/fr\\\/presentation-de-la-35e-recolte-de-getariako-txakolina\\\/\"},\"wordCount\":932,\"publisher\":{\"@id\":\"https:\\\/\\\/www.getariakotxakolina.eus\\\/fr\\\/#organization\"},\"image\":{\"@id\":\"https:\\\/\\\/www.getariakotxakolina.eus\\\/fr\\\/presentation-de-la-35e-recolte-de-getariako-txakolina\\\/#primaryimage\"},\"thumbnailUrl\":\"https:\\\/\\\/www.getariakotxakolina.eus\\\/wp-content\\\/uploads\\\/2025\\\/11\\\/Getariako-Txakolinaren-35-uztaren-aurkezpena-Getariako-San-Anton-Egunean-portada.jpg\",\"articleSection\":[\"Berriak\"],\"inLanguage\":\"fr-FR\"},{\"@type\":\"WebPage\",\"@id\":\"https:\\\/\\\/www.getariakotxakolina.eus\\\/fr\\\/presentation-de-la-35e-recolte-de-getariako-txakolina\\\/\",\"url\":\"https:\\\/\\\/www.getariakotxakolina.eus\\\/fr\\\/presentation-de-la-35e-recolte-de-getariako-txakolina\\\/\",\"name\":\"Pr\u00e9sentation de la 35e r\u00e9colte de Getariako Txakolina pour la f\u00eate de San Ant\u00f3n, \u00e0 Getaria - Getariako Txakolina\",\"isPartOf\":{\"@id\":\"https:\\\/\\\/www.getariakotxakolina.eus\\\/fr\\\/#website\"},\"primaryImageOfPage\":{\"@id\":\"https:\\\/\\\/www.getariakotxakolina.eus\\\/fr\\\/presentation-de-la-35e-recolte-de-getariako-txakolina\\\/#primaryimage\"},\"image\":{\"@id\":\"https:\\\/\\\/www.getariakotxakolina.eus\\\/fr\\\/presentation-de-la-35e-recolte-de-getariako-txakolina\\\/#primaryimage\"},\"thumbnailUrl\":\"https:\\\/\\\/www.getariakotxakolina.eus\\\/wp-content\\\/uploads\\\/2025\\\/11\\\/Getariako-Txakolinaren-35-uztaren-aurkezpena-Getariako-San-Anton-Egunean-portada.jpg\",\"datePublished\":\"2025-01-23T15:06:00+00:00\",\"dateModified\":\"2025-12-23T15:55:13+00:00\",\"description\":\"Le 17 janvier dernier a \u00e9t\u00e9 pr\u00e9sent\u00e9e la r\u00e9colte 2024, la 35e, qui sort avec notre num\u00e9ro de garantie de timbre.\",\"breadcrumb\":{\"@id\":\"https:\\\/\\\/www.getariakotxakolina.eus\\\/fr\\\/presentation-de-la-35e-recolte-de-getariako-txakolina\\\/#breadcrumb\"},\"inLanguage\":\"fr-FR\",\"potentialAction\":[{\"@type\":\"ReadAction\",\"target\":[\"https:\\\/\\\/www.getariakotxakolina.eus\\\/fr\\\/presentation-de-la-35e-recolte-de-getariako-txakolina\\\/\"]}]},{\"@type\":\"ImageObject\",\"inLanguage\":\"fr-FR\",\"@id\":\"https:\\\/\\\/www.getariakotxakolina.eus\\\/fr\\\/presentation-de-la-35e-recolte-de-getariako-txakolina\\\/#primaryimage\",\"url\":\"https:\\\/\\\/www.getariakotxakolina.eus\\\/wp-content\\\/uploads\\\/2025\\\/11\\\/Getariako-Txakolinaren-35-uztaren-aurkezpena-Getariako-San-Anton-Egunean-portada.jpg\",\"contentUrl\":\"https:\\\/\\\/www.getariakotxakolina.eus\\\/wp-content\\\/uploads\\\/2025\\\/11\\\/Getariako-Txakolinaren-35-uztaren-aurkezpena-Getariako-San-Anton-Egunean-portada.jpg\",\"width\":1920,\"height\":1280,\"caption\":\"Getariako Txakolinaren 35 uztaren aurkezpena Getariako San Anton Egunean - portada\"},{\"@type\":\"BreadcrumbList\",\"@id\":\"https:\\\/\\\/www.getariakotxakolina.eus\\\/fr\\\/presentation-de-la-35e-recolte-de-getariako-txakolina\\\/#breadcrumb\",\"itemListElement\":[{\"@type\":\"ListItem\",\"position\":1,\"name\":\"Portada\",\"item\":\"https:\\\/\\\/www.getariakotxakolina.eus\\\/fr\\\/\"},{\"@type\":\"ListItem\",\"position\":2,\"name\":\"Pr\u00e9sentation de la 35e r\u00e9colte de Getariako Txakolina pour la f\u00eate de San Ant\u00f3n, \u00e0 Getaria\"}]},{\"@type\":\"WebSite\",\"@id\":\"https:\\\/\\\/www.getariakotxakolina.eus\\\/fr\\\/#website\",\"url\":\"https:\\\/\\\/www.getariakotxakolina.eus\\\/fr\\\/\",\"name\":\"Txakol\u00ed de Getaria vino blanco con D.O. Getariako txakolina\",\"description\":\"El txakoli Denominaci\u00f3n de Origen Getariako Txakolina es un vino joven de graduaci\u00f3n moderada y equilibrada acidez.\",\"publisher\":{\"@id\":\"https:\\\/\\\/www.getariakotxakolina.eus\\\/fr\\\/#organization\"},\"alternateName\":\"Getariako txakolina\",\"potentialAction\":[{\"@type\":\"SearchAction\",\"target\":{\"@type\":\"EntryPoint\",\"urlTemplate\":\"https:\\\/\\\/www.getariakotxakolina.eus\\\/fr\\\/?s={search_term_string}\"},\"query-input\":{\"@type\":\"PropertyValueSpecification\",\"valueRequired\":true,\"valueName\":\"search_term_string\"}}],\"inLanguage\":\"fr-FR\"},{\"@type\":\"Organization\",\"@id\":\"https:\\\/\\\/www.getariakotxakolina.eus\\\/fr\\\/#organization\",\"name\":\"Getariako Txakolina\",\"alternateName\":\"Getariako Txakolina\",\"url\":\"https:\\\/\\\/www.getariakotxakolina.eus\\\/fr\\\/\",\"logo\":{\"@type\":\"ImageObject\",\"inLanguage\":\"fr-FR\",\"@id\":\"https:\\\/\\\/www.getariakotxakolina.eus\\\/fr\\\/#\\\/schema\\\/logo\\\/image\\\/\",\"url\":\"https:\\\/\\\/www.getariakotxakolina.eus\\\/wp-content\\\/uploads\\\/2025\\\/07\\\/Getariako-Txakolina-Logo.svg\",\"contentUrl\":\"https:\\\/\\\/www.getariakotxakolina.eus\\\/wp-content\\\/uploads\\\/2025\\\/07\\\/Getariako-Txakolina-Logo.svg\",\"width\":417,\"height\":83,\"caption\":\"Getariako Txakolina\"},\"image\":{\"@id\":\"https:\\\/\\\/www.getariakotxakolina.eus\\\/fr\\\/#\\\/schema\\\/logo\\\/image\\\/\"},\"sameAs\":[\"https:\\\/\\\/www.facebook.com\\\/GetariakoTxakolinaDO\\\/\",\"https:\\\/\\\/www.instagram.com\\\/getariakotxakolina_do\\\/\"]},{\"@type\":\"Person\",\"@id\":\"https:\\\/\\\/www.getariakotxakolina.eus\\\/fr\\\/#\\\/schema\\\/person\\\/a5e5ff3c3ef2b02a49c0908e58468d2e\",\"name\":\"Sergio\",\"image\":{\"@type\":\"ImageObject\",\"inLanguage\":\"fr-FR\",\"@id\":\"https:\\\/\\\/secure.gravatar.com\\\/avatar\\\/a7d1b444c33a3e9943bfdc51e89ddc19ba81f816f205cf49c0f1113bad811a11?s=96&d=mm&r=g\",\"url\":\"https:\\\/\\\/secure.gravatar.com\\\/avatar\\\/a7d1b444c33a3e9943bfdc51e89ddc19ba81f816f205cf49c0f1113bad811a11?s=96&d=mm&r=g\",\"contentUrl\":\"https:\\\/\\\/secure.gravatar.com\\\/avatar\\\/a7d1b444c33a3e9943bfdc51e89ddc19ba81f816f205cf49c0f1113bad811a11?s=96&d=mm&r=g\",\"caption\":\"Sergio\"},\"sameAs\":[\"https:\\\/\\\/wordpress-958700-4452977.cloudwaysapps.com\"]}]}<\/script>\n<!-- \/ Yoast SEO plugin. -->","yoast_head_json":{"title":"Pr\u00e9sentation de la 35e r\u00e9colte de Getariako Txakolina pour la f\u00eate de San Ant\u00f3n, \u00e0 Getaria - Getariako Txakolina","description":"Le 17 janvier dernier a \u00e9t\u00e9 pr\u00e9sent\u00e9e la r\u00e9colte 2024, la 35e, qui sort avec notre num\u00e9ro de garantie de timbre.","robots":{"index":"index","follow":"follow","max-snippet":"max-snippet:-1","max-image-preview":"max-image-preview:large","max-video-preview":"max-video-preview:-1"},"canonical":"https:\/\/www.getariakotxakolina.eus\/fr\/presentation-de-la-35e-recolte-de-getariako-txakolina\/","og_locale":"fr_FR","og_type":"article","og_title":"Pr\u00e9sentation de la 35e r\u00e9colte de Getariako Txakolina pour la f\u00eate de San Ant\u00f3n, \u00e0 Getaria - Getariako Txakolina","og_description":"Le 17 janvier dernier a \u00e9t\u00e9 pr\u00e9sent\u00e9e la r\u00e9colte 2024, la 35e, qui sort avec notre num\u00e9ro de garantie de timbre.","og_url":"https:\/\/www.getariakotxakolina.eus\/fr\/presentation-de-la-35e-recolte-de-getariako-txakolina\/","og_site_name":"Getariako Txakolina","article_publisher":"https:\/\/www.facebook.com\/GetariakoTxakolinaDO\/","article_published_time":"2025-01-23T15:06:00+00:00","article_modified_time":"2025-12-23T15:55:13+00:00","og_image":[{"width":1920,"height":1280,"url":"https:\/\/www.getariakotxakolina.eus\/wp-content\/uploads\/2025\/11\/Getariako-Txakolinaren-35-uztaren-aurkezpena-Getariako-San-Anton-Egunean-portada.jpg","type":"image\/jpeg"}],"author":"Sergio","twitter_card":"summary_large_image","twitter_misc":{"\u00c9crit par":"Sergio","Dur\u00e9e de lecture estim\u00e9e":"5 minutes"},"schema":{"@context":"https:\/\/schema.org","@graph":[{"@type":"Article","@id":"https:\/\/www.getariakotxakolina.eus\/fr\/presentation-de-la-35e-recolte-de-getariako-txakolina\/#article","isPartOf":{"@id":"https:\/\/www.getariakotxakolina.eus\/fr\/presentation-de-la-35e-recolte-de-getariako-txakolina\/"},"author":{"name":"Sergio","@id":"https:\/\/www.getariakotxakolina.eus\/fr\/#\/schema\/person\/a5e5ff3c3ef2b02a49c0908e58468d2e"},"headline":"Pr\u00e9sentation de la 35e r\u00e9colte de Getariako Txakolina pour la f\u00eate de San Ant\u00f3n, \u00e0 Getaria","datePublished":"2025-01-23T15:06:00+00:00","dateModified":"2025-12-23T15:55:13+00:00","mainEntityOfPage":{"@id":"https:\/\/www.getariakotxakolina.eus\/fr\/presentation-de-la-35e-recolte-de-getariako-txakolina\/"},"wordCount":932,"publisher":{"@id":"https:\/\/www.getariakotxakolina.eus\/fr\/#organization"},"image":{"@id":"https:\/\/www.getariakotxakolina.eus\/fr\/presentation-de-la-35e-recolte-de-getariako-txakolina\/#primaryimage"},"thumbnailUrl":"https:\/\/www.getariakotxakolina.eus\/wp-content\/uploads\/2025\/11\/Getariako-Txakolinaren-35-uztaren-aurkezpena-Getariako-San-Anton-Egunean-portada.jpg","articleSection":["Berriak"],"inLanguage":"fr-FR"},{"@type":"WebPage","@id":"https:\/\/www.getariakotxakolina.eus\/fr\/presentation-de-la-35e-recolte-de-getariako-txakolina\/","url":"https:\/\/www.getariakotxakolina.eus\/fr\/presentation-de-la-35e-recolte-de-getariako-txakolina\/","name":"Pr\u00e9sentation de la 35e r\u00e9colte de Getariako Txakolina pour la f\u00eate de San Ant\u00f3n, \u00e0 Getaria - Getariako Txakolina","isPartOf":{"@id":"https:\/\/www.getariakotxakolina.eus\/fr\/#website"},"primaryImageOfPage":{"@id":"https:\/\/www.getariakotxakolina.eus\/fr\/presentation-de-la-35e-recolte-de-getariako-txakolina\/#primaryimage"},"image":{"@id":"https:\/\/www.getariakotxakolina.eus\/fr\/presentation-de-la-35e-recolte-de-getariako-txakolina\/#primaryimage"},"thumbnailUrl":"https:\/\/www.getariakotxakolina.eus\/wp-content\/uploads\/2025\/11\/Getariako-Txakolinaren-35-uztaren-aurkezpena-Getariako-San-Anton-Egunean-portada.jpg","datePublished":"2025-01-23T15:06:00+00:00","dateModified":"2025-12-23T15:55:13+00:00","description":"Le 17 janvier dernier a \u00e9t\u00e9 pr\u00e9sent\u00e9e la r\u00e9colte 2024, la 35e, qui sort avec notre num\u00e9ro de garantie de timbre.","breadcrumb":{"@id":"https:\/\/www.getariakotxakolina.eus\/fr\/presentation-de-la-35e-recolte-de-getariako-txakolina\/#breadcrumb"},"inLanguage":"fr-FR","potentialAction":[{"@type":"ReadAction","target":["https:\/\/www.getariakotxakolina.eus\/fr\/presentation-de-la-35e-recolte-de-getariako-txakolina\/"]}]},{"@type":"ImageObject","inLanguage":"fr-FR","@id":"https:\/\/www.getariakotxakolina.eus\/fr\/presentation-de-la-35e-recolte-de-getariako-txakolina\/#primaryimage","url":"https:\/\/www.getariakotxakolina.eus\/wp-content\/uploads\/2025\/11\/Getariako-Txakolinaren-35-uztaren-aurkezpena-Getariako-San-Anton-Egunean-portada.jpg","contentUrl":"https:\/\/www.getariakotxakolina.eus\/wp-content\/uploads\/2025\/11\/Getariako-Txakolinaren-35-uztaren-aurkezpena-Getariako-San-Anton-Egunean-portada.jpg","width":1920,"height":1280,"caption":"Getariako Txakolinaren 35 uztaren aurkezpena Getariako San Anton Egunean - portada"},{"@type":"BreadcrumbList","@id":"https:\/\/www.getariakotxakolina.eus\/fr\/presentation-de-la-35e-recolte-de-getariako-txakolina\/#breadcrumb","itemListElement":[{"@type":"ListItem","position":1,"name":"Portada","item":"https:\/\/www.getariakotxakolina.eus\/fr\/"},{"@type":"ListItem","position":2,"name":"Pr\u00e9sentation de la 35e r\u00e9colte de Getariako Txakolina pour la f\u00eate de San Ant\u00f3n, \u00e0 Getaria"}]},{"@type":"WebSite","@id":"https:\/\/www.getariakotxakolina.eus\/fr\/#website","url":"https:\/\/www.getariakotxakolina.eus\/fr\/","name":"Txakol\u00ed de Getaria vino blanco con D.O. Getariako txakolina","description":"El txakoli Denominaci\u00f3n de Origen Getariako Txakolina es un vino joven de graduaci\u00f3n moderada y equilibrada acidez.","publisher":{"@id":"https:\/\/www.getariakotxakolina.eus\/fr\/#organization"},"alternateName":"Getariako txakolina","potentialAction":[{"@type":"SearchAction","target":{"@type":"EntryPoint","urlTemplate":"https:\/\/www.getariakotxakolina.eus\/fr\/?s={search_term_string}"},"query-input":{"@type":"PropertyValueSpecification","valueRequired":true,"valueName":"search_term_string"}}],"inLanguage":"fr-FR"},{"@type":"Organization","@id":"https:\/\/www.getariakotxakolina.eus\/fr\/#organization","name":"Getariako Txakolina","alternateName":"Getariako Txakolina","url":"https:\/\/www.getariakotxakolina.eus\/fr\/","logo":{"@type":"ImageObject","inLanguage":"fr-FR","@id":"https:\/\/www.getariakotxakolina.eus\/fr\/#\/schema\/logo\/image\/","url":"https:\/\/www.getariakotxakolina.eus\/wp-content\/uploads\/2025\/07\/Getariako-Txakolina-Logo.svg","contentUrl":"https:\/\/www.getariakotxakolina.eus\/wp-content\/uploads\/2025\/07\/Getariako-Txakolina-Logo.svg","width":417,"height":83,"caption":"Getariako Txakolina"},"image":{"@id":"https:\/\/www.getariakotxakolina.eus\/fr\/#\/schema\/logo\/image\/"},"sameAs":["https:\/\/www.facebook.com\/GetariakoTxakolinaDO\/","https:\/\/www.instagram.com\/getariakotxakolina_do\/"]},{"@type":"Person","@id":"https:\/\/www.getariakotxakolina.eus\/fr\/#\/schema\/person\/a5e5ff3c3ef2b02a49c0908e58468d2e","name":"Sergio","image":{"@type":"ImageObject","inLanguage":"fr-FR","@id":"https:\/\/secure.gravatar.com\/avatar\/a7d1b444c33a3e9943bfdc51e89ddc19ba81f816f205cf49c0f1113bad811a11?s=96&d=mm&r=g","url":"https:\/\/secure.gravatar.com\/avatar\/a7d1b444c33a3e9943bfdc51e89ddc19ba81f816f205cf49c0f1113bad811a11?s=96&d=mm&r=g","contentUrl":"https:\/\/secure.gravatar.com\/avatar\/a7d1b444c33a3e9943bfdc51e89ddc19ba81f816f205cf49c0f1113bad811a11?s=96&d=mm&r=g","caption":"Sergio"},"sameAs":["https:\/\/wordpress-958700-4452977.cloudwaysapps.com"]}]}},"_links":{"self":[{"href":"https:\/\/www.getariakotxakolina.eus\/fr\/wp-json\/wp\/v2\/posts\/13727","targetHints":{"allow":["GET"]}}],"collection":[{"href":"https:\/\/www.getariakotxakolina.eus\/fr\/wp-json\/wp\/v2\/posts"}],"about":[{"href":"https:\/\/www.getariakotxakolina.eus\/fr\/wp-json\/wp\/v2\/types\/post"}],"author":[{"embeddable":true,"href":"https:\/\/www.getariakotxakolina.eus\/fr\/wp-json\/wp\/v2\/users\/1"}],"replies":[{"embeddable":true,"href":"https:\/\/www.getariakotxakolina.eus\/fr\/wp-json\/wp\/v2\/comments?post=13727"}],"version-history":[{"count":0,"href":"https:\/\/www.getariakotxakolina.eus\/fr\/wp-json\/wp\/v2\/posts\/13727\/revisions"}],"wp:featuredmedia":[{"embeddable":true,"href":"https:\/\/www.getariakotxakolina.eus\/fr\/wp-json\/wp\/v2\/media\/13728"}],"wp:attachment":[{"href":"https:\/\/www.getariakotxakolina.eus\/fr\/wp-json\/wp\/v2\/media?parent=13727"}],"wp:term":[{"taxonomy":"category","embeddable":true,"href":"https:\/\/www.getariakotxakolina.eus\/fr\/wp-json\/wp\/v2\/categories?post=13727"},{"taxonomy":"post_tag","embeddable":true,"href":"https:\/\/www.getariakotxakolina.eus\/fr\/wp-json\/wp\/v2\/tags?post=13727"}],"curies":[{"name":"wp","href":"https:\/\/api.w.org\/{rel}","templated":true}]}}