{"id":13715,"date":"2025-05-16T17:10:54","date_gmt":"2025-05-16T15:10:54","guid":{"rendered":"https:\/\/www.getariakotxakolina.eus\/2025-txakolin-egunak\/"},"modified":"2025-12-23T17:16:52","modified_gmt":"2025-12-23T16:16:52","slug":"journees-du-txakoli-de-getaria-2025","status":"publish","type":"post","link":"https:\/\/www.getariakotxakolina.eus\/fr\/journees-du-txakoli-de-getaria-2025\/","title":{"rendered":"Journ\u00e9es du Txakoli \u2013 Txakolin Egunak 2025"},"content":{"rendered":"<div class=\"gb-container gb-container-1e03cf88 contenedor-blog\">\n\n<p class=\"gb-headline gb-headline-3b399455 gb-headline-text destacado-blog\">Chaque ann\u00e9e, le festival Txakoli de Getaria c\u00e9l\u00e8bre sa tradition txakoli dans certaines des villes autour desquelles se trouvent les caves productrices. Zarautz, Aia, Aretxabaleta, Azpeitia, Donostia\u2026 Consultez ici le prochain Txakolin Egunak 2025.<\/p>\n\n\n\n<p>Les Journ\u00e9es du Txakoli, ou Journ\u00e9es du Txakolin, sont l\u2019excuse parfaite pour explorer notre environnement et profiter de la cuisine locale. Une authentique route \u0153notouristique \u00e0 travers des villages de tradition txakoline, commen\u00e7ant \u00e0 Aia et continuant par Aretxabaleta, Azpeitia et Donostia, entre autres.<\/p>\n\n\n\n<p>Une f\u00eate populaire au cours de laquelle les voisins et amis<a href=\"https:\/\/www.getariakotxakolina.eus\/fr\/caves\/\" target=\"_blank\" rel=\"noreferrer noopener\">\u00a0des caves<\/a>\u00a0et les amateurs de Getaria Txakoli se r\u00e9unissent pour une f\u00eate pleine de joie et de bonne ambiance.<\/p>\n\n\n\n<h2 class=\"gb-headline gb-headline-911033f6 gb-headline-text h2-blog\">O\u00f9 et quand se d\u00e9roule le Txakolin Egunak?<\/h2>\n\n\n\n<ul class=\"wp-block-list\">\n<li>Getaria (17 janvier, jour de la Saint-Antoine)<\/li>\n\n\n\n<li>Aia (6 avril)<\/li>\n\n\n\n<li>Aretxabaleta (17 mai)<\/li>\n\n\n\n<li>Azpeitia (7 juin)<\/li>\n\n\n\n<li>Saint-S\u00e9bastien (28 juin)\u00a0 \u00a0 \u00a0<\/li>\n<\/ul>\n\n\n\n<h2 class=\"gb-headline gb-headline-267eae1e gb-headline-text h2-blog\">Prochaine \u00e9tape : Donostia &#8211; San Sebasti\u00e1n<\/h2>\n\n\n\n<img loading=\"lazy\" decoding=\"async\" width=\"842\" height=\"1191\" class=\"gb-media-d8fb2236\" alt=\"Txakolin Topaketa 25\" src=\"https:\/\/www.getariakotxakolina.eus\/wp-content\/uploads\/2025\/05\/Txakolin-Topaketa-25.jpg\" title=\"Txakolin Topaketa 25\" srcset=\"https:\/\/www.getariakotxakolina.eus\/wp-content\/uploads\/2025\/05\/Txakolin-Topaketa-25.jpg 842w, https:\/\/www.getariakotxakolina.eus\/wp-content\/uploads\/2025\/05\/Txakolin-Topaketa-25-212x300.jpg 212w, https:\/\/www.getariakotxakolina.eus\/wp-content\/uploads\/2025\/05\/Txakolin-Topaketa-25-724x1024.jpg 724w, https:\/\/www.getariakotxakolina.eus\/wp-content\/uploads\/2025\/05\/Txakolin-Topaketa-25-768x1086.jpg 768w\" sizes=\"auto, (max-width: 842px) 100vw, 842px\" \/>\n\n<\/div>","protected":false},"excerpt":{"rendered":"<p>Chaque ann\u00e9e, le festival Txakoli de Getaria c\u00e9l\u00e8bre sa tradition txakoli dans certaines des villes autour desquelles se trouvent les caves productrices. Zarautz, Aia, Aretxabaleta, Azpeitia, Donostia\u2026 Consultez ici le prochain Txakolin Egunak 2025. Les Journ\u00e9es du Txakoli, ou Journ\u00e9es du Txakolin, sont l\u2019excuse parfaite pour explorer notre environnement et profiter de la cuisine locale. &#8230; <a title=\"Journ\u00e9es du Txakoli \u2013 Txakolin Egunak 2025\" class=\"read-more\" href=\"https:\/\/www.getariakotxakolina.eus\/fr\/journees-du-txakoli-de-getaria-2025\/\" aria-label=\"En savoir plus sur Journ\u00e9es du Txakoli \u2013 Txakolin Egunak 2025\">Lire plus<\/a><\/p>\n","protected":false},"author":1,"featured_media":13716,"comment_status":"closed","ping_status":"open","sticky":false,"template":"","format":"standard","meta":{"_acf_changed":false,"footnotes":""},"categories":[31],"tags":[],"class_list":["post-13715","post","type-post","status-publish","format-standard","has-post-thumbnail","hentry","category-berriak","resize-featured-image"],"acf":[],"yoast_head":"<!-- This site is optimized with the Yoast SEO plugin v27.4 - https:\/\/yoast.com\/product\/yoast-seo-wordpress\/ -->\n<title>Journ\u00e9es du Txakoli \u2013 Txakolin Egunak 2025 - Getariako Txakolina<\/title>\n<meta name=\"description\" content=\"Getariako Txakolinaren Eguna est une f\u00eate qui r\u00e9unit amis et amateurs des caves du Txakoli de Getaria, o\u00f9 et quand sont-elles c\u00e9l\u00e9br\u00e9es?\" \/>\n<meta name=\"robots\" content=\"index, follow, max-snippet:-1, max-image-preview:large, max-video-preview:-1\" \/>\n<link rel=\"canonical\" href=\"https:\/\/www.getariakotxakolina.eus\/fr\/journees-du-txakoli-de-getaria-2025\/\" \/>\n<meta property=\"og:locale\" content=\"fr_FR\" \/>\n<meta property=\"og:type\" content=\"article\" \/>\n<meta property=\"og:title\" content=\"Journ\u00e9es du Txakoli \u2013 Txakolin Egunak 2025 - Getariako Txakolina\" \/>\n<meta property=\"og:description\" content=\"Getariako Txakolinaren Eguna est une f\u00eate qui r\u00e9unit amis et amateurs des caves du Txakoli de Getaria, o\u00f9 et quand sont-elles c\u00e9l\u00e9br\u00e9es?\" \/>\n<meta property=\"og:url\" content=\"https:\/\/www.getariakotxakolina.eus\/fr\/journees-du-txakoli-de-getaria-2025\/\" \/>\n<meta property=\"og:site_name\" content=\"Getariako Txakolina\" \/>\n<meta property=\"article:publisher\" content=\"https:\/\/www.facebook.com\/GetariakoTxakolinaDO\/\" \/>\n<meta property=\"article:published_time\" content=\"2025-05-16T15:10:54+00:00\" \/>\n<meta property=\"article:modified_time\" content=\"2025-12-23T16:16:52+00:00\" \/>\n<meta property=\"og:image\" content=\"https:\/\/www.getariakotxakolina.eus\/wp-content\/uploads\/2025\/07\/Dias-del-Txakoli-2025-\u2013-Txakolin-Egunak.jpg\" \/>\n\t<meta property=\"og:image:width\" content=\"1500\" \/>\n\t<meta property=\"og:image:height\" content=\"1000\" \/>\n\t<meta property=\"og:image:type\" content=\"image\/jpeg\" \/>\n<meta name=\"author\" content=\"Sergio\" \/>\n<meta name=\"twitter:card\" content=\"summary_large_image\" \/>\n<meta name=\"twitter:label1\" content=\"\u00c9crit par\" \/>\n\t<meta name=\"twitter:data1\" content=\"Sergio\" \/>\n\t<meta name=\"twitter:label2\" content=\"Dur\u00e9e de lecture estim\u00e9e\" \/>\n\t<meta name=\"twitter:data2\" content=\"2 minutes\" \/>\n<script type=\"application\/ld+json\" class=\"yoast-schema-graph\">{\"@context\":\"https:\\\/\\\/schema.org\",\"@graph\":[{\"@type\":\"Article\",\"@id\":\"https:\\\/\\\/www.getariakotxakolina.eus\\\/fr\\\/journees-du-txakoli-de-getaria-2025\\\/#article\",\"isPartOf\":{\"@id\":\"https:\\\/\\\/www.getariakotxakolina.eus\\\/fr\\\/journees-du-txakoli-de-getaria-2025\\\/\"},\"author\":{\"name\":\"Sergio\",\"@id\":\"https:\\\/\\\/www.getariakotxakolina.eus\\\/fr\\\/#\\\/schema\\\/person\\\/a5e5ff3c3ef2b02a49c0908e58468d2e\"},\"headline\":\"Journ\u00e9es du Txakoli \u2013 Txakolin Egunak 2025\",\"datePublished\":\"2025-05-16T15:10:54+00:00\",\"dateModified\":\"2025-12-23T16:16:52+00:00\",\"mainEntityOfPage\":{\"@id\":\"https:\\\/\\\/www.getariakotxakolina.eus\\\/fr\\\/journees-du-txakoli-de-getaria-2025\\\/\"},\"wordCount\":153,\"publisher\":{\"@id\":\"https:\\\/\\\/www.getariakotxakolina.eus\\\/fr\\\/#organization\"},\"image\":{\"@id\":\"https:\\\/\\\/www.getariakotxakolina.eus\\\/fr\\\/journees-du-txakoli-de-getaria-2025\\\/#primaryimage\"},\"thumbnailUrl\":\"https:\\\/\\\/www.getariakotxakolina.eus\\\/wp-content\\\/uploads\\\/2025\\\/07\\\/Dias-del-Txakoli-2025-\u2013-Txakolin-Egunak.jpg\",\"articleSection\":[\"Berriak\"],\"inLanguage\":\"fr-FR\"},{\"@type\":\"WebPage\",\"@id\":\"https:\\\/\\\/www.getariakotxakolina.eus\\\/fr\\\/journees-du-txakoli-de-getaria-2025\\\/\",\"url\":\"https:\\\/\\\/www.getariakotxakolina.eus\\\/fr\\\/journees-du-txakoli-de-getaria-2025\\\/\",\"name\":\"Journ\u00e9es du Txakoli \u2013 Txakolin Egunak 2025 - Getariako Txakolina\",\"isPartOf\":{\"@id\":\"https:\\\/\\\/www.getariakotxakolina.eus\\\/fr\\\/#website\"},\"primaryImageOfPage\":{\"@id\":\"https:\\\/\\\/www.getariakotxakolina.eus\\\/fr\\\/journees-du-txakoli-de-getaria-2025\\\/#primaryimage\"},\"image\":{\"@id\":\"https:\\\/\\\/www.getariakotxakolina.eus\\\/fr\\\/journees-du-txakoli-de-getaria-2025\\\/#primaryimage\"},\"thumbnailUrl\":\"https:\\\/\\\/www.getariakotxakolina.eus\\\/wp-content\\\/uploads\\\/2025\\\/07\\\/Dias-del-Txakoli-2025-\u2013-Txakolin-Egunak.jpg\",\"datePublished\":\"2025-05-16T15:10:54+00:00\",\"dateModified\":\"2025-12-23T16:16:52+00:00\",\"description\":\"Getariako Txakolinaren Eguna est une f\u00eate qui r\u00e9unit amis et amateurs des caves du Txakoli de Getaria, o\u00f9 et quand sont-elles c\u00e9l\u00e9br\u00e9es?\",\"breadcrumb\":{\"@id\":\"https:\\\/\\\/www.getariakotxakolina.eus\\\/fr\\\/journees-du-txakoli-de-getaria-2025\\\/#breadcrumb\"},\"inLanguage\":\"fr-FR\",\"potentialAction\":[{\"@type\":\"ReadAction\",\"target\":[\"https:\\\/\\\/www.getariakotxakolina.eus\\\/fr\\\/journees-du-txakoli-de-getaria-2025\\\/\"]}]},{\"@type\":\"ImageObject\",\"inLanguage\":\"fr-FR\",\"@id\":\"https:\\\/\\\/www.getariakotxakolina.eus\\\/fr\\\/journees-du-txakoli-de-getaria-2025\\\/#primaryimage\",\"url\":\"https:\\\/\\\/www.getariakotxakolina.eus\\\/wp-content\\\/uploads\\\/2025\\\/07\\\/Dias-del-Txakoli-2025-\u2013-Txakolin-Egunak.jpg\",\"contentUrl\":\"https:\\\/\\\/www.getariakotxakolina.eus\\\/wp-content\\\/uploads\\\/2025\\\/07\\\/Dias-del-Txakoli-2025-\u2013-Txakolin-Egunak.jpg\",\"width\":1500,\"height\":1000,\"caption\":\"Di\u0301as del Txakoli 2025 \u2013 Txakolin Egunak\"},{\"@type\":\"BreadcrumbList\",\"@id\":\"https:\\\/\\\/www.getariakotxakolina.eus\\\/fr\\\/journees-du-txakoli-de-getaria-2025\\\/#breadcrumb\",\"itemListElement\":[{\"@type\":\"ListItem\",\"position\":1,\"name\":\"Portada\",\"item\":\"https:\\\/\\\/www.getariakotxakolina.eus\\\/fr\\\/\"},{\"@type\":\"ListItem\",\"position\":2,\"name\":\"Journ\u00e9es du Txakoli \u2013 Txakolin Egunak 2025\"}]},{\"@type\":\"WebSite\",\"@id\":\"https:\\\/\\\/www.getariakotxakolina.eus\\\/fr\\\/#website\",\"url\":\"https:\\\/\\\/www.getariakotxakolina.eus\\\/fr\\\/\",\"name\":\"Txakol\u00ed de Getaria vino blanco con D.O. Getariako txakolina\",\"description\":\"El txakoli Denominaci\u00f3n de Origen Getariako Txakolina es un vino joven de graduaci\u00f3n moderada y equilibrada acidez.\",\"publisher\":{\"@id\":\"https:\\\/\\\/www.getariakotxakolina.eus\\\/fr\\\/#organization\"},\"alternateName\":\"Getariako txakolina\",\"potentialAction\":[{\"@type\":\"SearchAction\",\"target\":{\"@type\":\"EntryPoint\",\"urlTemplate\":\"https:\\\/\\\/www.getariakotxakolina.eus\\\/fr\\\/?s={search_term_string}\"},\"query-input\":{\"@type\":\"PropertyValueSpecification\",\"valueRequired\":true,\"valueName\":\"search_term_string\"}}],\"inLanguage\":\"fr-FR\"},{\"@type\":\"Organization\",\"@id\":\"https:\\\/\\\/www.getariakotxakolina.eus\\\/fr\\\/#organization\",\"name\":\"Getariako Txakolina\",\"alternateName\":\"Getariako Txakolina\",\"url\":\"https:\\\/\\\/www.getariakotxakolina.eus\\\/fr\\\/\",\"logo\":{\"@type\":\"ImageObject\",\"inLanguage\":\"fr-FR\",\"@id\":\"https:\\\/\\\/www.getariakotxakolina.eus\\\/fr\\\/#\\\/schema\\\/logo\\\/image\\\/\",\"url\":\"https:\\\/\\\/www.getariakotxakolina.eus\\\/wp-content\\\/uploads\\\/2025\\\/07\\\/Getariako-Txakolina-Logo.svg\",\"contentUrl\":\"https:\\\/\\\/www.getariakotxakolina.eus\\\/wp-content\\\/uploads\\\/2025\\\/07\\\/Getariako-Txakolina-Logo.svg\",\"width\":417,\"height\":83,\"caption\":\"Getariako Txakolina\"},\"image\":{\"@id\":\"https:\\\/\\\/www.getariakotxakolina.eus\\\/fr\\\/#\\\/schema\\\/logo\\\/image\\\/\"},\"sameAs\":[\"https:\\\/\\\/www.facebook.com\\\/GetariakoTxakolinaDO\\\/\",\"https:\\\/\\\/www.instagram.com\\\/getariakotxakolina_do\\\/\"]},{\"@type\":\"Person\",\"@id\":\"https:\\\/\\\/www.getariakotxakolina.eus\\\/fr\\\/#\\\/schema\\\/person\\\/a5e5ff3c3ef2b02a49c0908e58468d2e\",\"name\":\"Sergio\",\"image\":{\"@type\":\"ImageObject\",\"inLanguage\":\"fr-FR\",\"@id\":\"https:\\\/\\\/secure.gravatar.com\\\/avatar\\\/a7d1b444c33a3e9943bfdc51e89ddc19ba81f816f205cf49c0f1113bad811a11?s=96&d=mm&r=g\",\"url\":\"https:\\\/\\\/secure.gravatar.com\\\/avatar\\\/a7d1b444c33a3e9943bfdc51e89ddc19ba81f816f205cf49c0f1113bad811a11?s=96&d=mm&r=g\",\"contentUrl\":\"https:\\\/\\\/secure.gravatar.com\\\/avatar\\\/a7d1b444c33a3e9943bfdc51e89ddc19ba81f816f205cf49c0f1113bad811a11?s=96&d=mm&r=g\",\"caption\":\"Sergio\"},\"sameAs\":[\"https:\\\/\\\/wordpress-958700-4452977.cloudwaysapps.com\"]}]}<\/script>\n<!-- \/ Yoast SEO plugin. -->","yoast_head_json":{"title":"Journ\u00e9es du Txakoli \u2013 Txakolin Egunak 2025 - Getariako Txakolina","description":"Getariako Txakolinaren Eguna est une f\u00eate qui r\u00e9unit amis et amateurs des caves du Txakoli de Getaria, o\u00f9 et quand sont-elles c\u00e9l\u00e9br\u00e9es?","robots":{"index":"index","follow":"follow","max-snippet":"max-snippet:-1","max-image-preview":"max-image-preview:large","max-video-preview":"max-video-preview:-1"},"canonical":"https:\/\/www.getariakotxakolina.eus\/fr\/journees-du-txakoli-de-getaria-2025\/","og_locale":"fr_FR","og_type":"article","og_title":"Journ\u00e9es du Txakoli \u2013 Txakolin Egunak 2025 - Getariako Txakolina","og_description":"Getariako Txakolinaren Eguna est une f\u00eate qui r\u00e9unit amis et amateurs des caves du Txakoli de Getaria, o\u00f9 et quand sont-elles c\u00e9l\u00e9br\u00e9es?","og_url":"https:\/\/www.getariakotxakolina.eus\/fr\/journees-du-txakoli-de-getaria-2025\/","og_site_name":"Getariako Txakolina","article_publisher":"https:\/\/www.facebook.com\/GetariakoTxakolinaDO\/","article_published_time":"2025-05-16T15:10:54+00:00","article_modified_time":"2025-12-23T16:16:52+00:00","og_image":[{"width":1500,"height":1000,"url":"https:\/\/www.getariakotxakolina.eus\/wp-content\/uploads\/2025\/07\/Dias-del-Txakoli-2025-\u2013-Txakolin-Egunak.jpg","type":"image\/jpeg"}],"author":"Sergio","twitter_card":"summary_large_image","twitter_misc":{"\u00c9crit par":"Sergio","Dur\u00e9e de lecture estim\u00e9e":"2 minutes"},"schema":{"@context":"https:\/\/schema.org","@graph":[{"@type":"Article","@id":"https:\/\/www.getariakotxakolina.eus\/fr\/journees-du-txakoli-de-getaria-2025\/#article","isPartOf":{"@id":"https:\/\/www.getariakotxakolina.eus\/fr\/journees-du-txakoli-de-getaria-2025\/"},"author":{"name":"Sergio","@id":"https:\/\/www.getariakotxakolina.eus\/fr\/#\/schema\/person\/a5e5ff3c3ef2b02a49c0908e58468d2e"},"headline":"Journ\u00e9es du Txakoli \u2013 Txakolin Egunak 2025","datePublished":"2025-05-16T15:10:54+00:00","dateModified":"2025-12-23T16:16:52+00:00","mainEntityOfPage":{"@id":"https:\/\/www.getariakotxakolina.eus\/fr\/journees-du-txakoli-de-getaria-2025\/"},"wordCount":153,"publisher":{"@id":"https:\/\/www.getariakotxakolina.eus\/fr\/#organization"},"image":{"@id":"https:\/\/www.getariakotxakolina.eus\/fr\/journees-du-txakoli-de-getaria-2025\/#primaryimage"},"thumbnailUrl":"https:\/\/www.getariakotxakolina.eus\/wp-content\/uploads\/2025\/07\/Dias-del-Txakoli-2025-\u2013-Txakolin-Egunak.jpg","articleSection":["Berriak"],"inLanguage":"fr-FR"},{"@type":"WebPage","@id":"https:\/\/www.getariakotxakolina.eus\/fr\/journees-du-txakoli-de-getaria-2025\/","url":"https:\/\/www.getariakotxakolina.eus\/fr\/journees-du-txakoli-de-getaria-2025\/","name":"Journ\u00e9es du Txakoli \u2013 Txakolin Egunak 2025 - Getariako Txakolina","isPartOf":{"@id":"https:\/\/www.getariakotxakolina.eus\/fr\/#website"},"primaryImageOfPage":{"@id":"https:\/\/www.getariakotxakolina.eus\/fr\/journees-du-txakoli-de-getaria-2025\/#primaryimage"},"image":{"@id":"https:\/\/www.getariakotxakolina.eus\/fr\/journees-du-txakoli-de-getaria-2025\/#primaryimage"},"thumbnailUrl":"https:\/\/www.getariakotxakolina.eus\/wp-content\/uploads\/2025\/07\/Dias-del-Txakoli-2025-\u2013-Txakolin-Egunak.jpg","datePublished":"2025-05-16T15:10:54+00:00","dateModified":"2025-12-23T16:16:52+00:00","description":"Getariako Txakolinaren Eguna est une f\u00eate qui r\u00e9unit amis et amateurs des caves du Txakoli de Getaria, o\u00f9 et quand sont-elles c\u00e9l\u00e9br\u00e9es?","breadcrumb":{"@id":"https:\/\/www.getariakotxakolina.eus\/fr\/journees-du-txakoli-de-getaria-2025\/#breadcrumb"},"inLanguage":"fr-FR","potentialAction":[{"@type":"ReadAction","target":["https:\/\/www.getariakotxakolina.eus\/fr\/journees-du-txakoli-de-getaria-2025\/"]}]},{"@type":"ImageObject","inLanguage":"fr-FR","@id":"https:\/\/www.getariakotxakolina.eus\/fr\/journees-du-txakoli-de-getaria-2025\/#primaryimage","url":"https:\/\/www.getariakotxakolina.eus\/wp-content\/uploads\/2025\/07\/Dias-del-Txakoli-2025-\u2013-Txakolin-Egunak.jpg","contentUrl":"https:\/\/www.getariakotxakolina.eus\/wp-content\/uploads\/2025\/07\/Dias-del-Txakoli-2025-\u2013-Txakolin-Egunak.jpg","width":1500,"height":1000,"caption":"Di\u0301as del Txakoli 2025 \u2013 Txakolin Egunak"},{"@type":"BreadcrumbList","@id":"https:\/\/www.getariakotxakolina.eus\/fr\/journees-du-txakoli-de-getaria-2025\/#breadcrumb","itemListElement":[{"@type":"ListItem","position":1,"name":"Portada","item":"https:\/\/www.getariakotxakolina.eus\/fr\/"},{"@type":"ListItem","position":2,"name":"Journ\u00e9es du Txakoli \u2013 Txakolin Egunak 2025"}]},{"@type":"WebSite","@id":"https:\/\/www.getariakotxakolina.eus\/fr\/#website","url":"https:\/\/www.getariakotxakolina.eus\/fr\/","name":"Txakol\u00ed de Getaria vino blanco con D.O. Getariako txakolina","description":"El txakoli Denominaci\u00f3n de Origen Getariako Txakolina es un vino joven de graduaci\u00f3n moderada y equilibrada acidez.","publisher":{"@id":"https:\/\/www.getariakotxakolina.eus\/fr\/#organization"},"alternateName":"Getariako txakolina","potentialAction":[{"@type":"SearchAction","target":{"@type":"EntryPoint","urlTemplate":"https:\/\/www.getariakotxakolina.eus\/fr\/?s={search_term_string}"},"query-input":{"@type":"PropertyValueSpecification","valueRequired":true,"valueName":"search_term_string"}}],"inLanguage":"fr-FR"},{"@type":"Organization","@id":"https:\/\/www.getariakotxakolina.eus\/fr\/#organization","name":"Getariako Txakolina","alternateName":"Getariako Txakolina","url":"https:\/\/www.getariakotxakolina.eus\/fr\/","logo":{"@type":"ImageObject","inLanguage":"fr-FR","@id":"https:\/\/www.getariakotxakolina.eus\/fr\/#\/schema\/logo\/image\/","url":"https:\/\/www.getariakotxakolina.eus\/wp-content\/uploads\/2025\/07\/Getariako-Txakolina-Logo.svg","contentUrl":"https:\/\/www.getariakotxakolina.eus\/wp-content\/uploads\/2025\/07\/Getariako-Txakolina-Logo.svg","width":417,"height":83,"caption":"Getariako Txakolina"},"image":{"@id":"https:\/\/www.getariakotxakolina.eus\/fr\/#\/schema\/logo\/image\/"},"sameAs":["https:\/\/www.facebook.com\/GetariakoTxakolinaDO\/","https:\/\/www.instagram.com\/getariakotxakolina_do\/"]},{"@type":"Person","@id":"https:\/\/www.getariakotxakolina.eus\/fr\/#\/schema\/person\/a5e5ff3c3ef2b02a49c0908e58468d2e","name":"Sergio","image":{"@type":"ImageObject","inLanguage":"fr-FR","@id":"https:\/\/secure.gravatar.com\/avatar\/a7d1b444c33a3e9943bfdc51e89ddc19ba81f816f205cf49c0f1113bad811a11?s=96&d=mm&r=g","url":"https:\/\/secure.gravatar.com\/avatar\/a7d1b444c33a3e9943bfdc51e89ddc19ba81f816f205cf49c0f1113bad811a11?s=96&d=mm&r=g","contentUrl":"https:\/\/secure.gravatar.com\/avatar\/a7d1b444c33a3e9943bfdc51e89ddc19ba81f816f205cf49c0f1113bad811a11?s=96&d=mm&r=g","caption":"Sergio"},"sameAs":["https:\/\/wordpress-958700-4452977.cloudwaysapps.com"]}]}},"_links":{"self":[{"href":"https:\/\/www.getariakotxakolina.eus\/fr\/wp-json\/wp\/v2\/posts\/13715","targetHints":{"allow":["GET"]}}],"collection":[{"href":"https:\/\/www.getariakotxakolina.eus\/fr\/wp-json\/wp\/v2\/posts"}],"about":[{"href":"https:\/\/www.getariakotxakolina.eus\/fr\/wp-json\/wp\/v2\/types\/post"}],"author":[{"embeddable":true,"href":"https:\/\/www.getariakotxakolina.eus\/fr\/wp-json\/wp\/v2\/users\/1"}],"replies":[{"embeddable":true,"href":"https:\/\/www.getariakotxakolina.eus\/fr\/wp-json\/wp\/v2\/comments?post=13715"}],"version-history":[{"count":0,"href":"https:\/\/www.getariakotxakolina.eus\/fr\/wp-json\/wp\/v2\/posts\/13715\/revisions"}],"wp:featuredmedia":[{"embeddable":true,"href":"https:\/\/www.getariakotxakolina.eus\/fr\/wp-json\/wp\/v2\/media\/13716"}],"wp:attachment":[{"href":"https:\/\/www.getariakotxakolina.eus\/fr\/wp-json\/wp\/v2\/media?parent=13715"}],"wp:term":[{"taxonomy":"category","embeddable":true,"href":"https:\/\/www.getariakotxakolina.eus\/fr\/wp-json\/wp\/v2\/categories?post=13715"},{"taxonomy":"post_tag","embeddable":true,"href":"https:\/\/www.getariakotxakolina.eus\/fr\/wp-json\/wp\/v2\/tags?post=13715"}],"curies":[{"name":"wp","href":"https:\/\/api.w.org\/{rel}","templated":true}]}}