{"id":14616,"date":"2026-04-01T13:05:54","date_gmt":"2026-04-01T11:05:54","guid":{"rendered":"https:\/\/www.getariakotxakolina.eus\/?p=14616"},"modified":"2026-04-01T13:05:57","modified_gmt":"2026-04-01T11:05:57","slug":"getariako-txakolina-egunak-2026","status":"publish","type":"post","link":"https:\/\/www.getariakotxakolina.eus\/es\/getariako-txakolina-egunak-2026\/","title":{"rendered":"Txakoli Egunak 2026: D\u00edas del Txakoli de Getaria"},"content":{"rendered":"\n<p class=\"gb-text destacado-blog\">Tras la presentaci\u00f3n de la cosecha durante el Txakolin Eguna de Getaria, <strong>el calendario de los Txakoli Egunak contin\u00faa<\/strong>. Una celebraci\u00f3n compartida en torno al Getariako Txakolina, donde nuestras bodegas salen al encuentro de su p\u00fablico para disfrutar juntos de la esencia de esta nueva a\u00f1ada.<\/p>\n\n\n\n<p>Los Txakolin Egunak son una cita en la que Gipuzkoa arropa a nuestras bodegas en una celebraci\u00f3n que ha sabido evolucionar con naturalidad. Lo que naci\u00f3 como una cita local es hoy un <strong>encuentro donde el Txakoli de Getaria es el protagonista de una celebraci\u00f3n popular de car\u00e1cter \u00fanico<\/strong>. Es un orgullo ver c\u00f3mo nuestras plazas se llenan de una mezcla generacional tan aut\u00e9ntica: cuadrillas de toda la vida que han visto crecer la D.O., compartiendo espacio con j\u00f3venes que eligen el Txakoli de Getaria por su frescura atl\u00e1ntica y su personalidad genuina. \ud83e\udd42\u2728<\/p>\n\n\n\n<div class=\"wp-block-cover\"><img loading=\"lazy\" decoding=\"async\" width=\"1024\" height=\"683\" class=\"wp-block-cover__image-background wp-image-14620\" alt=\"\" src=\"https:\/\/www.getariakotxakolina.eus\/wp-content\/uploads\/2026\/04\/2014-AIA.jpg\" data-object-fit=\"cover\" srcset=\"https:\/\/www.getariakotxakolina.eus\/wp-content\/uploads\/2026\/04\/2014-AIA.jpg 1024w, https:\/\/www.getariakotxakolina.eus\/wp-content\/uploads\/2026\/04\/2014-AIA-300x200.jpg 300w, https:\/\/www.getariakotxakolina.eus\/wp-content\/uploads\/2026\/04\/2014-AIA-768x512.jpg 768w\" sizes=\"auto, (max-width: 1024px) 100vw, 1024px\" \/><span aria-hidden=\"true\" class=\"wp-block-cover__background has-background-dim\"><\/span><div class=\"wp-block-cover__inner-container is-layout-flow wp-block-cover-is-layout-flow\">\n<p class=\"has-text-align-center has-large-font-size\"><\/p>\n<\/div><\/div>\n\n\n\n<h3 class=\"gb-text h2-blog\"><strong>Calidad certificada y arraigo<\/strong><\/h3>\n\n\n\n<p>El Getariako Txakolina actual ha consolidado su posici\u00f3n gracias a una exigencia constante. Pero su esencia sigue estando aqu\u00ed, en el encuentro directo con quienes nos visitan en los D\u00edas del Txakoli. Los Txakoli Egunak son la oportunidad de brindar con los productores de Getariako Txakolina, en un ambiente donde el respeto por la tradici\u00f3n y el dinamismo de las nuevas generaciones se dan la mano. \ud83c\udf0a\ud83d\udc9aTodo comenz\u00f3 con la tradicional celebraci\u00f3n de San Ant\u00f3n en Getaria, el d\u00eda que marca oficialmente el arranque de la nueva cosecha. Os <strong>contamos<\/strong> todos los detalles de aquella jornada y la presentaci\u00f3n de la a\u00f1ada [<a href=\"https:\/\/www.getariakotxakolina.eus\/es\/presentacion-de-la-cosecha-2025-de-getariako-txakolina\/\" type=\"link\" id=\"https:\/\/www.getariakotxakolina.eus\/es\/presentacion-de-la-cosecha-2025-de-getariako-txakolina\/\" target=\"_blank\" rel=\"noreferrer noopener\">aqu\u00ed<\/a>].<br><\/p>\n\n\n\n<blockquote class=\"wp-block-quote is-layout-flow wp-block-quote-is-layout-flow\">\n<p><strong>Agenda Txakoli Egunak 2026:<\/strong><\/p>\n\n\n\n<ul class=\"wp-block-list\">\n<li><strong>12 de abril:<\/strong> AIA (Pr\u00f3xima cita) \ud83d\udccd<\/li>\n\n\n\n<li><strong>16 de mayo:<\/strong> ARETXABALETA \ud83d\udccd<\/li>\n\n\n\n<li><strong>27 de junio:<\/strong> Txakolin Topaketa DONOSTIA \ud83d\udccd<\/li>\n<\/ul>\n<\/blockquote>\n\n\n\n<p>\u00a1Os esperamos!<\/p>\n","protected":false},"excerpt":{"rendered":"<p>Tras la presentaci\u00f3n de la cosecha durante el Txakolin Eguna de Getaria, el calendario de los Txakoli Egunak contin\u00faa. Una celebraci\u00f3n compartida en torno al Getariako Txakolina, donde nuestras bodegas salen al encuentro de su p\u00fablico para disfrutar juntos de la esencia de esta nueva a\u00f1ada. Los Txakolin Egunak son una cita en la que &#8230; <a title=\"Txakoli Egunak 2026: D\u00edas del Txakoli de Getaria\" class=\"read-more\" href=\"https:\/\/www.getariakotxakolina.eus\/es\/getariako-txakolina-egunak-2026\/\" aria-label=\"Leer m\u00e1s sobre Txakoli Egunak 2026: D\u00edas del Txakoli de Getaria\">Leer m\u00e1s<\/a><\/p>\n","protected":false},"author":6,"featured_media":14617,"comment_status":"open","ping_status":"open","sticky":false,"template":"","format":"standard","meta":{"_acf_changed":false,"footnotes":""},"categories":[27],"tags":[],"class_list":["post-14616","post","type-post","status-publish","format-standard","has-post-thumbnail","hentry","category-noticias","resize-featured-image"],"acf":[],"yoast_head":"<!-- This site is optimized with the Yoast SEO plugin v27.4 - https:\/\/yoast.com\/product\/yoast-seo-wordpress\/ -->\n<title>Txakoli Egunak 2026: D\u00edas del Txakoli de Getaria - Getariako Txakolina<\/title>\n<meta name=\"description\" content=\"Vuelven los Txakoli Egunak 2026. Descubre el calendario de los D\u00edas del Txakoli de la D.O. Getariako Txakolina. \u00a1Te esperamos! \ud83e\udd42\" \/>\n<meta name=\"robots\" content=\"index, follow, max-snippet:-1, max-image-preview:large, max-video-preview:-1\" \/>\n<link rel=\"canonical\" href=\"https:\/\/www.getariakotxakolina.eus\/es\/getariako-txakolina-egunak-2026\/\" \/>\n<meta property=\"og:locale\" content=\"es_ES\" \/>\n<meta property=\"og:type\" content=\"article\" \/>\n<meta property=\"og:title\" content=\"Txakoli Egunak 2026: D\u00edas del Txakoli de Getaria - Getariako Txakolina\" \/>\n<meta property=\"og:description\" content=\"Vuelven los Txakoli Egunak 2026. Descubre el calendario de los D\u00edas del Txakoli de la D.O. Getariako Txakolina. \u00a1Te esperamos! \ud83e\udd42\" \/>\n<meta property=\"og:url\" content=\"https:\/\/www.getariakotxakolina.eus\/es\/getariako-txakolina-egunak-2026\/\" \/>\n<meta property=\"og:site_name\" content=\"Getariako Txakolina\" \/>\n<meta property=\"article:publisher\" content=\"https:\/\/www.facebook.com\/GetariakoTxakolinaDO\/\" \/>\n<meta property=\"article:published_time\" content=\"2026-04-01T11:05:54+00:00\" \/>\n<meta property=\"article:modified_time\" content=\"2026-04-01T11:05:57+00:00\" \/>\n<meta property=\"og:image\" content=\"https:\/\/www.getariakotxakolina.eus\/wp-content\/uploads\/2026\/04\/Txakolin-Egunak-2026-scaled.jpg\" \/>\n\t<meta property=\"og:image:width\" content=\"2560\" \/>\n\t<meta property=\"og:image:height\" content=\"2016\" \/>\n\t<meta property=\"og:image:type\" content=\"image\/jpeg\" \/>\n<meta name=\"author\" content=\"itziar\" \/>\n<meta name=\"twitter:card\" content=\"summary_large_image\" \/>\n<meta name=\"twitter:label1\" content=\"Escrito por\" \/>\n\t<meta name=\"twitter:data1\" content=\"itziar\" \/>\n\t<meta name=\"twitter:label2\" content=\"Tiempo de lectura\" \/>\n\t<meta name=\"twitter:data2\" content=\"1 minuto\" \/>\n<script type=\"application\/ld+json\" class=\"yoast-schema-graph\">{\"@context\":\"https:\\\/\\\/schema.org\",\"@graph\":[{\"@type\":\"Article\",\"@id\":\"https:\\\/\\\/www.getariakotxakolina.eus\\\/es\\\/getariako-txakolina-egunak-2026\\\/#article\",\"isPartOf\":{\"@id\":\"https:\\\/\\\/www.getariakotxakolina.eus\\\/es\\\/getariako-txakolina-egunak-2026\\\/\"},\"author\":{\"name\":\"itziar\",\"@id\":\"https:\\\/\\\/www.getariakotxakolina.eus\\\/es\\\/#\\\/schema\\\/person\\\/115facaacce37a6eac517dde693953b7\"},\"headline\":\"Txakoli Egunak 2026: D\u00edas del Txakoli de Getaria\",\"datePublished\":\"2026-04-01T11:05:54+00:00\",\"dateModified\":\"2026-04-01T11:05:57+00:00\",\"mainEntityOfPage\":{\"@id\":\"https:\\\/\\\/www.getariakotxakolina.eus\\\/es\\\/getariako-txakolina-egunak-2026\\\/\"},\"wordCount\":294,\"commentCount\":0,\"publisher\":{\"@id\":\"https:\\\/\\\/www.getariakotxakolina.eus\\\/es\\\/#organization\"},\"image\":{\"@id\":\"https:\\\/\\\/www.getariakotxakolina.eus\\\/es\\\/getariako-txakolina-egunak-2026\\\/#primaryimage\"},\"thumbnailUrl\":\"https:\\\/\\\/www.getariakotxakolina.eus\\\/wp-content\\\/uploads\\\/2026\\\/04\\\/Txakolin-Egunak-2026-scaled.jpg\",\"articleSection\":[\"Noticias\"],\"inLanguage\":\"es\",\"potentialAction\":[{\"@type\":\"CommentAction\",\"name\":\"Comment\",\"target\":[\"https:\\\/\\\/www.getariakotxakolina.eus\\\/es\\\/getariako-txakolina-egunak-2026\\\/#respond\"]}]},{\"@type\":\"WebPage\",\"@id\":\"https:\\\/\\\/www.getariakotxakolina.eus\\\/es\\\/getariako-txakolina-egunak-2026\\\/\",\"url\":\"https:\\\/\\\/www.getariakotxakolina.eus\\\/es\\\/getariako-txakolina-egunak-2026\\\/\",\"name\":\"Txakoli Egunak 2026: D\u00edas del Txakoli de Getaria - Getariako Txakolina\",\"isPartOf\":{\"@id\":\"https:\\\/\\\/www.getariakotxakolina.eus\\\/es\\\/#website\"},\"primaryImageOfPage\":{\"@id\":\"https:\\\/\\\/www.getariakotxakolina.eus\\\/es\\\/getariako-txakolina-egunak-2026\\\/#primaryimage\"},\"image\":{\"@id\":\"https:\\\/\\\/www.getariakotxakolina.eus\\\/es\\\/getariako-txakolina-egunak-2026\\\/#primaryimage\"},\"thumbnailUrl\":\"https:\\\/\\\/www.getariakotxakolina.eus\\\/wp-content\\\/uploads\\\/2026\\\/04\\\/Txakolin-Egunak-2026-scaled.jpg\",\"datePublished\":\"2026-04-01T11:05:54+00:00\",\"dateModified\":\"2026-04-01T11:05:57+00:00\",\"description\":\"Vuelven los Txakoli Egunak 2026. Descubre el calendario de los D\u00edas del Txakoli de la D.O. Getariako Txakolina. \u00a1Te esperamos! \ud83e\udd42\",\"breadcrumb\":{\"@id\":\"https:\\\/\\\/www.getariakotxakolina.eus\\\/es\\\/getariako-txakolina-egunak-2026\\\/#breadcrumb\"},\"inLanguage\":\"es\",\"potentialAction\":[{\"@type\":\"ReadAction\",\"target\":[\"https:\\\/\\\/www.getariakotxakolina.eus\\\/es\\\/getariako-txakolina-egunak-2026\\\/\"]}]},{\"@type\":\"ImageObject\",\"inLanguage\":\"es\",\"@id\":\"https:\\\/\\\/www.getariakotxakolina.eus\\\/es\\\/getariako-txakolina-egunak-2026\\\/#primaryimage\",\"url\":\"https:\\\/\\\/www.getariakotxakolina.eus\\\/wp-content\\\/uploads\\\/2026\\\/04\\\/Txakolin-Egunak-2026-scaled.jpg\",\"contentUrl\":\"https:\\\/\\\/www.getariakotxakolina.eus\\\/wp-content\\\/uploads\\\/2026\\\/04\\\/Txakolin-Egunak-2026-scaled.jpg\",\"width\":2560,\"height\":2016,\"caption\":\"Txakoli Egunak 2026\"},{\"@type\":\"BreadcrumbList\",\"@id\":\"https:\\\/\\\/www.getariakotxakolina.eus\\\/es\\\/getariako-txakolina-egunak-2026\\\/#breadcrumb\",\"itemListElement\":[{\"@type\":\"ListItem\",\"position\":1,\"name\":\"Portada\",\"item\":\"https:\\\/\\\/www.getariakotxakolina.eus\\\/es\\\/\"},{\"@type\":\"ListItem\",\"position\":2,\"name\":\"Txakoli Egunak 2026: D\u00edas del Txakoli de Getaria\"}]},{\"@type\":\"WebSite\",\"@id\":\"https:\\\/\\\/www.getariakotxakolina.eus\\\/es\\\/#website\",\"url\":\"https:\\\/\\\/www.getariakotxakolina.eus\\\/es\\\/\",\"name\":\"Txakol\u00ed de Getaria vino blanco con D.O. Getariako txakolina\",\"description\":\"El txakoli Denominaci\u00f3n de Origen Getariako Txakolina es un vino joven de graduaci\u00f3n moderada y equilibrada acidez.\",\"publisher\":{\"@id\":\"https:\\\/\\\/www.getariakotxakolina.eus\\\/es\\\/#organization\"},\"alternateName\":\"Getariako txakolina\",\"potentialAction\":[{\"@type\":\"SearchAction\",\"target\":{\"@type\":\"EntryPoint\",\"urlTemplate\":\"https:\\\/\\\/www.getariakotxakolina.eus\\\/es\\\/?s={search_term_string}\"},\"query-input\":{\"@type\":\"PropertyValueSpecification\",\"valueRequired\":true,\"valueName\":\"search_term_string\"}}],\"inLanguage\":\"es\"},{\"@type\":\"Organization\",\"@id\":\"https:\\\/\\\/www.getariakotxakolina.eus\\\/es\\\/#organization\",\"name\":\"Getariako Txakolina\",\"alternateName\":\"Getariako Txakolina\",\"url\":\"https:\\\/\\\/www.getariakotxakolina.eus\\\/es\\\/\",\"logo\":{\"@type\":\"ImageObject\",\"inLanguage\":\"es\",\"@id\":\"https:\\\/\\\/www.getariakotxakolina.eus\\\/es\\\/#\\\/schema\\\/logo\\\/image\\\/\",\"url\":\"https:\\\/\\\/www.getariakotxakolina.eus\\\/wp-content\\\/uploads\\\/2025\\\/07\\\/Getariako-Txakolina-Logo.svg\",\"contentUrl\":\"https:\\\/\\\/www.getariakotxakolina.eus\\\/wp-content\\\/uploads\\\/2025\\\/07\\\/Getariako-Txakolina-Logo.svg\",\"width\":417,\"height\":83,\"caption\":\"Getariako Txakolina\"},\"image\":{\"@id\":\"https:\\\/\\\/www.getariakotxakolina.eus\\\/es\\\/#\\\/schema\\\/logo\\\/image\\\/\"},\"sameAs\":[\"https:\\\/\\\/www.facebook.com\\\/GetariakoTxakolinaDO\\\/\",\"https:\\\/\\\/www.instagram.com\\\/getariakotxakolina_do\\\/\"]},{\"@type\":\"Person\",\"@id\":\"https:\\\/\\\/www.getariakotxakolina.eus\\\/es\\\/#\\\/schema\\\/person\\\/115facaacce37a6eac517dde693953b7\",\"name\":\"itziar\",\"image\":{\"@type\":\"ImageObject\",\"inLanguage\":\"es\",\"@id\":\"https:\\\/\\\/secure.gravatar.com\\\/avatar\\\/4af3fd62d068ce8af98d682eaba8ef36a796d266a9e0a9698eb1b65b95a752f5?s=96&d=mm&r=g\",\"url\":\"https:\\\/\\\/secure.gravatar.com\\\/avatar\\\/4af3fd62d068ce8af98d682eaba8ef36a796d266a9e0a9698eb1b65b95a752f5?s=96&d=mm&r=g\",\"contentUrl\":\"https:\\\/\\\/secure.gravatar.com\\\/avatar\\\/4af3fd62d068ce8af98d682eaba8ef36a796d266a9e0a9698eb1b65b95a752f5?s=96&d=mm&r=g\",\"caption\":\"itziar\"}}]}<\/script>\n<!-- \/ Yoast SEO plugin. -->","yoast_head_json":{"title":"Txakoli Egunak 2026: D\u00edas del Txakoli de Getaria - Getariako Txakolina","description":"Vuelven los Txakoli Egunak 2026. Descubre el calendario de los D\u00edas del Txakoli de la D.O. Getariako Txakolina. \u00a1Te esperamos! \ud83e\udd42","robots":{"index":"index","follow":"follow","max-snippet":"max-snippet:-1","max-image-preview":"max-image-preview:large","max-video-preview":"max-video-preview:-1"},"canonical":"https:\/\/www.getariakotxakolina.eus\/es\/getariako-txakolina-egunak-2026\/","og_locale":"es_ES","og_type":"article","og_title":"Txakoli Egunak 2026: D\u00edas del Txakoli de Getaria - Getariako Txakolina","og_description":"Vuelven los Txakoli Egunak 2026. Descubre el calendario de los D\u00edas del Txakoli de la D.O. Getariako Txakolina. \u00a1Te esperamos! \ud83e\udd42","og_url":"https:\/\/www.getariakotxakolina.eus\/es\/getariako-txakolina-egunak-2026\/","og_site_name":"Getariako Txakolina","article_publisher":"https:\/\/www.facebook.com\/GetariakoTxakolinaDO\/","article_published_time":"2026-04-01T11:05:54+00:00","article_modified_time":"2026-04-01T11:05:57+00:00","og_image":[{"width":2560,"height":2016,"url":"https:\/\/www.getariakotxakolina.eus\/wp-content\/uploads\/2026\/04\/Txakolin-Egunak-2026-scaled.jpg","type":"image\/jpeg"}],"author":"itziar","twitter_card":"summary_large_image","twitter_misc":{"Escrito por":"itziar","Tiempo de lectura":"1 minuto"},"schema":{"@context":"https:\/\/schema.org","@graph":[{"@type":"Article","@id":"https:\/\/www.getariakotxakolina.eus\/es\/getariako-txakolina-egunak-2026\/#article","isPartOf":{"@id":"https:\/\/www.getariakotxakolina.eus\/es\/getariako-txakolina-egunak-2026\/"},"author":{"name":"itziar","@id":"https:\/\/www.getariakotxakolina.eus\/es\/#\/schema\/person\/115facaacce37a6eac517dde693953b7"},"headline":"Txakoli Egunak 2026: D\u00edas del Txakoli de Getaria","datePublished":"2026-04-01T11:05:54+00:00","dateModified":"2026-04-01T11:05:57+00:00","mainEntityOfPage":{"@id":"https:\/\/www.getariakotxakolina.eus\/es\/getariako-txakolina-egunak-2026\/"},"wordCount":294,"commentCount":0,"publisher":{"@id":"https:\/\/www.getariakotxakolina.eus\/es\/#organization"},"image":{"@id":"https:\/\/www.getariakotxakolina.eus\/es\/getariako-txakolina-egunak-2026\/#primaryimage"},"thumbnailUrl":"https:\/\/www.getariakotxakolina.eus\/wp-content\/uploads\/2026\/04\/Txakolin-Egunak-2026-scaled.jpg","articleSection":["Noticias"],"inLanguage":"es","potentialAction":[{"@type":"CommentAction","name":"Comment","target":["https:\/\/www.getariakotxakolina.eus\/es\/getariako-txakolina-egunak-2026\/#respond"]}]},{"@type":"WebPage","@id":"https:\/\/www.getariakotxakolina.eus\/es\/getariako-txakolina-egunak-2026\/","url":"https:\/\/www.getariakotxakolina.eus\/es\/getariako-txakolina-egunak-2026\/","name":"Txakoli Egunak 2026: D\u00edas del Txakoli de Getaria - Getariako Txakolina","isPartOf":{"@id":"https:\/\/www.getariakotxakolina.eus\/es\/#website"},"primaryImageOfPage":{"@id":"https:\/\/www.getariakotxakolina.eus\/es\/getariako-txakolina-egunak-2026\/#primaryimage"},"image":{"@id":"https:\/\/www.getariakotxakolina.eus\/es\/getariako-txakolina-egunak-2026\/#primaryimage"},"thumbnailUrl":"https:\/\/www.getariakotxakolina.eus\/wp-content\/uploads\/2026\/04\/Txakolin-Egunak-2026-scaled.jpg","datePublished":"2026-04-01T11:05:54+00:00","dateModified":"2026-04-01T11:05:57+00:00","description":"Vuelven los Txakoli Egunak 2026. Descubre el calendario de los D\u00edas del Txakoli de la D.O. Getariako Txakolina. \u00a1Te esperamos! \ud83e\udd42","breadcrumb":{"@id":"https:\/\/www.getariakotxakolina.eus\/es\/getariako-txakolina-egunak-2026\/#breadcrumb"},"inLanguage":"es","potentialAction":[{"@type":"ReadAction","target":["https:\/\/www.getariakotxakolina.eus\/es\/getariako-txakolina-egunak-2026\/"]}]},{"@type":"ImageObject","inLanguage":"es","@id":"https:\/\/www.getariakotxakolina.eus\/es\/getariako-txakolina-egunak-2026\/#primaryimage","url":"https:\/\/www.getariakotxakolina.eus\/wp-content\/uploads\/2026\/04\/Txakolin-Egunak-2026-scaled.jpg","contentUrl":"https:\/\/www.getariakotxakolina.eus\/wp-content\/uploads\/2026\/04\/Txakolin-Egunak-2026-scaled.jpg","width":2560,"height":2016,"caption":"Txakoli Egunak 2026"},{"@type":"BreadcrumbList","@id":"https:\/\/www.getariakotxakolina.eus\/es\/getariako-txakolina-egunak-2026\/#breadcrumb","itemListElement":[{"@type":"ListItem","position":1,"name":"Portada","item":"https:\/\/www.getariakotxakolina.eus\/es\/"},{"@type":"ListItem","position":2,"name":"Txakoli Egunak 2026: D\u00edas del Txakoli de Getaria"}]},{"@type":"WebSite","@id":"https:\/\/www.getariakotxakolina.eus\/es\/#website","url":"https:\/\/www.getariakotxakolina.eus\/es\/","name":"Txakol\u00ed de Getaria vino blanco con D.O. Getariako txakolina","description":"El txakoli Denominaci\u00f3n de Origen Getariako Txakolina es un vino joven de graduaci\u00f3n moderada y equilibrada acidez.","publisher":{"@id":"https:\/\/www.getariakotxakolina.eus\/es\/#organization"},"alternateName":"Getariako txakolina","potentialAction":[{"@type":"SearchAction","target":{"@type":"EntryPoint","urlTemplate":"https:\/\/www.getariakotxakolina.eus\/es\/?s={search_term_string}"},"query-input":{"@type":"PropertyValueSpecification","valueRequired":true,"valueName":"search_term_string"}}],"inLanguage":"es"},{"@type":"Organization","@id":"https:\/\/www.getariakotxakolina.eus\/es\/#organization","name":"Getariako Txakolina","alternateName":"Getariako Txakolina","url":"https:\/\/www.getariakotxakolina.eus\/es\/","logo":{"@type":"ImageObject","inLanguage":"es","@id":"https:\/\/www.getariakotxakolina.eus\/es\/#\/schema\/logo\/image\/","url":"https:\/\/www.getariakotxakolina.eus\/wp-content\/uploads\/2025\/07\/Getariako-Txakolina-Logo.svg","contentUrl":"https:\/\/www.getariakotxakolina.eus\/wp-content\/uploads\/2025\/07\/Getariako-Txakolina-Logo.svg","width":417,"height":83,"caption":"Getariako Txakolina"},"image":{"@id":"https:\/\/www.getariakotxakolina.eus\/es\/#\/schema\/logo\/image\/"},"sameAs":["https:\/\/www.facebook.com\/GetariakoTxakolinaDO\/","https:\/\/www.instagram.com\/getariakotxakolina_do\/"]},{"@type":"Person","@id":"https:\/\/www.getariakotxakolina.eus\/es\/#\/schema\/person\/115facaacce37a6eac517dde693953b7","name":"itziar","image":{"@type":"ImageObject","inLanguage":"es","@id":"https:\/\/secure.gravatar.com\/avatar\/4af3fd62d068ce8af98d682eaba8ef36a796d266a9e0a9698eb1b65b95a752f5?s=96&d=mm&r=g","url":"https:\/\/secure.gravatar.com\/avatar\/4af3fd62d068ce8af98d682eaba8ef36a796d266a9e0a9698eb1b65b95a752f5?s=96&d=mm&r=g","contentUrl":"https:\/\/secure.gravatar.com\/avatar\/4af3fd62d068ce8af98d682eaba8ef36a796d266a9e0a9698eb1b65b95a752f5?s=96&d=mm&r=g","caption":"itziar"}}]}},"_links":{"self":[{"href":"https:\/\/www.getariakotxakolina.eus\/es\/wp-json\/wp\/v2\/posts\/14616","targetHints":{"allow":["GET"]}}],"collection":[{"href":"https:\/\/www.getariakotxakolina.eus\/es\/wp-json\/wp\/v2\/posts"}],"about":[{"href":"https:\/\/www.getariakotxakolina.eus\/es\/wp-json\/wp\/v2\/types\/post"}],"author":[{"embeddable":true,"href":"https:\/\/www.getariakotxakolina.eus\/es\/wp-json\/wp\/v2\/users\/6"}],"replies":[{"embeddable":true,"href":"https:\/\/www.getariakotxakolina.eus\/es\/wp-json\/wp\/v2\/comments?post=14616"}],"version-history":[{"count":4,"href":"https:\/\/www.getariakotxakolina.eus\/es\/wp-json\/wp\/v2\/posts\/14616\/revisions"}],"predecessor-version":[{"id":14622,"href":"https:\/\/www.getariakotxakolina.eus\/es\/wp-json\/wp\/v2\/posts\/14616\/revisions\/14622"}],"wp:featuredmedia":[{"embeddable":true,"href":"https:\/\/www.getariakotxakolina.eus\/es\/wp-json\/wp\/v2\/media\/14617"}],"wp:attachment":[{"href":"https:\/\/www.getariakotxakolina.eus\/es\/wp-json\/wp\/v2\/media?parent=14616"}],"wp:term":[{"taxonomy":"category","embeddable":true,"href":"https:\/\/www.getariakotxakolina.eus\/es\/wp-json\/wp\/v2\/categories?post=14616"},{"taxonomy":"post_tag","embeddable":true,"href":"https:\/\/www.getariakotxakolina.eus\/es\/wp-json\/wp\/v2\/tags?post=14616"}],"curies":[{"name":"wp","href":"https:\/\/api.w.org\/{rel}","templated":true}]}}