{"id":13704,"date":"2019-04-29T07:49:00","date_gmt":"2019-04-29T05:49:00","guid":{"rendered":"https:\/\/www.getariakotxakolina.eus\/gastroandere-gipuzkoar-gastronomian-emakumeei-omenaldi\/"},"modified":"2025-12-23T18:00:00","modified_gmt":"2025-12-23T17:00:00","slug":"getariako-txakolina-en-gastroandere","status":"publish","type":"post","link":"https:\/\/www.getariakotxakolina.eus\/es\/getariako-txakolina-en-gastroandere\/","title":{"rendered":"Getariako Txakolina con las mujeres de la gastronom\u00eda en Gastroandere"},"content":{"rendered":"\n<div class=\"contenedor-blog\">\n<p class=\"gb-text destacado-blog\">El pasado mi\u00e9rcoles 27 de marzo la Cofrad\u00eda Vasca de Gastronom\u00eda ofreci\u00f3 un emotivo homenaje a las mujeres que han sido clave en la gastronom\u00eda gipuzkoana. La D.O. Getariako Txakolina apoy\u00f3 este evento, que tuvo lugar en el sal\u00f3n de Plenos del Ayuntamiento de Donostia.<\/p>\n\n\n\n<p>Tras el saludo y bienvenida por parte del Alcalde de Donostia, Eneko Goia, el &nbsp;homenaje comenz\u00f3 con una mesa redonda conducida por la antrop\u00f3loga Aitzpea Leizaola y en la que participaron Visi Irizar, Tatusa Fombellida, Mar\u00eda Lu\u00edsa Eceiza y Aizpea Oihaneder, mujeres de distintas generaciones que expusieron sus vivencias en su trayectoria dentro del mundo de la gastronom\u00eda.<\/p>\n\n\n\n<p>Tras este interesante coloquio intergeneracional, se pas\u00f3 a ofrecer el EGUZKILORE a cada una de las&nbsp;<a href=\"https:\/\/drive.google.com\/open?id=1-47aUKB_nuYwh3sB-1yjNPVkeA5MshpN\" target=\"_blank\" rel=\"noreferrer noopener\">GASTROANDERE<\/a>&nbsp;homenajeadas.&nbsp;Tras la entrega, se bail\u00f3 el Aurresku de Honor y se realiz\u00f3 la foto de familia de todas ellas.<\/p>\n\n\n\n<p>Para finalizar esta jornada tan emotiva, las homenajeadas junto con &nbsp;sus familiares y amigos pasaron a disfrutar de una cena en la Sociedad de la&nbsp;<a href=\"http:\/\/www.gastronomica.com\/es\/\" target=\"_blank\" rel=\"noreferrer noopener\">Cofrad\u00eda Vasca de Gastronom\u00eda<\/a>&nbsp;al pie del Monte Urgull en la parte vieja donostiarra.<\/p>\n\n\n\n<p>La\u00a0<a href=\"http:\/\/www.getariakotxakolina.com\/\">D.O. Getariako Txakolina<\/a>\u00a0ha apoyado este acto como agradecimiento a todas las mujeres que han sabido mantener la cocina tradicional vasca, defender \u00a0nuestros productos y saber amoldarse a las nuevas tendencias e innovaciones en el mundo de la gastronom\u00eda.<\/p>\n\n\n\n<img loading=\"lazy\" decoding=\"async\" width=\"400\" height=\"183\" class=\"gb-media-d9e99711\" alt=\"Getariako-Txakolina\" src=\"https:\/\/www.getariakotxakolina.eus\/wp-content\/uploads\/2019\/04\/Getariako-Txakolina.jpg\" title=\"Getariako-Txakolina\" srcset=\"https:\/\/www.getariakotxakolina.eus\/wp-content\/uploads\/2019\/04\/Getariako-Txakolina.jpg 400w, https:\/\/www.getariakotxakolina.eus\/wp-content\/uploads\/2019\/04\/Getariako-Txakolina-300x137.jpg 300w\" sizes=\"auto, (max-width: 400px) 100vw, 400px\" \/>\n<\/div>\n","protected":false},"excerpt":{"rendered":"<p>El pasado mi\u00e9rcoles 27 de marzo la Cofrad\u00eda Vasca de Gastronom\u00eda ofreci\u00f3 un emotivo homenaje a las mujeres que han sido clave en la gastronom\u00eda gipuzkoana. La D.O. Getariako Txakolina apoy\u00f3 este evento, que tuvo lugar en el sal\u00f3n de Plenos del Ayuntamiento de Donostia. Tras el saludo y bienvenida por parte del Alcalde de &#8230; <a title=\"Getariako Txakolina con las mujeres de la gastronom\u00eda en Gastroandere\" class=\"read-more\" href=\"https:\/\/www.getariakotxakolina.eus\/es\/getariako-txakolina-en-gastroandere\/\" aria-label=\"Leer m\u00e1s sobre Getariako Txakolina con las mujeres de la gastronom\u00eda en Gastroandere\">Leer m\u00e1s<\/a><\/p>\n","protected":false},"author":1,"featured_media":13705,"comment_status":"closed","ping_status":"open","sticky":false,"template":"","format":"standard","meta":{"_acf_changed":false,"footnotes":""},"categories":[27],"tags":[],"class_list":["post-13704","post","type-post","status-publish","format-standard","has-post-thumbnail","hentry","category-noticias","resize-featured-image"],"acf":[],"yoast_head":"<!-- This site is optimized with the Yoast SEO plugin v27.4 - https:\/\/yoast.com\/product\/yoast-seo-wordpress\/ -->\n<title>Getariako Txakolina eta Gastroandere<\/title>\n<meta name=\"description\" content=\"La D.O. Getariako Txakolina apoy\u00f3 el evento Gastroandere, que tuvo lugar el pasado 27 de marzo en homenaje a las mujeres de la gastronom\u00eda gipuzkoana.\" \/>\n<meta name=\"robots\" content=\"index, follow, max-snippet:-1, max-image-preview:large, max-video-preview:-1\" \/>\n<link rel=\"canonical\" href=\"https:\/\/www.getariakotxakolina.eus\/es\/getariako-txakolina-en-gastroandere\/\" \/>\n<meta property=\"og:locale\" content=\"es_ES\" \/>\n<meta property=\"og:type\" content=\"article\" \/>\n<meta property=\"og:title\" content=\"Getariako Txakolina eta Gastroandere\" \/>\n<meta property=\"og:description\" content=\"La D.O. Getariako Txakolina apoy\u00f3 el evento Gastroandere, que tuvo lugar el pasado 27 de marzo en homenaje a las mujeres de la gastronom\u00eda gipuzkoana.\" \/>\n<meta property=\"og:url\" content=\"https:\/\/www.getariakotxakolina.eus\/es\/getariako-txakolina-en-gastroandere\/\" \/>\n<meta property=\"og:site_name\" content=\"Getariako Txakolina\" \/>\n<meta property=\"article:publisher\" content=\"https:\/\/www.facebook.com\/GetariakoTxakolinaDO\/\" \/>\n<meta property=\"article:published_time\" content=\"2019-04-29T05:49:00+00:00\" \/>\n<meta property=\"article:modified_time\" content=\"2025-12-23T17:00:00+00:00\" \/>\n<meta property=\"og:image\" content=\"https:\/\/www.getariakotxakolina.eus\/wp-content\/uploads\/2025\/11\/Gastroandere-2.jpg\" \/>\n\t<meta property=\"og:image:width\" content=\"800\" \/>\n\t<meta property=\"og:image:height\" content=\"508\" \/>\n\t<meta property=\"og:image:type\" content=\"image\/jpeg\" \/>\n<meta name=\"author\" content=\"Sergio\" \/>\n<meta name=\"twitter:card\" content=\"summary_large_image\" \/>\n<meta name=\"twitter:label1\" content=\"Escrito por\" \/>\n\t<meta name=\"twitter:data1\" content=\"Sergio\" \/>\n\t<meta name=\"twitter:label2\" content=\"Tiempo de lectura\" \/>\n\t<meta name=\"twitter:data2\" content=\"2 minutos\" \/>\n<script type=\"application\/ld+json\" class=\"yoast-schema-graph\">{\"@context\":\"https:\\\/\\\/schema.org\",\"@graph\":[{\"@type\":\"Article\",\"@id\":\"https:\\\/\\\/www.getariakotxakolina.eus\\\/es\\\/getariako-txakolina-en-gastroandere\\\/#article\",\"isPartOf\":{\"@id\":\"https:\\\/\\\/www.getariakotxakolina.eus\\\/es\\\/getariako-txakolina-en-gastroandere\\\/\"},\"author\":{\"name\":\"Sergio\",\"@id\":\"https:\\\/\\\/www.getariakotxakolina.eus\\\/es\\\/#\\\/schema\\\/person\\\/a5e5ff3c3ef2b02a49c0908e58468d2e\"},\"headline\":\"Getariako Txakolina con las mujeres de la gastronom\u00eda en Gastroandere\",\"datePublished\":\"2019-04-29T05:49:00+00:00\",\"dateModified\":\"2025-12-23T17:00:00+00:00\",\"mainEntityOfPage\":{\"@id\":\"https:\\\/\\\/www.getariakotxakolina.eus\\\/es\\\/getariako-txakolina-en-gastroandere\\\/\"},\"wordCount\":250,\"publisher\":{\"@id\":\"https:\\\/\\\/www.getariakotxakolina.eus\\\/es\\\/#organization\"},\"image\":{\"@id\":\"https:\\\/\\\/www.getariakotxakolina.eus\\\/es\\\/getariako-txakolina-en-gastroandere\\\/#primaryimage\"},\"thumbnailUrl\":\"https:\\\/\\\/www.getariakotxakolina.eus\\\/wp-content\\\/uploads\\\/2025\\\/11\\\/Gastroandere-2.jpg\",\"articleSection\":[\"Noticias\"],\"inLanguage\":\"es\"},{\"@type\":\"WebPage\",\"@id\":\"https:\\\/\\\/www.getariakotxakolina.eus\\\/es\\\/getariako-txakolina-en-gastroandere\\\/\",\"url\":\"https:\\\/\\\/www.getariakotxakolina.eus\\\/es\\\/getariako-txakolina-en-gastroandere\\\/\",\"name\":\"Getariako Txakolina eta Gastroandere\",\"isPartOf\":{\"@id\":\"https:\\\/\\\/www.getariakotxakolina.eus\\\/es\\\/#website\"},\"primaryImageOfPage\":{\"@id\":\"https:\\\/\\\/www.getariakotxakolina.eus\\\/es\\\/getariako-txakolina-en-gastroandere\\\/#primaryimage\"},\"image\":{\"@id\":\"https:\\\/\\\/www.getariakotxakolina.eus\\\/es\\\/getariako-txakolina-en-gastroandere\\\/#primaryimage\"},\"thumbnailUrl\":\"https:\\\/\\\/www.getariakotxakolina.eus\\\/wp-content\\\/uploads\\\/2025\\\/11\\\/Gastroandere-2.jpg\",\"datePublished\":\"2019-04-29T05:49:00+00:00\",\"dateModified\":\"2025-12-23T17:00:00+00:00\",\"description\":\"La D.O. Getariako Txakolina apoy\u00f3 el evento Gastroandere, que tuvo lugar el pasado 27 de marzo en homenaje a las mujeres de la gastronom\u00eda gipuzkoana.\",\"breadcrumb\":{\"@id\":\"https:\\\/\\\/www.getariakotxakolina.eus\\\/es\\\/getariako-txakolina-en-gastroandere\\\/#breadcrumb\"},\"inLanguage\":\"es\",\"potentialAction\":[{\"@type\":\"ReadAction\",\"target\":[\"https:\\\/\\\/www.getariakotxakolina.eus\\\/es\\\/getariako-txakolina-en-gastroandere\\\/\"]}]},{\"@type\":\"ImageObject\",\"inLanguage\":\"es\",\"@id\":\"https:\\\/\\\/www.getariakotxakolina.eus\\\/es\\\/getariako-txakolina-en-gastroandere\\\/#primaryimage\",\"url\":\"https:\\\/\\\/www.getariakotxakolina.eus\\\/wp-content\\\/uploads\\\/2025\\\/11\\\/Gastroandere-2.jpg\",\"contentUrl\":\"https:\\\/\\\/www.getariakotxakolina.eus\\\/wp-content\\\/uploads\\\/2025\\\/11\\\/Gastroandere-2.jpg\",\"width\":800,\"height\":508,\"caption\":\"Gastroandere-2\"},{\"@type\":\"BreadcrumbList\",\"@id\":\"https:\\\/\\\/www.getariakotxakolina.eus\\\/es\\\/getariako-txakolina-en-gastroandere\\\/#breadcrumb\",\"itemListElement\":[{\"@type\":\"ListItem\",\"position\":1,\"name\":\"Portada\",\"item\":\"https:\\\/\\\/www.getariakotxakolina.eus\\\/es\\\/\"},{\"@type\":\"ListItem\",\"position\":2,\"name\":\"Getariako Txakolina con las mujeres de la gastronom\u00eda en Gastroandere\"}]},{\"@type\":\"WebSite\",\"@id\":\"https:\\\/\\\/www.getariakotxakolina.eus\\\/es\\\/#website\",\"url\":\"https:\\\/\\\/www.getariakotxakolina.eus\\\/es\\\/\",\"name\":\"Txakol\u00ed de Getaria vino blanco con D.O. Getariako txakolina\",\"description\":\"El txakoli Denominaci\u00f3n de Origen Getariako Txakolina es un vino joven de graduaci\u00f3n moderada y equilibrada acidez.\",\"publisher\":{\"@id\":\"https:\\\/\\\/www.getariakotxakolina.eus\\\/es\\\/#organization\"},\"alternateName\":\"Getariako txakolina\",\"potentialAction\":[{\"@type\":\"SearchAction\",\"target\":{\"@type\":\"EntryPoint\",\"urlTemplate\":\"https:\\\/\\\/www.getariakotxakolina.eus\\\/es\\\/?s={search_term_string}\"},\"query-input\":{\"@type\":\"PropertyValueSpecification\",\"valueRequired\":true,\"valueName\":\"search_term_string\"}}],\"inLanguage\":\"es\"},{\"@type\":\"Organization\",\"@id\":\"https:\\\/\\\/www.getariakotxakolina.eus\\\/es\\\/#organization\",\"name\":\"Getariako Txakolina\",\"alternateName\":\"Getariako Txakolina\",\"url\":\"https:\\\/\\\/www.getariakotxakolina.eus\\\/es\\\/\",\"logo\":{\"@type\":\"ImageObject\",\"inLanguage\":\"es\",\"@id\":\"https:\\\/\\\/www.getariakotxakolina.eus\\\/es\\\/#\\\/schema\\\/logo\\\/image\\\/\",\"url\":\"https:\\\/\\\/www.getariakotxakolina.eus\\\/wp-content\\\/uploads\\\/2025\\\/07\\\/Getariako-Txakolina-Logo.svg\",\"contentUrl\":\"https:\\\/\\\/www.getariakotxakolina.eus\\\/wp-content\\\/uploads\\\/2025\\\/07\\\/Getariako-Txakolina-Logo.svg\",\"width\":417,\"height\":83,\"caption\":\"Getariako Txakolina\"},\"image\":{\"@id\":\"https:\\\/\\\/www.getariakotxakolina.eus\\\/es\\\/#\\\/schema\\\/logo\\\/image\\\/\"},\"sameAs\":[\"https:\\\/\\\/www.facebook.com\\\/GetariakoTxakolinaDO\\\/\",\"https:\\\/\\\/www.instagram.com\\\/getariakotxakolina_do\\\/\"]},{\"@type\":\"Person\",\"@id\":\"https:\\\/\\\/www.getariakotxakolina.eus\\\/es\\\/#\\\/schema\\\/person\\\/a5e5ff3c3ef2b02a49c0908e58468d2e\",\"name\":\"Sergio\",\"image\":{\"@type\":\"ImageObject\",\"inLanguage\":\"es\",\"@id\":\"https:\\\/\\\/secure.gravatar.com\\\/avatar\\\/a7d1b444c33a3e9943bfdc51e89ddc19ba81f816f205cf49c0f1113bad811a11?s=96&d=mm&r=g\",\"url\":\"https:\\\/\\\/secure.gravatar.com\\\/avatar\\\/a7d1b444c33a3e9943bfdc51e89ddc19ba81f816f205cf49c0f1113bad811a11?s=96&d=mm&r=g\",\"contentUrl\":\"https:\\\/\\\/secure.gravatar.com\\\/avatar\\\/a7d1b444c33a3e9943bfdc51e89ddc19ba81f816f205cf49c0f1113bad811a11?s=96&d=mm&r=g\",\"caption\":\"Sergio\"},\"sameAs\":[\"https:\\\/\\\/wordpress-958700-4452977.cloudwaysapps.com\"]}]}<\/script>\n<!-- \/ Yoast SEO plugin. -->","yoast_head_json":{"title":"Getariako Txakolina eta Gastroandere","description":"La D.O. Getariako Txakolina apoy\u00f3 el evento Gastroandere, que tuvo lugar el pasado 27 de marzo en homenaje a las mujeres de la gastronom\u00eda gipuzkoana.","robots":{"index":"index","follow":"follow","max-snippet":"max-snippet:-1","max-image-preview":"max-image-preview:large","max-video-preview":"max-video-preview:-1"},"canonical":"https:\/\/www.getariakotxakolina.eus\/es\/getariako-txakolina-en-gastroandere\/","og_locale":"es_ES","og_type":"article","og_title":"Getariako Txakolina eta Gastroandere","og_description":"La D.O. Getariako Txakolina apoy\u00f3 el evento Gastroandere, que tuvo lugar el pasado 27 de marzo en homenaje a las mujeres de la gastronom\u00eda gipuzkoana.","og_url":"https:\/\/www.getariakotxakolina.eus\/es\/getariako-txakolina-en-gastroandere\/","og_site_name":"Getariako Txakolina","article_publisher":"https:\/\/www.facebook.com\/GetariakoTxakolinaDO\/","article_published_time":"2019-04-29T05:49:00+00:00","article_modified_time":"2025-12-23T17:00:00+00:00","og_image":[{"width":800,"height":508,"url":"https:\/\/www.getariakotxakolina.eus\/wp-content\/uploads\/2025\/11\/Gastroandere-2.jpg","type":"image\/jpeg"}],"author":"Sergio","twitter_card":"summary_large_image","twitter_misc":{"Escrito por":"Sergio","Tiempo de lectura":"2 minutos"},"schema":{"@context":"https:\/\/schema.org","@graph":[{"@type":"Article","@id":"https:\/\/www.getariakotxakolina.eus\/es\/getariako-txakolina-en-gastroandere\/#article","isPartOf":{"@id":"https:\/\/www.getariakotxakolina.eus\/es\/getariako-txakolina-en-gastroandere\/"},"author":{"name":"Sergio","@id":"https:\/\/www.getariakotxakolina.eus\/es\/#\/schema\/person\/a5e5ff3c3ef2b02a49c0908e58468d2e"},"headline":"Getariako Txakolina con las mujeres de la gastronom\u00eda en Gastroandere","datePublished":"2019-04-29T05:49:00+00:00","dateModified":"2025-12-23T17:00:00+00:00","mainEntityOfPage":{"@id":"https:\/\/www.getariakotxakolina.eus\/es\/getariako-txakolina-en-gastroandere\/"},"wordCount":250,"publisher":{"@id":"https:\/\/www.getariakotxakolina.eus\/es\/#organization"},"image":{"@id":"https:\/\/www.getariakotxakolina.eus\/es\/getariako-txakolina-en-gastroandere\/#primaryimage"},"thumbnailUrl":"https:\/\/www.getariakotxakolina.eus\/wp-content\/uploads\/2025\/11\/Gastroandere-2.jpg","articleSection":["Noticias"],"inLanguage":"es"},{"@type":"WebPage","@id":"https:\/\/www.getariakotxakolina.eus\/es\/getariako-txakolina-en-gastroandere\/","url":"https:\/\/www.getariakotxakolina.eus\/es\/getariako-txakolina-en-gastroandere\/","name":"Getariako Txakolina eta Gastroandere","isPartOf":{"@id":"https:\/\/www.getariakotxakolina.eus\/es\/#website"},"primaryImageOfPage":{"@id":"https:\/\/www.getariakotxakolina.eus\/es\/getariako-txakolina-en-gastroandere\/#primaryimage"},"image":{"@id":"https:\/\/www.getariakotxakolina.eus\/es\/getariako-txakolina-en-gastroandere\/#primaryimage"},"thumbnailUrl":"https:\/\/www.getariakotxakolina.eus\/wp-content\/uploads\/2025\/11\/Gastroandere-2.jpg","datePublished":"2019-04-29T05:49:00+00:00","dateModified":"2025-12-23T17:00:00+00:00","description":"La D.O. Getariako Txakolina apoy\u00f3 el evento Gastroandere, que tuvo lugar el pasado 27 de marzo en homenaje a las mujeres de la gastronom\u00eda gipuzkoana.","breadcrumb":{"@id":"https:\/\/www.getariakotxakolina.eus\/es\/getariako-txakolina-en-gastroandere\/#breadcrumb"},"inLanguage":"es","potentialAction":[{"@type":"ReadAction","target":["https:\/\/www.getariakotxakolina.eus\/es\/getariako-txakolina-en-gastroandere\/"]}]},{"@type":"ImageObject","inLanguage":"es","@id":"https:\/\/www.getariakotxakolina.eus\/es\/getariako-txakolina-en-gastroandere\/#primaryimage","url":"https:\/\/www.getariakotxakolina.eus\/wp-content\/uploads\/2025\/11\/Gastroandere-2.jpg","contentUrl":"https:\/\/www.getariakotxakolina.eus\/wp-content\/uploads\/2025\/11\/Gastroandere-2.jpg","width":800,"height":508,"caption":"Gastroandere-2"},{"@type":"BreadcrumbList","@id":"https:\/\/www.getariakotxakolina.eus\/es\/getariako-txakolina-en-gastroandere\/#breadcrumb","itemListElement":[{"@type":"ListItem","position":1,"name":"Portada","item":"https:\/\/www.getariakotxakolina.eus\/es\/"},{"@type":"ListItem","position":2,"name":"Getariako Txakolina con las mujeres de la gastronom\u00eda en Gastroandere"}]},{"@type":"WebSite","@id":"https:\/\/www.getariakotxakolina.eus\/es\/#website","url":"https:\/\/www.getariakotxakolina.eus\/es\/","name":"Txakol\u00ed de Getaria vino blanco con D.O. Getariako txakolina","description":"El txakoli Denominaci\u00f3n de Origen Getariako Txakolina es un vino joven de graduaci\u00f3n moderada y equilibrada acidez.","publisher":{"@id":"https:\/\/www.getariakotxakolina.eus\/es\/#organization"},"alternateName":"Getariako txakolina","potentialAction":[{"@type":"SearchAction","target":{"@type":"EntryPoint","urlTemplate":"https:\/\/www.getariakotxakolina.eus\/es\/?s={search_term_string}"},"query-input":{"@type":"PropertyValueSpecification","valueRequired":true,"valueName":"search_term_string"}}],"inLanguage":"es"},{"@type":"Organization","@id":"https:\/\/www.getariakotxakolina.eus\/es\/#organization","name":"Getariako Txakolina","alternateName":"Getariako Txakolina","url":"https:\/\/www.getariakotxakolina.eus\/es\/","logo":{"@type":"ImageObject","inLanguage":"es","@id":"https:\/\/www.getariakotxakolina.eus\/es\/#\/schema\/logo\/image\/","url":"https:\/\/www.getariakotxakolina.eus\/wp-content\/uploads\/2025\/07\/Getariako-Txakolina-Logo.svg","contentUrl":"https:\/\/www.getariakotxakolina.eus\/wp-content\/uploads\/2025\/07\/Getariako-Txakolina-Logo.svg","width":417,"height":83,"caption":"Getariako Txakolina"},"image":{"@id":"https:\/\/www.getariakotxakolina.eus\/es\/#\/schema\/logo\/image\/"},"sameAs":["https:\/\/www.facebook.com\/GetariakoTxakolinaDO\/","https:\/\/www.instagram.com\/getariakotxakolina_do\/"]},{"@type":"Person","@id":"https:\/\/www.getariakotxakolina.eus\/es\/#\/schema\/person\/a5e5ff3c3ef2b02a49c0908e58468d2e","name":"Sergio","image":{"@type":"ImageObject","inLanguage":"es","@id":"https:\/\/secure.gravatar.com\/avatar\/a7d1b444c33a3e9943bfdc51e89ddc19ba81f816f205cf49c0f1113bad811a11?s=96&d=mm&r=g","url":"https:\/\/secure.gravatar.com\/avatar\/a7d1b444c33a3e9943bfdc51e89ddc19ba81f816f205cf49c0f1113bad811a11?s=96&d=mm&r=g","contentUrl":"https:\/\/secure.gravatar.com\/avatar\/a7d1b444c33a3e9943bfdc51e89ddc19ba81f816f205cf49c0f1113bad811a11?s=96&d=mm&r=g","caption":"Sergio"},"sameAs":["https:\/\/wordpress-958700-4452977.cloudwaysapps.com"]}]}},"_links":{"self":[{"href":"https:\/\/www.getariakotxakolina.eus\/es\/wp-json\/wp\/v2\/posts\/13704","targetHints":{"allow":["GET"]}}],"collection":[{"href":"https:\/\/www.getariakotxakolina.eus\/es\/wp-json\/wp\/v2\/posts"}],"about":[{"href":"https:\/\/www.getariakotxakolina.eus\/es\/wp-json\/wp\/v2\/types\/post"}],"author":[{"embeddable":true,"href":"https:\/\/www.getariakotxakolina.eus\/es\/wp-json\/wp\/v2\/users\/1"}],"replies":[{"embeddable":true,"href":"https:\/\/www.getariakotxakolina.eus\/es\/wp-json\/wp\/v2\/comments?post=13704"}],"version-history":[{"count":0,"href":"https:\/\/www.getariakotxakolina.eus\/es\/wp-json\/wp\/v2\/posts\/13704\/revisions"}],"wp:featuredmedia":[{"embeddable":true,"href":"https:\/\/www.getariakotxakolina.eus\/es\/wp-json\/wp\/v2\/media\/13705"}],"wp:attachment":[{"href":"https:\/\/www.getariakotxakolina.eus\/es\/wp-json\/wp\/v2\/media?parent=13704"}],"wp:term":[{"taxonomy":"category","embeddable":true,"href":"https:\/\/www.getariakotxakolina.eus\/es\/wp-json\/wp\/v2\/categories?post=13704"},{"taxonomy":"post_tag","embeddable":true,"href":"https:\/\/www.getariakotxakolina.eus\/es\/wp-json\/wp\/v2\/tags?post=13704"}],"curies":[{"name":"wp","href":"https:\/\/api.w.org\/{rel}","templated":true}]}}