{"id":13696,"date":"2019-07-29T09:16:00","date_gmt":"2019-07-29T07:16:00","guid":{"rendered":"https:\/\/www.getariakotxakolina.eus\/getariako-txakolina-ardo-ezberdin-bat\/"},"modified":"2025-12-24T11:21:03","modified_gmt":"2025-12-24T10:21:03","slug":"el-txakoli-de-getaria-un-vino-diferente","status":"publish","type":"post","link":"https:\/\/www.getariakotxakolina.eus\/es\/el-txakoli-de-getaria-un-vino-diferente\/","title":{"rendered":"El Txakoli de Getaria, un vino diferente"},"content":{"rendered":"\n<div class=\"contenedor-blog\">\n<p class=\"gb-text destacado-blog\">Con la cosecha 2019 celebraremos 30 a\u00f1os de andadura como\u00a0Denominaci\u00f3n de Origen.\u00a03 d\u00e9cadas que nos han servido para lograr un vino de calidad excelente y\u00a0 para consolidar un sector profesional arraigado a su territorio, realizando todo el proceso productivo, desde la producci\u00f3n de uva hasta la salida, para su comercializaci\u00f3n, de la botella etiquetada de la bodega.<\/p>\n\n\n\n<p>En 1989, se hallaban inscritas 12 bodegas y 60 hect\u00e1reas de vi\u00f1edo, con un producci\u00f3n de 260.000 botellas. En la actualidad, tenemos 33 bodegas inscritas con una producci\u00f3n media anual de 3.500.000 de botellas y 433 has. de vi\u00f1edo en un \u00e1mbito geogr\u00e1fico que abarca la provincia de Gipuzkoa.<\/p>\n\n\n\n<p>El clima atl\u00e1ntico y una orograf\u00eda de suaves laderas y monta\u00f1as, conforman junto con las variedades Ondarrabi, una zona de cultivo espec\u00edfica que confiere particularidad a las&nbsp; producciones en bodega.&nbsp;<\/p>\n\n\n\n<p>Elaborado&nbsp;a partir de nuestras uvas aut\u00f3ctonas, la blanca Ondarrabi Zuri y la tinta, Ondarrabi Beltza, el Txakoli de Getaria se produce en un 90% en blanco y el 10% restante en rosado, siendo el tinto una producci\u00f3n anecd\u00f3tica.&nbsp;<\/p>\n\n\n\n<p>El Txakoli de Getaria, es un vino joven de graduaci\u00f3n moderada y equilibrada acidez. Un vino en continua evoluci\u00f3n tanto en su viticultura como en las distintas elaboraciones que realizan las bodegas inscritas.&nbsp;<\/p>\n\n\n\n<p>Esta evoluci\u00f3n queda patente en su consumo. El Txakol\u00ed de Getaria ha pasado de ser, hace d\u00e9cadas, un vino de consumo pr\u00e1cticamente local, a un vino reconocido a nivel mundial por su calidad. En la actualidad se exporta el 15% de nuestra producci\u00f3n, a\u00a0pa\u00edses como EEUU y Jap\u00f3n\u00a0y Francia en la Uni\u00f3n Europea como principales destinos.<\/p>\n\n\n\n<img loading=\"lazy\" decoding=\"async\" width=\"1400\" height=\"1050\" class=\"gb-media-f607f783\" alt=\"Getariako Txakolina ardo ezberdin bat - Hiruzta\" src=\"https:\/\/www.getariakotxakolina.eus\/wp-content\/uploads\/2025\/11\/Getariako-Txakolina-ardo-ezberdin-bat-Hiruzta.jpg\" title=\"Getariako Txakolina ardo ezberdin bat - Hiruzta\" srcset=\"https:\/\/www.getariakotxakolina.eus\/wp-content\/uploads\/2025\/11\/Getariako-Txakolina-ardo-ezberdin-bat-Hiruzta.jpg 1400w, https:\/\/www.getariakotxakolina.eus\/wp-content\/uploads\/2025\/11\/Getariako-Txakolina-ardo-ezberdin-bat-Hiruzta-300x225.jpg 300w, https:\/\/www.getariakotxakolina.eus\/wp-content\/uploads\/2025\/11\/Getariako-Txakolina-ardo-ezberdin-bat-Hiruzta-1024x768.jpg 1024w, https:\/\/www.getariakotxakolina.eus\/wp-content\/uploads\/2025\/11\/Getariako-Txakolina-ardo-ezberdin-bat-Hiruzta-768x576.jpg 768w\" sizes=\"auto, (max-width: 1400px) 100vw, 1400px\" \/>\n<\/div>\n","protected":false},"excerpt":{"rendered":"<p>Con la cosecha 2019 celebraremos 30 a\u00f1os de andadura como\u00a0Denominaci\u00f3n de Origen.\u00a03 d\u00e9cadas que nos han servido para lograr un vino de calidad excelente y\u00a0 para consolidar un sector profesional arraigado a su territorio, realizando todo el proceso productivo, desde la producci\u00f3n de uva hasta la salida, para su comercializaci\u00f3n, de la botella etiquetada de &#8230; <a title=\"El Txakoli de Getaria, un vino diferente\" class=\"read-more\" href=\"https:\/\/www.getariakotxakolina.eus\/es\/el-txakoli-de-getaria-un-vino-diferente\/\" aria-label=\"Leer m\u00e1s sobre El Txakoli de Getaria, un vino diferente\">Leer m\u00e1s<\/a><\/p>\n","protected":false},"author":1,"featured_media":13698,"comment_status":"closed","ping_status":"open","sticky":false,"template":"","format":"standard","meta":{"_acf_changed":false,"footnotes":""},"categories":[27],"tags":[],"class_list":["post-13696","post","type-post","status-publish","format-standard","has-post-thumbnail","hentry","category-noticias","resize-featured-image"],"acf":[],"yoast_head":"<!-- This site is optimized with the Yoast SEO plugin v27.4 - https:\/\/yoast.com\/product\/yoast-seo-wordpress\/ -->\n<title>El Txakoli de Getaria, un vino diferente - Getariako Txakolina<\/title>\n<meta name=\"description\" content=\"Con la cosecha 2019 celebraremos 30 a\u00f1os de andadura como\u00a0 D.O. Tiempo que ha servido para lograr un vino de calidad excelente arraigado en nuestro territorio.\" \/>\n<meta name=\"robots\" content=\"index, follow, max-snippet:-1, max-image-preview:large, max-video-preview:-1\" \/>\n<link rel=\"canonical\" href=\"https:\/\/www.getariakotxakolina.eus\/es\/el-txakoli-de-getaria-un-vino-diferente\/\" \/>\n<meta property=\"og:locale\" content=\"es_ES\" \/>\n<meta property=\"og:type\" content=\"article\" \/>\n<meta property=\"og:title\" content=\"El Txakoli de Getaria, un vino diferente - Getariako Txakolina\" \/>\n<meta property=\"og:description\" content=\"Con la cosecha 2019 celebraremos 30 a\u00f1os de andadura como\u00a0 D.O. Tiempo que ha servido para lograr un vino de calidad excelente arraigado en nuestro territorio.\" \/>\n<meta property=\"og:url\" content=\"https:\/\/www.getariakotxakolina.eus\/es\/el-txakoli-de-getaria-un-vino-diferente\/\" \/>\n<meta property=\"og:site_name\" content=\"Getariako Txakolina\" \/>\n<meta property=\"article:publisher\" content=\"https:\/\/www.facebook.com\/GetariakoTxakolinaDO\/\" \/>\n<meta property=\"article:published_time\" content=\"2019-07-29T07:16:00+00:00\" \/>\n<meta property=\"article:modified_time\" content=\"2025-12-24T10:21:03+00:00\" \/>\n<meta property=\"og:image\" content=\"https:\/\/www.getariakotxakolina.eus\/wp-content\/uploads\/2025\/11\/Getariako-Txakolina-ardo-ezberdin-bat-portada.jpg\" \/>\n\t<meta property=\"og:image:width\" content=\"1920\" \/>\n\t<meta property=\"og:image:height\" content=\"2560\" \/>\n\t<meta property=\"og:image:type\" content=\"image\/jpeg\" \/>\n<meta name=\"author\" content=\"Sergio\" \/>\n<meta name=\"twitter:card\" content=\"summary_large_image\" \/>\n<meta name=\"twitter:label1\" content=\"Escrito por\" \/>\n\t<meta name=\"twitter:data1\" content=\"Sergio\" \/>\n\t<meta name=\"twitter:label2\" content=\"Tiempo de lectura\" \/>\n\t<meta name=\"twitter:data2\" content=\"2 minutos\" \/>\n<script type=\"application\/ld+json\" class=\"yoast-schema-graph\">{\"@context\":\"https:\\\/\\\/schema.org\",\"@graph\":[{\"@type\":\"Article\",\"@id\":\"https:\\\/\\\/www.getariakotxakolina.eus\\\/es\\\/el-txakoli-de-getaria-un-vino-diferente\\\/#article\",\"isPartOf\":{\"@id\":\"https:\\\/\\\/www.getariakotxakolina.eus\\\/es\\\/el-txakoli-de-getaria-un-vino-diferente\\\/\"},\"author\":{\"name\":\"Sergio\",\"@id\":\"https:\\\/\\\/www.getariakotxakolina.eus\\\/es\\\/#\\\/schema\\\/person\\\/a5e5ff3c3ef2b02a49c0908e58468d2e\"},\"headline\":\"El Txakoli de Getaria, un vino diferente\",\"datePublished\":\"2019-07-29T07:16:00+00:00\",\"dateModified\":\"2025-12-24T10:21:03+00:00\",\"mainEntityOfPage\":{\"@id\":\"https:\\\/\\\/www.getariakotxakolina.eus\\\/es\\\/el-txakoli-de-getaria-un-vino-diferente\\\/\"},\"wordCount\":294,\"publisher\":{\"@id\":\"https:\\\/\\\/www.getariakotxakolina.eus\\\/es\\\/#organization\"},\"image\":{\"@id\":\"https:\\\/\\\/www.getariakotxakolina.eus\\\/es\\\/el-txakoli-de-getaria-un-vino-diferente\\\/#primaryimage\"},\"thumbnailUrl\":\"https:\\\/\\\/www.getariakotxakolina.eus\\\/wp-content\\\/uploads\\\/2025\\\/11\\\/Getariako-Txakolina-ardo-ezberdin-bat-portada.jpg\",\"articleSection\":[\"Noticias\"],\"inLanguage\":\"es\"},{\"@type\":\"WebPage\",\"@id\":\"https:\\\/\\\/www.getariakotxakolina.eus\\\/es\\\/el-txakoli-de-getaria-un-vino-diferente\\\/\",\"url\":\"https:\\\/\\\/www.getariakotxakolina.eus\\\/es\\\/el-txakoli-de-getaria-un-vino-diferente\\\/\",\"name\":\"El Txakoli de Getaria, un vino diferente - Getariako Txakolina\",\"isPartOf\":{\"@id\":\"https:\\\/\\\/www.getariakotxakolina.eus\\\/es\\\/#website\"},\"primaryImageOfPage\":{\"@id\":\"https:\\\/\\\/www.getariakotxakolina.eus\\\/es\\\/el-txakoli-de-getaria-un-vino-diferente\\\/#primaryimage\"},\"image\":{\"@id\":\"https:\\\/\\\/www.getariakotxakolina.eus\\\/es\\\/el-txakoli-de-getaria-un-vino-diferente\\\/#primaryimage\"},\"thumbnailUrl\":\"https:\\\/\\\/www.getariakotxakolina.eus\\\/wp-content\\\/uploads\\\/2025\\\/11\\\/Getariako-Txakolina-ardo-ezberdin-bat-portada.jpg\",\"datePublished\":\"2019-07-29T07:16:00+00:00\",\"dateModified\":\"2025-12-24T10:21:03+00:00\",\"description\":\"Con la cosecha 2019 celebraremos 30 a\u00f1os de andadura como\u00a0 D.O. Tiempo que ha servido para lograr un vino de calidad excelente arraigado en nuestro territorio.\",\"breadcrumb\":{\"@id\":\"https:\\\/\\\/www.getariakotxakolina.eus\\\/es\\\/el-txakoli-de-getaria-un-vino-diferente\\\/#breadcrumb\"},\"inLanguage\":\"es\",\"potentialAction\":[{\"@type\":\"ReadAction\",\"target\":[\"https:\\\/\\\/www.getariakotxakolina.eus\\\/es\\\/el-txakoli-de-getaria-un-vino-diferente\\\/\"]}]},{\"@type\":\"ImageObject\",\"inLanguage\":\"es\",\"@id\":\"https:\\\/\\\/www.getariakotxakolina.eus\\\/es\\\/el-txakoli-de-getaria-un-vino-diferente\\\/#primaryimage\",\"url\":\"https:\\\/\\\/www.getariakotxakolina.eus\\\/wp-content\\\/uploads\\\/2025\\\/11\\\/Getariako-Txakolina-ardo-ezberdin-bat-portada.jpg\",\"contentUrl\":\"https:\\\/\\\/www.getariakotxakolina.eus\\\/wp-content\\\/uploads\\\/2025\\\/11\\\/Getariako-Txakolina-ardo-ezberdin-bat-portada.jpg\",\"width\":1920,\"height\":2560,\"caption\":\"Getariako Txakolina ardo ezberdin bat - portada\"},{\"@type\":\"BreadcrumbList\",\"@id\":\"https:\\\/\\\/www.getariakotxakolina.eus\\\/es\\\/el-txakoli-de-getaria-un-vino-diferente\\\/#breadcrumb\",\"itemListElement\":[{\"@type\":\"ListItem\",\"position\":1,\"name\":\"Portada\",\"item\":\"https:\\\/\\\/www.getariakotxakolina.eus\\\/es\\\/\"},{\"@type\":\"ListItem\",\"position\":2,\"name\":\"El Txakoli de Getaria, un vino diferente\"}]},{\"@type\":\"WebSite\",\"@id\":\"https:\\\/\\\/www.getariakotxakolina.eus\\\/es\\\/#website\",\"url\":\"https:\\\/\\\/www.getariakotxakolina.eus\\\/es\\\/\",\"name\":\"Txakol\u00ed de Getaria vino blanco con D.O. Getariako txakolina\",\"description\":\"El txakoli Denominaci\u00f3n de Origen Getariako Txakolina es un vino joven de graduaci\u00f3n moderada y equilibrada acidez.\",\"publisher\":{\"@id\":\"https:\\\/\\\/www.getariakotxakolina.eus\\\/es\\\/#organization\"},\"alternateName\":\"Getariako txakolina\",\"potentialAction\":[{\"@type\":\"SearchAction\",\"target\":{\"@type\":\"EntryPoint\",\"urlTemplate\":\"https:\\\/\\\/www.getariakotxakolina.eus\\\/es\\\/?s={search_term_string}\"},\"query-input\":{\"@type\":\"PropertyValueSpecification\",\"valueRequired\":true,\"valueName\":\"search_term_string\"}}],\"inLanguage\":\"es\"},{\"@type\":\"Organization\",\"@id\":\"https:\\\/\\\/www.getariakotxakolina.eus\\\/es\\\/#organization\",\"name\":\"Getariako Txakolina\",\"alternateName\":\"Getariako Txakolina\",\"url\":\"https:\\\/\\\/www.getariakotxakolina.eus\\\/es\\\/\",\"logo\":{\"@type\":\"ImageObject\",\"inLanguage\":\"es\",\"@id\":\"https:\\\/\\\/www.getariakotxakolina.eus\\\/es\\\/#\\\/schema\\\/logo\\\/image\\\/\",\"url\":\"https:\\\/\\\/www.getariakotxakolina.eus\\\/wp-content\\\/uploads\\\/2025\\\/07\\\/Getariako-Txakolina-Logo.svg\",\"contentUrl\":\"https:\\\/\\\/www.getariakotxakolina.eus\\\/wp-content\\\/uploads\\\/2025\\\/07\\\/Getariako-Txakolina-Logo.svg\",\"width\":417,\"height\":83,\"caption\":\"Getariako Txakolina\"},\"image\":{\"@id\":\"https:\\\/\\\/www.getariakotxakolina.eus\\\/es\\\/#\\\/schema\\\/logo\\\/image\\\/\"},\"sameAs\":[\"https:\\\/\\\/www.facebook.com\\\/GetariakoTxakolinaDO\\\/\",\"https:\\\/\\\/www.instagram.com\\\/getariakotxakolina_do\\\/\"]},{\"@type\":\"Person\",\"@id\":\"https:\\\/\\\/www.getariakotxakolina.eus\\\/es\\\/#\\\/schema\\\/person\\\/a5e5ff3c3ef2b02a49c0908e58468d2e\",\"name\":\"Sergio\",\"image\":{\"@type\":\"ImageObject\",\"inLanguage\":\"es\",\"@id\":\"https:\\\/\\\/secure.gravatar.com\\\/avatar\\\/a7d1b444c33a3e9943bfdc51e89ddc19ba81f816f205cf49c0f1113bad811a11?s=96&d=mm&r=g\",\"url\":\"https:\\\/\\\/secure.gravatar.com\\\/avatar\\\/a7d1b444c33a3e9943bfdc51e89ddc19ba81f816f205cf49c0f1113bad811a11?s=96&d=mm&r=g\",\"contentUrl\":\"https:\\\/\\\/secure.gravatar.com\\\/avatar\\\/a7d1b444c33a3e9943bfdc51e89ddc19ba81f816f205cf49c0f1113bad811a11?s=96&d=mm&r=g\",\"caption\":\"Sergio\"},\"sameAs\":[\"https:\\\/\\\/wordpress-958700-4452977.cloudwaysapps.com\"]}]}<\/script>\n<!-- \/ Yoast SEO plugin. -->","yoast_head_json":{"title":"El Txakoli de Getaria, un vino diferente - Getariako Txakolina","description":"Con la cosecha 2019 celebraremos 30 a\u00f1os de andadura como\u00a0 D.O. Tiempo que ha servido para lograr un vino de calidad excelente arraigado en nuestro territorio.","robots":{"index":"index","follow":"follow","max-snippet":"max-snippet:-1","max-image-preview":"max-image-preview:large","max-video-preview":"max-video-preview:-1"},"canonical":"https:\/\/www.getariakotxakolina.eus\/es\/el-txakoli-de-getaria-un-vino-diferente\/","og_locale":"es_ES","og_type":"article","og_title":"El Txakoli de Getaria, un vino diferente - Getariako Txakolina","og_description":"Con la cosecha 2019 celebraremos 30 a\u00f1os de andadura como\u00a0 D.O. Tiempo que ha servido para lograr un vino de calidad excelente arraigado en nuestro territorio.","og_url":"https:\/\/www.getariakotxakolina.eus\/es\/el-txakoli-de-getaria-un-vino-diferente\/","og_site_name":"Getariako Txakolina","article_publisher":"https:\/\/www.facebook.com\/GetariakoTxakolinaDO\/","article_published_time":"2019-07-29T07:16:00+00:00","article_modified_time":"2025-12-24T10:21:03+00:00","og_image":[{"width":1920,"height":2560,"url":"https:\/\/www.getariakotxakolina.eus\/wp-content\/uploads\/2025\/11\/Getariako-Txakolina-ardo-ezberdin-bat-portada.jpg","type":"image\/jpeg"}],"author":"Sergio","twitter_card":"summary_large_image","twitter_misc":{"Escrito por":"Sergio","Tiempo de lectura":"2 minutos"},"schema":{"@context":"https:\/\/schema.org","@graph":[{"@type":"Article","@id":"https:\/\/www.getariakotxakolina.eus\/es\/el-txakoli-de-getaria-un-vino-diferente\/#article","isPartOf":{"@id":"https:\/\/www.getariakotxakolina.eus\/es\/el-txakoli-de-getaria-un-vino-diferente\/"},"author":{"name":"Sergio","@id":"https:\/\/www.getariakotxakolina.eus\/es\/#\/schema\/person\/a5e5ff3c3ef2b02a49c0908e58468d2e"},"headline":"El Txakoli de Getaria, un vino diferente","datePublished":"2019-07-29T07:16:00+00:00","dateModified":"2025-12-24T10:21:03+00:00","mainEntityOfPage":{"@id":"https:\/\/www.getariakotxakolina.eus\/es\/el-txakoli-de-getaria-un-vino-diferente\/"},"wordCount":294,"publisher":{"@id":"https:\/\/www.getariakotxakolina.eus\/es\/#organization"},"image":{"@id":"https:\/\/www.getariakotxakolina.eus\/es\/el-txakoli-de-getaria-un-vino-diferente\/#primaryimage"},"thumbnailUrl":"https:\/\/www.getariakotxakolina.eus\/wp-content\/uploads\/2025\/11\/Getariako-Txakolina-ardo-ezberdin-bat-portada.jpg","articleSection":["Noticias"],"inLanguage":"es"},{"@type":"WebPage","@id":"https:\/\/www.getariakotxakolina.eus\/es\/el-txakoli-de-getaria-un-vino-diferente\/","url":"https:\/\/www.getariakotxakolina.eus\/es\/el-txakoli-de-getaria-un-vino-diferente\/","name":"El Txakoli de Getaria, un vino diferente - Getariako Txakolina","isPartOf":{"@id":"https:\/\/www.getariakotxakolina.eus\/es\/#website"},"primaryImageOfPage":{"@id":"https:\/\/www.getariakotxakolina.eus\/es\/el-txakoli-de-getaria-un-vino-diferente\/#primaryimage"},"image":{"@id":"https:\/\/www.getariakotxakolina.eus\/es\/el-txakoli-de-getaria-un-vino-diferente\/#primaryimage"},"thumbnailUrl":"https:\/\/www.getariakotxakolina.eus\/wp-content\/uploads\/2025\/11\/Getariako-Txakolina-ardo-ezberdin-bat-portada.jpg","datePublished":"2019-07-29T07:16:00+00:00","dateModified":"2025-12-24T10:21:03+00:00","description":"Con la cosecha 2019 celebraremos 30 a\u00f1os de andadura como\u00a0 D.O. Tiempo que ha servido para lograr un vino de calidad excelente arraigado en nuestro territorio.","breadcrumb":{"@id":"https:\/\/www.getariakotxakolina.eus\/es\/el-txakoli-de-getaria-un-vino-diferente\/#breadcrumb"},"inLanguage":"es","potentialAction":[{"@type":"ReadAction","target":["https:\/\/www.getariakotxakolina.eus\/es\/el-txakoli-de-getaria-un-vino-diferente\/"]}]},{"@type":"ImageObject","inLanguage":"es","@id":"https:\/\/www.getariakotxakolina.eus\/es\/el-txakoli-de-getaria-un-vino-diferente\/#primaryimage","url":"https:\/\/www.getariakotxakolina.eus\/wp-content\/uploads\/2025\/11\/Getariako-Txakolina-ardo-ezberdin-bat-portada.jpg","contentUrl":"https:\/\/www.getariakotxakolina.eus\/wp-content\/uploads\/2025\/11\/Getariako-Txakolina-ardo-ezberdin-bat-portada.jpg","width":1920,"height":2560,"caption":"Getariako Txakolina ardo ezberdin bat - portada"},{"@type":"BreadcrumbList","@id":"https:\/\/www.getariakotxakolina.eus\/es\/el-txakoli-de-getaria-un-vino-diferente\/#breadcrumb","itemListElement":[{"@type":"ListItem","position":1,"name":"Portada","item":"https:\/\/www.getariakotxakolina.eus\/es\/"},{"@type":"ListItem","position":2,"name":"El Txakoli de Getaria, un vino diferente"}]},{"@type":"WebSite","@id":"https:\/\/www.getariakotxakolina.eus\/es\/#website","url":"https:\/\/www.getariakotxakolina.eus\/es\/","name":"Txakol\u00ed de Getaria vino blanco con D.O. Getariako txakolina","description":"El txakoli Denominaci\u00f3n de Origen Getariako Txakolina es un vino joven de graduaci\u00f3n moderada y equilibrada acidez.","publisher":{"@id":"https:\/\/www.getariakotxakolina.eus\/es\/#organization"},"alternateName":"Getariako txakolina","potentialAction":[{"@type":"SearchAction","target":{"@type":"EntryPoint","urlTemplate":"https:\/\/www.getariakotxakolina.eus\/es\/?s={search_term_string}"},"query-input":{"@type":"PropertyValueSpecification","valueRequired":true,"valueName":"search_term_string"}}],"inLanguage":"es"},{"@type":"Organization","@id":"https:\/\/www.getariakotxakolina.eus\/es\/#organization","name":"Getariako Txakolina","alternateName":"Getariako Txakolina","url":"https:\/\/www.getariakotxakolina.eus\/es\/","logo":{"@type":"ImageObject","inLanguage":"es","@id":"https:\/\/www.getariakotxakolina.eus\/es\/#\/schema\/logo\/image\/","url":"https:\/\/www.getariakotxakolina.eus\/wp-content\/uploads\/2025\/07\/Getariako-Txakolina-Logo.svg","contentUrl":"https:\/\/www.getariakotxakolina.eus\/wp-content\/uploads\/2025\/07\/Getariako-Txakolina-Logo.svg","width":417,"height":83,"caption":"Getariako Txakolina"},"image":{"@id":"https:\/\/www.getariakotxakolina.eus\/es\/#\/schema\/logo\/image\/"},"sameAs":["https:\/\/www.facebook.com\/GetariakoTxakolinaDO\/","https:\/\/www.instagram.com\/getariakotxakolina_do\/"]},{"@type":"Person","@id":"https:\/\/www.getariakotxakolina.eus\/es\/#\/schema\/person\/a5e5ff3c3ef2b02a49c0908e58468d2e","name":"Sergio","image":{"@type":"ImageObject","inLanguage":"es","@id":"https:\/\/secure.gravatar.com\/avatar\/a7d1b444c33a3e9943bfdc51e89ddc19ba81f816f205cf49c0f1113bad811a11?s=96&d=mm&r=g","url":"https:\/\/secure.gravatar.com\/avatar\/a7d1b444c33a3e9943bfdc51e89ddc19ba81f816f205cf49c0f1113bad811a11?s=96&d=mm&r=g","contentUrl":"https:\/\/secure.gravatar.com\/avatar\/a7d1b444c33a3e9943bfdc51e89ddc19ba81f816f205cf49c0f1113bad811a11?s=96&d=mm&r=g","caption":"Sergio"},"sameAs":["https:\/\/wordpress-958700-4452977.cloudwaysapps.com"]}]}},"_links":{"self":[{"href":"https:\/\/www.getariakotxakolina.eus\/es\/wp-json\/wp\/v2\/posts\/13696","targetHints":{"allow":["GET"]}}],"collection":[{"href":"https:\/\/www.getariakotxakolina.eus\/es\/wp-json\/wp\/v2\/posts"}],"about":[{"href":"https:\/\/www.getariakotxakolina.eus\/es\/wp-json\/wp\/v2\/types\/post"}],"author":[{"embeddable":true,"href":"https:\/\/www.getariakotxakolina.eus\/es\/wp-json\/wp\/v2\/users\/1"}],"replies":[{"embeddable":true,"href":"https:\/\/www.getariakotxakolina.eus\/es\/wp-json\/wp\/v2\/comments?post=13696"}],"version-history":[{"count":0,"href":"https:\/\/www.getariakotxakolina.eus\/es\/wp-json\/wp\/v2\/posts\/13696\/revisions"}],"wp:featuredmedia":[{"embeddable":true,"href":"https:\/\/www.getariakotxakolina.eus\/es\/wp-json\/wp\/v2\/media\/13698"}],"wp:attachment":[{"href":"https:\/\/www.getariakotxakolina.eus\/es\/wp-json\/wp\/v2\/media?parent=13696"}],"wp:term":[{"taxonomy":"category","embeddable":true,"href":"https:\/\/www.getariakotxakolina.eus\/es\/wp-json\/wp\/v2\/categories?post=13696"},{"taxonomy":"post_tag","embeddable":true,"href":"https:\/\/www.getariakotxakolina.eus\/es\/wp-json\/wp\/v2\/tags?post=13696"}],"curies":[{"name":"wp","href":"https:\/\/api.w.org\/{rel}","templated":true}]}}