{"id":13689,"date":"2019-12-30T16:54:00","date_gmt":"2019-12-30T15:54:00","guid":{"rendered":"https:\/\/www.getariakotxakolina.eus\/gure-lurra-landa-eta-hiri-mundua-lotzea-etorkizun-jasangarrirako\/"},"modified":"2025-12-24T13:24:26","modified_gmt":"2025-12-24T12:24:26","slug":"congreso-gure-lurra-conectar-el-mundo-rural-y-urbano-futuro-sostenible","status":"publish","type":"post","link":"https:\/\/www.getariakotxakolina.eus\/es\/congreso-gure-lurra-conectar-el-mundo-rural-y-urbano-futuro-sostenible\/","title":{"rendered":"Gure Lurra: conectar el mundo rural y urbano fundamental para un futuro sostenible"},"content":{"rendered":"\n<div class=\"contenedor-blog\">\n<p class=\"gb-text destacado-blog\">El congreso Gure Lurra, Sembrando Futuro, celebrado el pasado mes de noviembre en San Sebasti\u00e1n, reuni\u00f3 a diferentes colectivos para exponer las consecuencias de la desconexi\u00f3n del mundo rural y el mundo urbano. Una cita que puso sobre la mesa la necesidad de generar una relaci\u00f3n sostenible entre ambos medios, por una sociedad saludable y un futuro sostenible.<\/p>\n\n\n\n<h3 class=\"gb-text h3-blog\">\u201cEl mundo rural no est\u00e1 tan lejano al mundo urbano, nos necesitamos mutuamente\u201d.<\/h3>\n\n\n\n<p>En su tercera edici\u00f3n, el\u00a0<a href=\"https:\/\/www.gipuzkoa.eus\/es\/web\/gure-lurra-sembrando-futuro\/inicio\" target=\"_blank\" rel=\"noreferrer noopener\">congreso GURE LURRA<\/a>\u00a0\u2013 celebrado el pasado 27 de Noviembre en Donostia \u2013 reuni\u00f3 a baserritarras, cocineros, empresas, representantes de las administraci\u00f3n\u2026 para dar voz a productores del mundo rural, exponer las diferentes problem\u00e1ticas a las que se enfrentan y poner de manifiesto las consecuencias para la sociedad de la desatenci\u00f3n de las necesidades del primer sector.\u00a0<\/p>\n\n\n\n<h3 class=\"gb-text h3-blog\">Jes\u00fas Calleja: \u201cLos peque\u00f1os pueblos son grandes tesoros por descubrir\u201d<\/h3>\n\n\n\n<p>Tras la apertura por parte de Markel Olano, Diputado General de Gipuzkoa, el comunicador y aventurero\u00a0<a href=\"https:\/\/www.jesuscalleja.es\/\" target=\"_blank\" rel=\"noreferrer noopener\">Jes\u00fas Calleja<\/a>, abri\u00f3 la jornada contando su experiencia personal. Afirm\u00f3 que \u201ctodos deber\u00edamos de buscar una vez en la vida \u2018ese momento sublime\u2019 al realizar un proyecto deseado\u201d. Eso s\u00ed, por muy lejos que le lleven sus viajes, para \u00e9l su lugar de descanso es su pueblo en Le\u00f3n: \u201cl<em>os pueblos peque\u00f1os son grandes tesoros por descubrir\u201d<\/em>\u00a0y que no los podemos olvidar.<\/p>\n\n\n\n<h3 class=\"gb-text h3-blog\">\u201cA veces lo que es sano es lo vulgar: una berenjena, una patata\u2026 El sector de las materias primas es el que va a liderar el cambio hacia una alimentaci\u00f3n saludable\u201d.\u00a0Aitor S\u00e1nchez.<\/h3>\n\n\n\n<p>El segundo en tomar la palabra fue\u00a0<a href=\"https:\/\/www.midietacojea.com\/aitor-sanchez\/\" target=\"_blank\" rel=\"noreferrer noopener\">Aitor S\u00e1nchez<\/a>, dietista-nutricionista, autor del libro \u201cMi dieta cojea\u201d. Tras exponer los errores en los que, a trav\u00e9s de los consejos interesados\u00a0 de los anuncios, caemos habitualmente al elegir y comprar el tipo de producto, manifiesta la necesidad de volver a una alimentaci\u00f3n m\u00e1s equilibrada. M\u00e1s a\u00fan cuando tenemos un pa\u00eds con una base agr\u00edcola importante que cubrir\u00eda nuestras necesidades nutricionales.<\/p>\n\n\n\n<h3 class=\"gb-text h3-blog\">\u201cEspa\u00f1a es un pa\u00eds rural, que se vac\u00eden sus pueblos implica que se va a perder una gran riqueza cultural\u201d. Nel Ca\u00f1edo.<\/h3>\n\n\n\n<p>Otra intervenci\u00f3n que no dej\u00f3 indiferentes fue la de Nel Ca\u00f1edo, pastor de los Picos de Europa, conocido por sus videos en defensa de la ganader\u00eda y la forma de vida rural: \u00abEspa\u00f1a es un pa\u00eds rural. Que se vac\u00eden sus pueblos implica que se va a perder una gran riqueza cultural. Es necesario crear conciencia social y conseguir que el medio rural y urbano tengan una relaci\u00f3n sostenible\u00bb. (Puedes ver su intervenci\u00f3n y la de otros participantes en el\u00a0<a href=\"https:\/\/www.youtube.com\/watch?v=izv50nHCYc4\" target=\"_blank\" rel=\"noreferrer noopener\">Congreso Gure Lurra 3 en este link<\/a>).<\/p>\n\n\n\n<h3 class=\"gb-text h3-blog\">\u201cSi no apoyamos a los productores locales, van a desaparecer\u201d.<\/h3>\n\n\n\n<p>A lo largo del d\u00eda, hubo muchas otras intervenciones interesantes, durante 3 coloquios en los se debati\u00f3 sobre la situaci\u00f3n actual del sector. Productores, cocineros, periodistas gastron\u00f3micos y representantes de asociaciones de productores de Gipuzkoa y de Horeca plantearon su visi\u00f3n de la situaci\u00f3n y debatieron sobre las necesidades del sector de cara al futuro.<\/p>\n\n\n\n<p>Los baserritarras solicitan que su oficio sea reconocido y respetado como un sector imprescindible que mantiene nuestra tierra, nuestro paisaje y, en definitiva nuestra cultura. El mundo rural no est\u00e1 tan lejano al mundo urbano, nos necesitamos mutuamente.\u00bb<\/p>\n\n\n\n<p>\u00abSi no apoyamos a los productores locales, van a desaparecer. La producci\u00f3n est\u00e1 descendiendo y debemos remontarla\u00bb.&nbsp;<\/p>\n\n\n\n<h2 class=\"gb-text h2-blog\">Getariako Txakolina y Gure Lurra<\/h2>\n\n\n\n<p>En Getariako Txakolina estamos de acuerdo en que que a\u00fan estando tan cerca, los baserritaras y productores locales seguimos siendo los grandes desconocidos. Entre todos debemos trabajar en la misma direcci\u00f3n para que el producto local tenga presencia en eventos y festivales institucionales y locales, tenga m\u00e1s visibilidad en hosteler\u00eda y lo disfrutemos en nuestras mesas. En definitiva, conozcamos, respetemos y apoyemos a quienes cuidan de Gure Lurra.<\/p>\n\n\n\n<p>Destacamos la perspectiva de&nbsp;dos de nuestros inscritos, un viticultor y una productora de Txakoli&nbsp;entrevistados para el Diario Vasco:<\/p>\n\n\n\n<p><a href=\"https:\/\/www.diariovasco.com\/gipuzkoa\/agroturismo-ofrece-experiencia-20191220123556-nt.html\" target=\"_blank\" rel=\"noreferrer noopener\">\u00abEl agroturismo ofrece una experiencia \u00fanica para conocer el medio rural\u201d<\/a>. Entrevista a Joxe Mari Aramendi. Bodega Ga\u00f1eta.<\/p>\n\n\n\n<p><a href=\"https:\/\/www.diariovasco.com\/gipuzkoa\/damos-visibilidad-territorio-20191227124459-nt.html\" target=\"_blank\" rel=\"noreferrer noopener\">\u00abDamos visibilidad al territorio con un producto aut\u00f3ctono de primera calidad\u00bb<\/a>&nbsp;Entrevista a Nerea Lazkano. Bodega Basa Lore<\/p>\n\n\n\n<img loading=\"lazy\" decoding=\"async\" width=\"1200\" height=\"900\" class=\"gb-media-84db248f\" alt=\"Gure Lurra Landa eta hiri mundua lotzea funtsezkoa izango da etorkizun jasangarrirako\" src=\"https:\/\/www.getariakotxakolina.eus\/wp-content\/uploads\/2025\/11\/Gure-Lurra-Landa-eta-hiri-mundua-lotzea-funtsezkoa-izango-da-etorkizun-jasangarrirako.jpg\" title=\"Gure Lurra Landa eta hiri mundua lotzea funtsezkoa izango da etorkizun jasangarrirako\" srcset=\"https:\/\/www.getariakotxakolina.eus\/wp-content\/uploads\/2025\/11\/Gure-Lurra-Landa-eta-hiri-mundua-lotzea-funtsezkoa-izango-da-etorkizun-jasangarrirako.jpg 1200w, https:\/\/www.getariakotxakolina.eus\/wp-content\/uploads\/2025\/11\/Gure-Lurra-Landa-eta-hiri-mundua-lotzea-funtsezkoa-izango-da-etorkizun-jasangarrirako-300x225.jpg 300w, https:\/\/www.getariakotxakolina.eus\/wp-content\/uploads\/2025\/11\/Gure-Lurra-Landa-eta-hiri-mundua-lotzea-funtsezkoa-izango-da-etorkizun-jasangarrirako-1024x768.jpg 1024w, https:\/\/www.getariakotxakolina.eus\/wp-content\/uploads\/2025\/11\/Gure-Lurra-Landa-eta-hiri-mundua-lotzea-funtsezkoa-izango-da-etorkizun-jasangarrirako-768x576.jpg 768w\" sizes=\"auto, (max-width: 1200px) 100vw, 1200px\" \/>\n<\/div>\n","protected":false},"excerpt":{"rendered":"<p>El congreso Gure Lurra, Sembrando Futuro, celebrado el pasado mes de noviembre en San Sebasti\u00e1n, reuni\u00f3 a diferentes colectivos para exponer las consecuencias de la desconexi\u00f3n del mundo rural y el mundo urbano. Una cita que puso sobre la mesa la necesidad de generar una relaci\u00f3n sostenible entre ambos medios, por una sociedad saludable y &#8230; <a title=\"Gure Lurra: conectar el mundo rural y urbano fundamental para un futuro sostenible\" class=\"read-more\" href=\"https:\/\/www.getariakotxakolina.eus\/es\/congreso-gure-lurra-conectar-el-mundo-rural-y-urbano-futuro-sostenible\/\" aria-label=\"Leer m\u00e1s sobre Gure Lurra: conectar el mundo rural y urbano fundamental para un futuro sostenible\">Leer m\u00e1s<\/a><\/p>\n","protected":false},"author":1,"featured_media":13690,"comment_status":"closed","ping_status":"open","sticky":false,"template":"","format":"standard","meta":{"_acf_changed":false,"footnotes":""},"categories":[27],"tags":[],"class_list":["post-13689","post","type-post","status-publish","format-standard","has-post-thumbnail","hentry","category-noticias","resize-featured-image"],"acf":[],"yoast_head":"<!-- This site is optimized with the Yoast SEO plugin v27.4 - https:\/\/yoast.com\/product\/yoast-seo-wordpress\/ -->\n<title>Congreso Gure Lurra: conectar el mundo rural y urbano, para un futuro sostenible<\/title>\n<meta name=\"description\" content=\"El Congreso Gure Lurra puso sobre la mesa la necesidad de generar una relaci\u00f3n sostenible entre ambos medios, por una sociedad saludable y un futuro sostenible. Te lo contamos en el nuevo post del blog de Getariako Txakolina\" \/>\n<meta name=\"robots\" content=\"index, follow, max-snippet:-1, max-image-preview:large, max-video-preview:-1\" \/>\n<link rel=\"canonical\" href=\"https:\/\/www.getariakotxakolina.eus\/es\/congreso-gure-lurra-conectar-el-mundo-rural-y-urbano-futuro-sostenible\/\" \/>\n<meta property=\"og:locale\" content=\"es_ES\" \/>\n<meta property=\"og:type\" content=\"article\" \/>\n<meta property=\"og:title\" content=\"Congreso Gure Lurra: conectar el mundo rural y urbano, para un futuro sostenible\" \/>\n<meta property=\"og:description\" content=\"El Congreso Gure Lurra puso sobre la mesa la necesidad de generar una relaci\u00f3n sostenible entre ambos medios, por una sociedad saludable y un futuro sostenible. Te lo contamos en el nuevo post del blog de Getariako Txakolina\" \/>\n<meta property=\"og:url\" content=\"https:\/\/www.getariakotxakolina.eus\/es\/congreso-gure-lurra-conectar-el-mundo-rural-y-urbano-futuro-sostenible\/\" \/>\n<meta property=\"og:site_name\" content=\"Getariako Txakolina\" \/>\n<meta property=\"article:publisher\" content=\"https:\/\/www.facebook.com\/GetariakoTxakolinaDO\/\" \/>\n<meta property=\"article:published_time\" content=\"2019-12-30T15:54:00+00:00\" \/>\n<meta property=\"article:modified_time\" content=\"2025-12-24T12:24:26+00:00\" \/>\n<meta property=\"og:image\" content=\"https:\/\/www.getariakotxakolina.eus\/wp-content\/uploads\/2025\/11\/Gure-Lurra-Landa-eta-hiri-mundua-lotzea-funtsezkoa-izango-da-etorkizun-jasangarrirako-portada.jpg\" \/>\n\t<meta property=\"og:image:width\" content=\"1920\" \/>\n\t<meta property=\"og:image:height\" content=\"1440\" \/>\n\t<meta property=\"og:image:type\" content=\"image\/jpeg\" \/>\n<meta name=\"author\" content=\"Sergio\" \/>\n<meta name=\"twitter:card\" content=\"summary_large_image\" \/>\n<meta name=\"twitter:label1\" content=\"Escrito por\" \/>\n\t<meta name=\"twitter:data1\" content=\"Sergio\" \/>\n\t<meta name=\"twitter:label2\" content=\"Tiempo de lectura\" \/>\n\t<meta name=\"twitter:data2\" content=\"4 minutos\" \/>\n<script type=\"application\/ld+json\" class=\"yoast-schema-graph\">{\"@context\":\"https:\\\/\\\/schema.org\",\"@graph\":[{\"@type\":\"Article\",\"@id\":\"https:\\\/\\\/www.getariakotxakolina.eus\\\/es\\\/congreso-gure-lurra-conectar-el-mundo-rural-y-urbano-futuro-sostenible\\\/#article\",\"isPartOf\":{\"@id\":\"https:\\\/\\\/www.getariakotxakolina.eus\\\/es\\\/congreso-gure-lurra-conectar-el-mundo-rural-y-urbano-futuro-sostenible\\\/\"},\"author\":{\"name\":\"Sergio\",\"@id\":\"https:\\\/\\\/www.getariakotxakolina.eus\\\/es\\\/#\\\/schema\\\/person\\\/a5e5ff3c3ef2b02a49c0908e58468d2e\"},\"headline\":\"Gure Lurra: conectar el mundo rural y urbano fundamental para un futuro sostenible\",\"datePublished\":\"2019-12-30T15:54:00+00:00\",\"dateModified\":\"2025-12-24T12:24:26+00:00\",\"mainEntityOfPage\":{\"@id\":\"https:\\\/\\\/www.getariakotxakolina.eus\\\/es\\\/congreso-gure-lurra-conectar-el-mundo-rural-y-urbano-futuro-sostenible\\\/\"},\"wordCount\":741,\"publisher\":{\"@id\":\"https:\\\/\\\/www.getariakotxakolina.eus\\\/es\\\/#organization\"},\"image\":{\"@id\":\"https:\\\/\\\/www.getariakotxakolina.eus\\\/es\\\/congreso-gure-lurra-conectar-el-mundo-rural-y-urbano-futuro-sostenible\\\/#primaryimage\"},\"thumbnailUrl\":\"https:\\\/\\\/www.getariakotxakolina.eus\\\/wp-content\\\/uploads\\\/2025\\\/11\\\/Gure-Lurra-Landa-eta-hiri-mundua-lotzea-funtsezkoa-izango-da-etorkizun-jasangarrirako-portada.jpg\",\"articleSection\":[\"Noticias\"],\"inLanguage\":\"es\"},{\"@type\":\"WebPage\",\"@id\":\"https:\\\/\\\/www.getariakotxakolina.eus\\\/es\\\/congreso-gure-lurra-conectar-el-mundo-rural-y-urbano-futuro-sostenible\\\/\",\"url\":\"https:\\\/\\\/www.getariakotxakolina.eus\\\/es\\\/congreso-gure-lurra-conectar-el-mundo-rural-y-urbano-futuro-sostenible\\\/\",\"name\":\"Congreso Gure Lurra: conectar el mundo rural y urbano, para un futuro sostenible\",\"isPartOf\":{\"@id\":\"https:\\\/\\\/www.getariakotxakolina.eus\\\/es\\\/#website\"},\"primaryImageOfPage\":{\"@id\":\"https:\\\/\\\/www.getariakotxakolina.eus\\\/es\\\/congreso-gure-lurra-conectar-el-mundo-rural-y-urbano-futuro-sostenible\\\/#primaryimage\"},\"image\":{\"@id\":\"https:\\\/\\\/www.getariakotxakolina.eus\\\/es\\\/congreso-gure-lurra-conectar-el-mundo-rural-y-urbano-futuro-sostenible\\\/#primaryimage\"},\"thumbnailUrl\":\"https:\\\/\\\/www.getariakotxakolina.eus\\\/wp-content\\\/uploads\\\/2025\\\/11\\\/Gure-Lurra-Landa-eta-hiri-mundua-lotzea-funtsezkoa-izango-da-etorkizun-jasangarrirako-portada.jpg\",\"datePublished\":\"2019-12-30T15:54:00+00:00\",\"dateModified\":\"2025-12-24T12:24:26+00:00\",\"description\":\"El Congreso Gure Lurra puso sobre la mesa la necesidad de generar una relaci\u00f3n sostenible entre ambos medios, por una sociedad saludable y un futuro sostenible. Te lo contamos en el nuevo post del blog de Getariako Txakolina\",\"breadcrumb\":{\"@id\":\"https:\\\/\\\/www.getariakotxakolina.eus\\\/es\\\/congreso-gure-lurra-conectar-el-mundo-rural-y-urbano-futuro-sostenible\\\/#breadcrumb\"},\"inLanguage\":\"es\",\"potentialAction\":[{\"@type\":\"ReadAction\",\"target\":[\"https:\\\/\\\/www.getariakotxakolina.eus\\\/es\\\/congreso-gure-lurra-conectar-el-mundo-rural-y-urbano-futuro-sostenible\\\/\"]}]},{\"@type\":\"ImageObject\",\"inLanguage\":\"es\",\"@id\":\"https:\\\/\\\/www.getariakotxakolina.eus\\\/es\\\/congreso-gure-lurra-conectar-el-mundo-rural-y-urbano-futuro-sostenible\\\/#primaryimage\",\"url\":\"https:\\\/\\\/www.getariakotxakolina.eus\\\/wp-content\\\/uploads\\\/2025\\\/11\\\/Gure-Lurra-Landa-eta-hiri-mundua-lotzea-funtsezkoa-izango-da-etorkizun-jasangarrirako-portada.jpg\",\"contentUrl\":\"https:\\\/\\\/www.getariakotxakolina.eus\\\/wp-content\\\/uploads\\\/2025\\\/11\\\/Gure-Lurra-Landa-eta-hiri-mundua-lotzea-funtsezkoa-izango-da-etorkizun-jasangarrirako-portada.jpg\",\"width\":1920,\"height\":1440,\"caption\":\"Gure Lurra Landa eta hiri mundua lotzea funtsezkoa izango da etorkizun jasangarrirako - portada\"},{\"@type\":\"BreadcrumbList\",\"@id\":\"https:\\\/\\\/www.getariakotxakolina.eus\\\/es\\\/congreso-gure-lurra-conectar-el-mundo-rural-y-urbano-futuro-sostenible\\\/#breadcrumb\",\"itemListElement\":[{\"@type\":\"ListItem\",\"position\":1,\"name\":\"Portada\",\"item\":\"https:\\\/\\\/www.getariakotxakolina.eus\\\/es\\\/\"},{\"@type\":\"ListItem\",\"position\":2,\"name\":\"Gure Lurra: conectar el mundo rural y urbano fundamental para un futuro sostenible\"}]},{\"@type\":\"WebSite\",\"@id\":\"https:\\\/\\\/www.getariakotxakolina.eus\\\/es\\\/#website\",\"url\":\"https:\\\/\\\/www.getariakotxakolina.eus\\\/es\\\/\",\"name\":\"Txakol\u00ed de Getaria vino blanco con D.O. Getariako txakolina\",\"description\":\"El txakoli Denominaci\u00f3n de Origen Getariako Txakolina es un vino joven de graduaci\u00f3n moderada y equilibrada acidez.\",\"publisher\":{\"@id\":\"https:\\\/\\\/www.getariakotxakolina.eus\\\/es\\\/#organization\"},\"alternateName\":\"Getariako txakolina\",\"potentialAction\":[{\"@type\":\"SearchAction\",\"target\":{\"@type\":\"EntryPoint\",\"urlTemplate\":\"https:\\\/\\\/www.getariakotxakolina.eus\\\/es\\\/?s={search_term_string}\"},\"query-input\":{\"@type\":\"PropertyValueSpecification\",\"valueRequired\":true,\"valueName\":\"search_term_string\"}}],\"inLanguage\":\"es\"},{\"@type\":\"Organization\",\"@id\":\"https:\\\/\\\/www.getariakotxakolina.eus\\\/es\\\/#organization\",\"name\":\"Getariako Txakolina\",\"alternateName\":\"Getariako Txakolina\",\"url\":\"https:\\\/\\\/www.getariakotxakolina.eus\\\/es\\\/\",\"logo\":{\"@type\":\"ImageObject\",\"inLanguage\":\"es\",\"@id\":\"https:\\\/\\\/www.getariakotxakolina.eus\\\/es\\\/#\\\/schema\\\/logo\\\/image\\\/\",\"url\":\"https:\\\/\\\/www.getariakotxakolina.eus\\\/wp-content\\\/uploads\\\/2025\\\/07\\\/Getariako-Txakolina-Logo.svg\",\"contentUrl\":\"https:\\\/\\\/www.getariakotxakolina.eus\\\/wp-content\\\/uploads\\\/2025\\\/07\\\/Getariako-Txakolina-Logo.svg\",\"width\":417,\"height\":83,\"caption\":\"Getariako Txakolina\"},\"image\":{\"@id\":\"https:\\\/\\\/www.getariakotxakolina.eus\\\/es\\\/#\\\/schema\\\/logo\\\/image\\\/\"},\"sameAs\":[\"https:\\\/\\\/www.facebook.com\\\/GetariakoTxakolinaDO\\\/\",\"https:\\\/\\\/www.instagram.com\\\/getariakotxakolina_do\\\/\"]},{\"@type\":\"Person\",\"@id\":\"https:\\\/\\\/www.getariakotxakolina.eus\\\/es\\\/#\\\/schema\\\/person\\\/a5e5ff3c3ef2b02a49c0908e58468d2e\",\"name\":\"Sergio\",\"image\":{\"@type\":\"ImageObject\",\"inLanguage\":\"es\",\"@id\":\"https:\\\/\\\/secure.gravatar.com\\\/avatar\\\/a7d1b444c33a3e9943bfdc51e89ddc19ba81f816f205cf49c0f1113bad811a11?s=96&d=mm&r=g\",\"url\":\"https:\\\/\\\/secure.gravatar.com\\\/avatar\\\/a7d1b444c33a3e9943bfdc51e89ddc19ba81f816f205cf49c0f1113bad811a11?s=96&d=mm&r=g\",\"contentUrl\":\"https:\\\/\\\/secure.gravatar.com\\\/avatar\\\/a7d1b444c33a3e9943bfdc51e89ddc19ba81f816f205cf49c0f1113bad811a11?s=96&d=mm&r=g\",\"caption\":\"Sergio\"},\"sameAs\":[\"https:\\\/\\\/wordpress-958700-4452977.cloudwaysapps.com\"]}]}<\/script>\n<!-- \/ Yoast SEO plugin. -->","yoast_head_json":{"title":"Congreso Gure Lurra: conectar el mundo rural y urbano, para un futuro sostenible","description":"El Congreso Gure Lurra puso sobre la mesa la necesidad de generar una relaci\u00f3n sostenible entre ambos medios, por una sociedad saludable y un futuro sostenible. Te lo contamos en el nuevo post del blog de Getariako Txakolina","robots":{"index":"index","follow":"follow","max-snippet":"max-snippet:-1","max-image-preview":"max-image-preview:large","max-video-preview":"max-video-preview:-1"},"canonical":"https:\/\/www.getariakotxakolina.eus\/es\/congreso-gure-lurra-conectar-el-mundo-rural-y-urbano-futuro-sostenible\/","og_locale":"es_ES","og_type":"article","og_title":"Congreso Gure Lurra: conectar el mundo rural y urbano, para un futuro sostenible","og_description":"El Congreso Gure Lurra puso sobre la mesa la necesidad de generar una relaci\u00f3n sostenible entre ambos medios, por una sociedad saludable y un futuro sostenible. Te lo contamos en el nuevo post del blog de Getariako Txakolina","og_url":"https:\/\/www.getariakotxakolina.eus\/es\/congreso-gure-lurra-conectar-el-mundo-rural-y-urbano-futuro-sostenible\/","og_site_name":"Getariako Txakolina","article_publisher":"https:\/\/www.facebook.com\/GetariakoTxakolinaDO\/","article_published_time":"2019-12-30T15:54:00+00:00","article_modified_time":"2025-12-24T12:24:26+00:00","og_image":[{"width":1920,"height":1440,"url":"https:\/\/www.getariakotxakolina.eus\/wp-content\/uploads\/2025\/11\/Gure-Lurra-Landa-eta-hiri-mundua-lotzea-funtsezkoa-izango-da-etorkizun-jasangarrirako-portada.jpg","type":"image\/jpeg"}],"author":"Sergio","twitter_card":"summary_large_image","twitter_misc":{"Escrito por":"Sergio","Tiempo de lectura":"4 minutos"},"schema":{"@context":"https:\/\/schema.org","@graph":[{"@type":"Article","@id":"https:\/\/www.getariakotxakolina.eus\/es\/congreso-gure-lurra-conectar-el-mundo-rural-y-urbano-futuro-sostenible\/#article","isPartOf":{"@id":"https:\/\/www.getariakotxakolina.eus\/es\/congreso-gure-lurra-conectar-el-mundo-rural-y-urbano-futuro-sostenible\/"},"author":{"name":"Sergio","@id":"https:\/\/www.getariakotxakolina.eus\/es\/#\/schema\/person\/a5e5ff3c3ef2b02a49c0908e58468d2e"},"headline":"Gure Lurra: conectar el mundo rural y urbano fundamental para un futuro sostenible","datePublished":"2019-12-30T15:54:00+00:00","dateModified":"2025-12-24T12:24:26+00:00","mainEntityOfPage":{"@id":"https:\/\/www.getariakotxakolina.eus\/es\/congreso-gure-lurra-conectar-el-mundo-rural-y-urbano-futuro-sostenible\/"},"wordCount":741,"publisher":{"@id":"https:\/\/www.getariakotxakolina.eus\/es\/#organization"},"image":{"@id":"https:\/\/www.getariakotxakolina.eus\/es\/congreso-gure-lurra-conectar-el-mundo-rural-y-urbano-futuro-sostenible\/#primaryimage"},"thumbnailUrl":"https:\/\/www.getariakotxakolina.eus\/wp-content\/uploads\/2025\/11\/Gure-Lurra-Landa-eta-hiri-mundua-lotzea-funtsezkoa-izango-da-etorkizun-jasangarrirako-portada.jpg","articleSection":["Noticias"],"inLanguage":"es"},{"@type":"WebPage","@id":"https:\/\/www.getariakotxakolina.eus\/es\/congreso-gure-lurra-conectar-el-mundo-rural-y-urbano-futuro-sostenible\/","url":"https:\/\/www.getariakotxakolina.eus\/es\/congreso-gure-lurra-conectar-el-mundo-rural-y-urbano-futuro-sostenible\/","name":"Congreso Gure Lurra: conectar el mundo rural y urbano, para un futuro sostenible","isPartOf":{"@id":"https:\/\/www.getariakotxakolina.eus\/es\/#website"},"primaryImageOfPage":{"@id":"https:\/\/www.getariakotxakolina.eus\/es\/congreso-gure-lurra-conectar-el-mundo-rural-y-urbano-futuro-sostenible\/#primaryimage"},"image":{"@id":"https:\/\/www.getariakotxakolina.eus\/es\/congreso-gure-lurra-conectar-el-mundo-rural-y-urbano-futuro-sostenible\/#primaryimage"},"thumbnailUrl":"https:\/\/www.getariakotxakolina.eus\/wp-content\/uploads\/2025\/11\/Gure-Lurra-Landa-eta-hiri-mundua-lotzea-funtsezkoa-izango-da-etorkizun-jasangarrirako-portada.jpg","datePublished":"2019-12-30T15:54:00+00:00","dateModified":"2025-12-24T12:24:26+00:00","description":"El Congreso Gure Lurra puso sobre la mesa la necesidad de generar una relaci\u00f3n sostenible entre ambos medios, por una sociedad saludable y un futuro sostenible. Te lo contamos en el nuevo post del blog de Getariako Txakolina","breadcrumb":{"@id":"https:\/\/www.getariakotxakolina.eus\/es\/congreso-gure-lurra-conectar-el-mundo-rural-y-urbano-futuro-sostenible\/#breadcrumb"},"inLanguage":"es","potentialAction":[{"@type":"ReadAction","target":["https:\/\/www.getariakotxakolina.eus\/es\/congreso-gure-lurra-conectar-el-mundo-rural-y-urbano-futuro-sostenible\/"]}]},{"@type":"ImageObject","inLanguage":"es","@id":"https:\/\/www.getariakotxakolina.eus\/es\/congreso-gure-lurra-conectar-el-mundo-rural-y-urbano-futuro-sostenible\/#primaryimage","url":"https:\/\/www.getariakotxakolina.eus\/wp-content\/uploads\/2025\/11\/Gure-Lurra-Landa-eta-hiri-mundua-lotzea-funtsezkoa-izango-da-etorkizun-jasangarrirako-portada.jpg","contentUrl":"https:\/\/www.getariakotxakolina.eus\/wp-content\/uploads\/2025\/11\/Gure-Lurra-Landa-eta-hiri-mundua-lotzea-funtsezkoa-izango-da-etorkizun-jasangarrirako-portada.jpg","width":1920,"height":1440,"caption":"Gure Lurra Landa eta hiri mundua lotzea funtsezkoa izango da etorkizun jasangarrirako - portada"},{"@type":"BreadcrumbList","@id":"https:\/\/www.getariakotxakolina.eus\/es\/congreso-gure-lurra-conectar-el-mundo-rural-y-urbano-futuro-sostenible\/#breadcrumb","itemListElement":[{"@type":"ListItem","position":1,"name":"Portada","item":"https:\/\/www.getariakotxakolina.eus\/es\/"},{"@type":"ListItem","position":2,"name":"Gure Lurra: conectar el mundo rural y urbano fundamental para un futuro sostenible"}]},{"@type":"WebSite","@id":"https:\/\/www.getariakotxakolina.eus\/es\/#website","url":"https:\/\/www.getariakotxakolina.eus\/es\/","name":"Txakol\u00ed de Getaria vino blanco con D.O. Getariako txakolina","description":"El txakoli Denominaci\u00f3n de Origen Getariako Txakolina es un vino joven de graduaci\u00f3n moderada y equilibrada acidez.","publisher":{"@id":"https:\/\/www.getariakotxakolina.eus\/es\/#organization"},"alternateName":"Getariako txakolina","potentialAction":[{"@type":"SearchAction","target":{"@type":"EntryPoint","urlTemplate":"https:\/\/www.getariakotxakolina.eus\/es\/?s={search_term_string}"},"query-input":{"@type":"PropertyValueSpecification","valueRequired":true,"valueName":"search_term_string"}}],"inLanguage":"es"},{"@type":"Organization","@id":"https:\/\/www.getariakotxakolina.eus\/es\/#organization","name":"Getariako Txakolina","alternateName":"Getariako Txakolina","url":"https:\/\/www.getariakotxakolina.eus\/es\/","logo":{"@type":"ImageObject","inLanguage":"es","@id":"https:\/\/www.getariakotxakolina.eus\/es\/#\/schema\/logo\/image\/","url":"https:\/\/www.getariakotxakolina.eus\/wp-content\/uploads\/2025\/07\/Getariako-Txakolina-Logo.svg","contentUrl":"https:\/\/www.getariakotxakolina.eus\/wp-content\/uploads\/2025\/07\/Getariako-Txakolina-Logo.svg","width":417,"height":83,"caption":"Getariako Txakolina"},"image":{"@id":"https:\/\/www.getariakotxakolina.eus\/es\/#\/schema\/logo\/image\/"},"sameAs":["https:\/\/www.facebook.com\/GetariakoTxakolinaDO\/","https:\/\/www.instagram.com\/getariakotxakolina_do\/"]},{"@type":"Person","@id":"https:\/\/www.getariakotxakolina.eus\/es\/#\/schema\/person\/a5e5ff3c3ef2b02a49c0908e58468d2e","name":"Sergio","image":{"@type":"ImageObject","inLanguage":"es","@id":"https:\/\/secure.gravatar.com\/avatar\/a7d1b444c33a3e9943bfdc51e89ddc19ba81f816f205cf49c0f1113bad811a11?s=96&d=mm&r=g","url":"https:\/\/secure.gravatar.com\/avatar\/a7d1b444c33a3e9943bfdc51e89ddc19ba81f816f205cf49c0f1113bad811a11?s=96&d=mm&r=g","contentUrl":"https:\/\/secure.gravatar.com\/avatar\/a7d1b444c33a3e9943bfdc51e89ddc19ba81f816f205cf49c0f1113bad811a11?s=96&d=mm&r=g","caption":"Sergio"},"sameAs":["https:\/\/wordpress-958700-4452977.cloudwaysapps.com"]}]}},"_links":{"self":[{"href":"https:\/\/www.getariakotxakolina.eus\/es\/wp-json\/wp\/v2\/posts\/13689","targetHints":{"allow":["GET"]}}],"collection":[{"href":"https:\/\/www.getariakotxakolina.eus\/es\/wp-json\/wp\/v2\/posts"}],"about":[{"href":"https:\/\/www.getariakotxakolina.eus\/es\/wp-json\/wp\/v2\/types\/post"}],"author":[{"embeddable":true,"href":"https:\/\/www.getariakotxakolina.eus\/es\/wp-json\/wp\/v2\/users\/1"}],"replies":[{"embeddable":true,"href":"https:\/\/www.getariakotxakolina.eus\/es\/wp-json\/wp\/v2\/comments?post=13689"}],"version-history":[{"count":0,"href":"https:\/\/www.getariakotxakolina.eus\/es\/wp-json\/wp\/v2\/posts\/13689\/revisions"}],"wp:featuredmedia":[{"embeddable":true,"href":"https:\/\/www.getariakotxakolina.eus\/es\/wp-json\/wp\/v2\/media\/13690"}],"wp:attachment":[{"href":"https:\/\/www.getariakotxakolina.eus\/es\/wp-json\/wp\/v2\/media?parent=13689"}],"wp:term":[{"taxonomy":"category","embeddable":true,"href":"https:\/\/www.getariakotxakolina.eus\/es\/wp-json\/wp\/v2\/categories?post=13689"},{"taxonomy":"post_tag","embeddable":true,"href":"https:\/\/www.getariakotxakolina.eus\/es\/wp-json\/wp\/v2\/tags?post=13689"}],"curies":[{"name":"wp","href":"https:\/\/api.w.org\/{rel}","templated":true}]}}