{"id":13681,"date":"2020-12-24T13:59:37","date_gmt":"2020-12-24T12:59:37","guid":{"rendered":"https:\/\/www.getariakotxakolina.eus\/eusko-label-esne-bildotsa-txakolinera\/"},"modified":"2025-12-22T17:32:16","modified_gmt":"2025-12-22T16:32:16","slug":"cordero-lechal-al-txakoli","status":"publish","type":"post","link":"https:\/\/www.getariakotxakolina.eus\/es\/cordero-lechal-al-txakoli\/","title":{"rendered":"Cordero lechal al txakoli"},"content":{"rendered":"<div class=\"gb-container gb-container-c853ae35 contenedor-blog\">\n\n<p class=\"gb-headline gb-headline-1071b732 gb-headline-text destacado-blog\">Este cordero lechal al txakoli huele a Navidad. Hoy os traemos&nbsp;<strong>una receta tradicional que tiene truco<\/strong>: si no le tienes cogido el punto al asado, te aseguramos que con esta receta triunfar\u00e1s. Sencilla y riqu\u00edsima, lo mejor, compartir una botella de txakoli D.O. Getariako Txakolina mientras se termina de hacer en el horno. \u00bfPreparados para disfrutarlo?<\/p>\n\n\n\n<h2 class=\"gb-headline gb-headline-ace4899e gb-headline-text h2-blog\">Cordero lechal al txakoli<\/h2>\n\n\n\n<h3 class=\"gb-headline gb-headline-97b86ec7 gb-headline-text h3-blog\">Ingredientes para 2\/3 personas:<\/h3>\n\n\n\n<ul class=\"wp-block-list\">\n<li>1\/4 de&nbsp;<a href=\"https:\/\/www.baserriakm0.com\/es\/producto\/cordero-lechal-eusko-label\/\" target=\"_blank\" rel=\"noreferrer noopener\">cordero lechal pre-asado Baserria km0<\/a>, con Eusko Label<\/li>\n\n\n\n<li>Botella de txakoli D.O. Getariako Txakolina.<\/li>\n\n\n\n<li>Paquete de patatas Udapa Facil, corte panadera o brava.<\/li>\n\n\n\n<li>1 vaso de sidra de caldo suave de verduras.<\/li>\n\n\n\n<li>1\/2 cebolla mediana.<\/li>\n\n\n\n<li>Sal de A\u00f1ana, aceite de oliva con Eusko Label.<\/li>\n<\/ul>\n\n\n\n<h3 class=\"gb-headline gb-headline-40c22f93 gb-headline-text h3-blog\">Elaboraci\u00f3n:<\/h3>\n\n\n\n<p>Saca el cordero de la nevera y de su bolsa 3 o 4 horas antes de comenzar a prepararlo.<\/p>\n\n\n\n<p>Pocha a fuego lento la cebolla, finamente cortada, en el aceite. Sube el fuego y a\u00f1ade una copa generosa de txakol\u00ed.&nbsp;Puedes disfrutar el resto de la botella mientras terminas de prepararlo.&nbsp;Deja reducir y a\u00f1ade el caldo de verduras. Deja reducir nuevamente y sazona al gusto. Reserva la salsa.<\/p>\n\n\n\n<p>Precalienta el horno a 220\u00ba con calor arriba y abajo. Coloca las patatas en la bandeja de horno y sazona con moderaci\u00f3n.<\/p>\n\n\n\n<p>A\u00f1ade a la bandeja de horno el cordero con la cara a dorar hacia arriba, con toda su gelatina natural. Sala por ambas caras, pincela con la salsa de txakoli y pon el resto de la salsa en la bandeja.&nbsp;Hornea durante 20 minutos aproximadamente, hasta que est\u00e9 dorado.<\/p>\n\n\n\n<p>Sirve el cordero lechal al txakoli acompa\u00f1ado de un entrante como\u00a0<a href=\"https:\/\/www.getariakotxakolina.eus\/es\/bunuelos-de-queso-idiazabal\/\">estos bu\u00f1uelos de queso Idiazabal<\/a>\u00a0y una ensalada verde. Marida con Getariako Txakolina.<\/p>\n\n\n\n<h2 class=\"gb-headline gb-headline-aed62b8d gb-headline-text h2-blog\">Cordero lechal del Pa\u00eds Vasco<\/h2>\n\n\n\n<p>El aut\u00e9ntico Cordero Lechal con Eusko Label pertenece a las razas aut\u00f3ctonas del Pa\u00eds Vasco \u201cLatxa\u201d y \u201cCarranzana\u201d. Es alimentado exclusivamente por la leche de su madre y se sacrifica cuando tiene de 3 a 5 semanas, lo que da como resultado una carne jugosa, tierna y con un exquisito sabor.<\/p>\n\n\n\n<h2 class=\"gb-headline gb-headline-f0388845 gb-headline-text h2-blog\">\u00bfC\u00f3mo reconocerlo?<\/h2>\n\n\n\n<p>El Cordero Lechal con Eusko Label lleva 4 etiquetas para su reconocimiento, una en cada cuarto, donde se indica: matadero, fecha de sacrificio, n\u00famero de control y la garant\u00eda Eusko Label. Solo as\u00ed nos aseguramos de estar consumiendo un producto de incre\u00edble calidad: un aut\u00e9ntico manjar de temporada.&nbsp;<\/p>\n\n\n\n<figure class=\"wp-block-image\"><img decoding=\"async\" src=\"https:\/\/www.getariakotxakolina.eus\/wp-content\/uploads\/2020\/12\/5.jpg\" alt=\"Cordero lechal al txakol\u00ed\" class=\"wp-image-9812\"\/><\/figure>\n\n<\/div>","protected":false},"excerpt":{"rendered":"<p>Este cordero lechal al txakoli huele a Navidad. Hoy os traemos&nbsp;una receta tradicional que tiene truco: si no le tienes cogido el punto al asado, te aseguramos que con esta receta triunfar\u00e1s. Sencilla y riqu\u00edsima, lo mejor, compartir una botella de txakoli D.O. Getariako Txakolina mientras se termina de hacer en el horno. \u00bfPreparados para &#8230; <a title=\"Cordero lechal al txakoli\" class=\"read-more\" href=\"https:\/\/www.getariakotxakolina.eus\/es\/cordero-lechal-al-txakoli\/\" aria-label=\"Leer m\u00e1s sobre Cordero lechal al txakoli\">Leer m\u00e1s<\/a><\/p>\n","protected":false},"author":1,"featured_media":13682,"comment_status":"closed","ping_status":"open","sticky":false,"template":"","format":"standard","meta":{"_acf_changed":false,"footnotes":""},"categories":[29],"tags":[],"class_list":["post-13681","post","type-post","status-publish","format-standard","has-post-thumbnail","hentry","category-recetas","resize-featured-image"],"acf":[],"yoast_head":"<!-- This site is optimized with the Yoast SEO plugin v27.4 - https:\/\/yoast.com\/product\/yoast-seo-wordpress\/ -->\n<title>Cordero lechal al txakoli - Getariako Txakolina<\/title>\n<meta name=\"description\" content=\"El Cordero Lechal huele a Navidad. Hoy os traemos una receta tradicional con truco: Cordero lechal al txakoli.\" \/>\n<meta name=\"robots\" content=\"index, follow, max-snippet:-1, max-image-preview:large, max-video-preview:-1\" \/>\n<link rel=\"canonical\" href=\"https:\/\/www.getariakotxakolina.eus\/es\/cordero-lechal-al-txakoli\/\" \/>\n<meta property=\"og:locale\" content=\"es_ES\" \/>\n<meta property=\"og:type\" content=\"article\" \/>\n<meta property=\"og:title\" content=\"Cordero lechal al txakoli - Getariako Txakolina\" \/>\n<meta property=\"og:description\" content=\"El Cordero Lechal huele a Navidad. Hoy os traemos una receta tradicional con truco: Cordero lechal al txakoli.\" \/>\n<meta property=\"og:url\" content=\"https:\/\/www.getariakotxakolina.eus\/es\/cordero-lechal-al-txakoli\/\" \/>\n<meta property=\"og:site_name\" content=\"Getariako Txakolina\" \/>\n<meta property=\"article:publisher\" content=\"https:\/\/www.facebook.com\/GetariakoTxakolinaDO\/\" \/>\n<meta property=\"article:published_time\" content=\"2020-12-24T12:59:37+00:00\" \/>\n<meta property=\"article:modified_time\" content=\"2025-12-22T16:32:16+00:00\" \/>\n<meta property=\"og:image\" content=\"https:\/\/www.getariakotxakolina.eus\/wp-content\/uploads\/2025\/08\/Errezeta-Eusko-Label-Esne-Bildotsa-txakolinera.png\" \/>\n\t<meta property=\"og:image:width\" content=\"600\" \/>\n\t<meta property=\"og:image:height\" content=\"474\" \/>\n\t<meta property=\"og:image:type\" content=\"image\/png\" \/>\n<meta name=\"author\" content=\"Sergio\" \/>\n<meta name=\"twitter:card\" content=\"summary_large_image\" \/>\n<meta name=\"twitter:label1\" content=\"Escrito por\" \/>\n\t<meta name=\"twitter:data1\" content=\"Sergio\" \/>\n\t<meta name=\"twitter:label2\" content=\"Tiempo de lectura\" \/>\n\t<meta name=\"twitter:data2\" content=\"3 minutos\" \/>\n<script type=\"application\/ld+json\" class=\"yoast-schema-graph\">{\"@context\":\"https:\\\/\\\/schema.org\",\"@graph\":[{\"@type\":\"Article\",\"@id\":\"https:\\\/\\\/www.getariakotxakolina.eus\\\/es\\\/cordero-lechal-al-txakoli\\\/#article\",\"isPartOf\":{\"@id\":\"https:\\\/\\\/www.getariakotxakolina.eus\\\/es\\\/cordero-lechal-al-txakoli\\\/\"},\"author\":{\"name\":\"Sergio\",\"@id\":\"https:\\\/\\\/www.getariakotxakolina.eus\\\/es\\\/#\\\/schema\\\/person\\\/a5e5ff3c3ef2b02a49c0908e58468d2e\"},\"headline\":\"Cordero lechal al txakoli\",\"datePublished\":\"2020-12-24T12:59:37+00:00\",\"dateModified\":\"2025-12-22T16:32:16+00:00\",\"mainEntityOfPage\":{\"@id\":\"https:\\\/\\\/www.getariakotxakolina.eus\\\/es\\\/cordero-lechal-al-txakoli\\\/\"},\"wordCount\":402,\"publisher\":{\"@id\":\"https:\\\/\\\/www.getariakotxakolina.eus\\\/es\\\/#organization\"},\"image\":{\"@id\":\"https:\\\/\\\/www.getariakotxakolina.eus\\\/es\\\/cordero-lechal-al-txakoli\\\/#primaryimage\"},\"thumbnailUrl\":\"https:\\\/\\\/www.getariakotxakolina.eus\\\/wp-content\\\/uploads\\\/2025\\\/08\\\/Errezeta-Eusko-Label-Esne-Bildotsa-txakolinera.png\",\"articleSection\":[\"Recetas\"],\"inLanguage\":\"es\"},{\"@type\":\"WebPage\",\"@id\":\"https:\\\/\\\/www.getariakotxakolina.eus\\\/es\\\/cordero-lechal-al-txakoli\\\/\",\"url\":\"https:\\\/\\\/www.getariakotxakolina.eus\\\/es\\\/cordero-lechal-al-txakoli\\\/\",\"name\":\"Cordero lechal al txakoli - Getariako Txakolina\",\"isPartOf\":{\"@id\":\"https:\\\/\\\/www.getariakotxakolina.eus\\\/es\\\/#website\"},\"primaryImageOfPage\":{\"@id\":\"https:\\\/\\\/www.getariakotxakolina.eus\\\/es\\\/cordero-lechal-al-txakoli\\\/#primaryimage\"},\"image\":{\"@id\":\"https:\\\/\\\/www.getariakotxakolina.eus\\\/es\\\/cordero-lechal-al-txakoli\\\/#primaryimage\"},\"thumbnailUrl\":\"https:\\\/\\\/www.getariakotxakolina.eus\\\/wp-content\\\/uploads\\\/2025\\\/08\\\/Errezeta-Eusko-Label-Esne-Bildotsa-txakolinera.png\",\"datePublished\":\"2020-12-24T12:59:37+00:00\",\"dateModified\":\"2025-12-22T16:32:16+00:00\",\"description\":\"El Cordero Lechal huele a Navidad. Hoy os traemos una receta tradicional con truco: Cordero lechal al txakoli.\",\"breadcrumb\":{\"@id\":\"https:\\\/\\\/www.getariakotxakolina.eus\\\/es\\\/cordero-lechal-al-txakoli\\\/#breadcrumb\"},\"inLanguage\":\"es\",\"potentialAction\":[{\"@type\":\"ReadAction\",\"target\":[\"https:\\\/\\\/www.getariakotxakolina.eus\\\/es\\\/cordero-lechal-al-txakoli\\\/\"]}]},{\"@type\":\"ImageObject\",\"inLanguage\":\"es\",\"@id\":\"https:\\\/\\\/www.getariakotxakolina.eus\\\/es\\\/cordero-lechal-al-txakoli\\\/#primaryimage\",\"url\":\"https:\\\/\\\/www.getariakotxakolina.eus\\\/wp-content\\\/uploads\\\/2025\\\/08\\\/Errezeta-Eusko-Label-Esne-Bildotsa-txakolinera.png\",\"contentUrl\":\"https:\\\/\\\/www.getariakotxakolina.eus\\\/wp-content\\\/uploads\\\/2025\\\/08\\\/Errezeta-Eusko-Label-Esne-Bildotsa-txakolinera.png\",\"width\":600,\"height\":474,\"caption\":\"Errezeta-Eusko Label Esne Bildotsa txakolinera\"},{\"@type\":\"BreadcrumbList\",\"@id\":\"https:\\\/\\\/www.getariakotxakolina.eus\\\/es\\\/cordero-lechal-al-txakoli\\\/#breadcrumb\",\"itemListElement\":[{\"@type\":\"ListItem\",\"position\":1,\"name\":\"Portada\",\"item\":\"https:\\\/\\\/www.getariakotxakolina.eus\\\/es\\\/\"},{\"@type\":\"ListItem\",\"position\":2,\"name\":\"Cordero lechal al txakoli\"}]},{\"@type\":\"WebSite\",\"@id\":\"https:\\\/\\\/www.getariakotxakolina.eus\\\/es\\\/#website\",\"url\":\"https:\\\/\\\/www.getariakotxakolina.eus\\\/es\\\/\",\"name\":\"Txakol\u00ed de Getaria vino blanco con D.O. Getariako txakolina\",\"description\":\"El txakoli Denominaci\u00f3n de Origen Getariako Txakolina es un vino joven de graduaci\u00f3n moderada y equilibrada acidez.\",\"publisher\":{\"@id\":\"https:\\\/\\\/www.getariakotxakolina.eus\\\/es\\\/#organization\"},\"alternateName\":\"Getariako txakolina\",\"potentialAction\":[{\"@type\":\"SearchAction\",\"target\":{\"@type\":\"EntryPoint\",\"urlTemplate\":\"https:\\\/\\\/www.getariakotxakolina.eus\\\/es\\\/?s={search_term_string}\"},\"query-input\":{\"@type\":\"PropertyValueSpecification\",\"valueRequired\":true,\"valueName\":\"search_term_string\"}}],\"inLanguage\":\"es\"},{\"@type\":\"Organization\",\"@id\":\"https:\\\/\\\/www.getariakotxakolina.eus\\\/es\\\/#organization\",\"name\":\"Getariako Txakolina\",\"alternateName\":\"Getariako Txakolina\",\"url\":\"https:\\\/\\\/www.getariakotxakolina.eus\\\/es\\\/\",\"logo\":{\"@type\":\"ImageObject\",\"inLanguage\":\"es\",\"@id\":\"https:\\\/\\\/www.getariakotxakolina.eus\\\/es\\\/#\\\/schema\\\/logo\\\/image\\\/\",\"url\":\"https:\\\/\\\/www.getariakotxakolina.eus\\\/wp-content\\\/uploads\\\/2025\\\/07\\\/Getariako-Txakolina-Logo.svg\",\"contentUrl\":\"https:\\\/\\\/www.getariakotxakolina.eus\\\/wp-content\\\/uploads\\\/2025\\\/07\\\/Getariako-Txakolina-Logo.svg\",\"width\":417,\"height\":83,\"caption\":\"Getariako Txakolina\"},\"image\":{\"@id\":\"https:\\\/\\\/www.getariakotxakolina.eus\\\/es\\\/#\\\/schema\\\/logo\\\/image\\\/\"},\"sameAs\":[\"https:\\\/\\\/www.facebook.com\\\/GetariakoTxakolinaDO\\\/\",\"https:\\\/\\\/www.instagram.com\\\/getariakotxakolina_do\\\/\"]},{\"@type\":\"Person\",\"@id\":\"https:\\\/\\\/www.getariakotxakolina.eus\\\/es\\\/#\\\/schema\\\/person\\\/a5e5ff3c3ef2b02a49c0908e58468d2e\",\"name\":\"Sergio\",\"image\":{\"@type\":\"ImageObject\",\"inLanguage\":\"es\",\"@id\":\"https:\\\/\\\/secure.gravatar.com\\\/avatar\\\/a7d1b444c33a3e9943bfdc51e89ddc19ba81f816f205cf49c0f1113bad811a11?s=96&d=mm&r=g\",\"url\":\"https:\\\/\\\/secure.gravatar.com\\\/avatar\\\/a7d1b444c33a3e9943bfdc51e89ddc19ba81f816f205cf49c0f1113bad811a11?s=96&d=mm&r=g\",\"contentUrl\":\"https:\\\/\\\/secure.gravatar.com\\\/avatar\\\/a7d1b444c33a3e9943bfdc51e89ddc19ba81f816f205cf49c0f1113bad811a11?s=96&d=mm&r=g\",\"caption\":\"Sergio\"},\"sameAs\":[\"https:\\\/\\\/wordpress-958700-4452977.cloudwaysapps.com\"]}]}<\/script>\n<!-- \/ Yoast SEO plugin. -->","yoast_head_json":{"title":"Cordero lechal al txakoli - Getariako Txakolina","description":"El Cordero Lechal huele a Navidad. Hoy os traemos una receta tradicional con truco: Cordero lechal al txakoli.","robots":{"index":"index","follow":"follow","max-snippet":"max-snippet:-1","max-image-preview":"max-image-preview:large","max-video-preview":"max-video-preview:-1"},"canonical":"https:\/\/www.getariakotxakolina.eus\/es\/cordero-lechal-al-txakoli\/","og_locale":"es_ES","og_type":"article","og_title":"Cordero lechal al txakoli - Getariako Txakolina","og_description":"El Cordero Lechal huele a Navidad. Hoy os traemos una receta tradicional con truco: Cordero lechal al txakoli.","og_url":"https:\/\/www.getariakotxakolina.eus\/es\/cordero-lechal-al-txakoli\/","og_site_name":"Getariako Txakolina","article_publisher":"https:\/\/www.facebook.com\/GetariakoTxakolinaDO\/","article_published_time":"2020-12-24T12:59:37+00:00","article_modified_time":"2025-12-22T16:32:16+00:00","og_image":[{"width":600,"height":474,"url":"https:\/\/www.getariakotxakolina.eus\/wp-content\/uploads\/2025\/08\/Errezeta-Eusko-Label-Esne-Bildotsa-txakolinera.png","type":"image\/png"}],"author":"Sergio","twitter_card":"summary_large_image","twitter_misc":{"Escrito por":"Sergio","Tiempo de lectura":"3 minutos"},"schema":{"@context":"https:\/\/schema.org","@graph":[{"@type":"Article","@id":"https:\/\/www.getariakotxakolina.eus\/es\/cordero-lechal-al-txakoli\/#article","isPartOf":{"@id":"https:\/\/www.getariakotxakolina.eus\/es\/cordero-lechal-al-txakoli\/"},"author":{"name":"Sergio","@id":"https:\/\/www.getariakotxakolina.eus\/es\/#\/schema\/person\/a5e5ff3c3ef2b02a49c0908e58468d2e"},"headline":"Cordero lechal al txakoli","datePublished":"2020-12-24T12:59:37+00:00","dateModified":"2025-12-22T16:32:16+00:00","mainEntityOfPage":{"@id":"https:\/\/www.getariakotxakolina.eus\/es\/cordero-lechal-al-txakoli\/"},"wordCount":402,"publisher":{"@id":"https:\/\/www.getariakotxakolina.eus\/es\/#organization"},"image":{"@id":"https:\/\/www.getariakotxakolina.eus\/es\/cordero-lechal-al-txakoli\/#primaryimage"},"thumbnailUrl":"https:\/\/www.getariakotxakolina.eus\/wp-content\/uploads\/2025\/08\/Errezeta-Eusko-Label-Esne-Bildotsa-txakolinera.png","articleSection":["Recetas"],"inLanguage":"es"},{"@type":"WebPage","@id":"https:\/\/www.getariakotxakolina.eus\/es\/cordero-lechal-al-txakoli\/","url":"https:\/\/www.getariakotxakolina.eus\/es\/cordero-lechal-al-txakoli\/","name":"Cordero lechal al txakoli - Getariako Txakolina","isPartOf":{"@id":"https:\/\/www.getariakotxakolina.eus\/es\/#website"},"primaryImageOfPage":{"@id":"https:\/\/www.getariakotxakolina.eus\/es\/cordero-lechal-al-txakoli\/#primaryimage"},"image":{"@id":"https:\/\/www.getariakotxakolina.eus\/es\/cordero-lechal-al-txakoli\/#primaryimage"},"thumbnailUrl":"https:\/\/www.getariakotxakolina.eus\/wp-content\/uploads\/2025\/08\/Errezeta-Eusko-Label-Esne-Bildotsa-txakolinera.png","datePublished":"2020-12-24T12:59:37+00:00","dateModified":"2025-12-22T16:32:16+00:00","description":"El Cordero Lechal huele a Navidad. Hoy os traemos una receta tradicional con truco: Cordero lechal al txakoli.","breadcrumb":{"@id":"https:\/\/www.getariakotxakolina.eus\/es\/cordero-lechal-al-txakoli\/#breadcrumb"},"inLanguage":"es","potentialAction":[{"@type":"ReadAction","target":["https:\/\/www.getariakotxakolina.eus\/es\/cordero-lechal-al-txakoli\/"]}]},{"@type":"ImageObject","inLanguage":"es","@id":"https:\/\/www.getariakotxakolina.eus\/es\/cordero-lechal-al-txakoli\/#primaryimage","url":"https:\/\/www.getariakotxakolina.eus\/wp-content\/uploads\/2025\/08\/Errezeta-Eusko-Label-Esne-Bildotsa-txakolinera.png","contentUrl":"https:\/\/www.getariakotxakolina.eus\/wp-content\/uploads\/2025\/08\/Errezeta-Eusko-Label-Esne-Bildotsa-txakolinera.png","width":600,"height":474,"caption":"Errezeta-Eusko Label Esne Bildotsa txakolinera"},{"@type":"BreadcrumbList","@id":"https:\/\/www.getariakotxakolina.eus\/es\/cordero-lechal-al-txakoli\/#breadcrumb","itemListElement":[{"@type":"ListItem","position":1,"name":"Portada","item":"https:\/\/www.getariakotxakolina.eus\/es\/"},{"@type":"ListItem","position":2,"name":"Cordero lechal al txakoli"}]},{"@type":"WebSite","@id":"https:\/\/www.getariakotxakolina.eus\/es\/#website","url":"https:\/\/www.getariakotxakolina.eus\/es\/","name":"Txakol\u00ed de Getaria vino blanco con D.O. Getariako txakolina","description":"El txakoli Denominaci\u00f3n de Origen Getariako Txakolina es un vino joven de graduaci\u00f3n moderada y equilibrada acidez.","publisher":{"@id":"https:\/\/www.getariakotxakolina.eus\/es\/#organization"},"alternateName":"Getariako txakolina","potentialAction":[{"@type":"SearchAction","target":{"@type":"EntryPoint","urlTemplate":"https:\/\/www.getariakotxakolina.eus\/es\/?s={search_term_string}"},"query-input":{"@type":"PropertyValueSpecification","valueRequired":true,"valueName":"search_term_string"}}],"inLanguage":"es"},{"@type":"Organization","@id":"https:\/\/www.getariakotxakolina.eus\/es\/#organization","name":"Getariako Txakolina","alternateName":"Getariako Txakolina","url":"https:\/\/www.getariakotxakolina.eus\/es\/","logo":{"@type":"ImageObject","inLanguage":"es","@id":"https:\/\/www.getariakotxakolina.eus\/es\/#\/schema\/logo\/image\/","url":"https:\/\/www.getariakotxakolina.eus\/wp-content\/uploads\/2025\/07\/Getariako-Txakolina-Logo.svg","contentUrl":"https:\/\/www.getariakotxakolina.eus\/wp-content\/uploads\/2025\/07\/Getariako-Txakolina-Logo.svg","width":417,"height":83,"caption":"Getariako Txakolina"},"image":{"@id":"https:\/\/www.getariakotxakolina.eus\/es\/#\/schema\/logo\/image\/"},"sameAs":["https:\/\/www.facebook.com\/GetariakoTxakolinaDO\/","https:\/\/www.instagram.com\/getariakotxakolina_do\/"]},{"@type":"Person","@id":"https:\/\/www.getariakotxakolina.eus\/es\/#\/schema\/person\/a5e5ff3c3ef2b02a49c0908e58468d2e","name":"Sergio","image":{"@type":"ImageObject","inLanguage":"es","@id":"https:\/\/secure.gravatar.com\/avatar\/a7d1b444c33a3e9943bfdc51e89ddc19ba81f816f205cf49c0f1113bad811a11?s=96&d=mm&r=g","url":"https:\/\/secure.gravatar.com\/avatar\/a7d1b444c33a3e9943bfdc51e89ddc19ba81f816f205cf49c0f1113bad811a11?s=96&d=mm&r=g","contentUrl":"https:\/\/secure.gravatar.com\/avatar\/a7d1b444c33a3e9943bfdc51e89ddc19ba81f816f205cf49c0f1113bad811a11?s=96&d=mm&r=g","caption":"Sergio"},"sameAs":["https:\/\/wordpress-958700-4452977.cloudwaysapps.com"]}]}},"_links":{"self":[{"href":"https:\/\/www.getariakotxakolina.eus\/es\/wp-json\/wp\/v2\/posts\/13681","targetHints":{"allow":["GET"]}}],"collection":[{"href":"https:\/\/www.getariakotxakolina.eus\/es\/wp-json\/wp\/v2\/posts"}],"about":[{"href":"https:\/\/www.getariakotxakolina.eus\/es\/wp-json\/wp\/v2\/types\/post"}],"author":[{"embeddable":true,"href":"https:\/\/www.getariakotxakolina.eus\/es\/wp-json\/wp\/v2\/users\/1"}],"replies":[{"embeddable":true,"href":"https:\/\/www.getariakotxakolina.eus\/es\/wp-json\/wp\/v2\/comments?post=13681"}],"version-history":[{"count":0,"href":"https:\/\/www.getariakotxakolina.eus\/es\/wp-json\/wp\/v2\/posts\/13681\/revisions"}],"wp:featuredmedia":[{"embeddable":true,"href":"https:\/\/www.getariakotxakolina.eus\/es\/wp-json\/wp\/v2\/media\/13682"}],"wp:attachment":[{"href":"https:\/\/www.getariakotxakolina.eus\/es\/wp-json\/wp\/v2\/media?parent=13681"}],"wp:term":[{"taxonomy":"category","embeddable":true,"href":"https:\/\/www.getariakotxakolina.eus\/es\/wp-json\/wp\/v2\/categories?post=13681"},{"taxonomy":"post_tag","embeddable":true,"href":"https:\/\/www.getariakotxakolina.eus\/es\/wp-json\/wp\/v2\/tags?post=13681"}],"curies":[{"name":"wp","href":"https:\/\/api.w.org\/{rel}","templated":true}]}}