{"id":13650,"date":"2023-04-03T13:02:00","date_gmt":"2023-04-03T11:02:00","guid":{"rendered":"https:\/\/www.getariakotxakolina.eus\/getariako-txakolina-jdko-upategiak-2023ko-ardo-azoketan\/"},"modified":"2025-12-23T17:52:48","modified_gmt":"2025-12-23T16:52:48","slug":"bodegas-de-getariako-txakolina-en-ferias-del-vino-2023","status":"publish","type":"post","link":"https:\/\/www.getariakotxakolina.eus\/es\/bodegas-de-getariako-txakolina-en-ferias-del-vino-2023\/","title":{"rendered":"Bodegas de Getariako Txakolina en Ferias del Vino 2023"},"content":{"rendered":"\n<div class=\"contenedor-blog\">\n<p class=\"gb-text destacado-blog\">Getariako Txakolina estar\u00e1 presente este a\u00f1o en Gourmets (Madrid)\u00a0 y Fenavin (Ciudad Real). Se podr\u00e1 degustar el txakoli de 3 bodegas de nuestra denominaci\u00f3n de origen. Las encontrar\u00e1s en el Stand del Gobierno Vasco.<\/p>\n\n\n\n<p>Getariako Txakolina estuvo presente\u00a0el pasado 6, 7 y 8 de febrero en la Barcelona Wine Week,\u00a0donde se degust\u00f3 el txakoli de 5 bodegas. \u00bfPr\u00f3ximas ferias en las que estar\u00e1n nuestras bodegas?<\/p>\n\n\n\n<h2 class=\"gb-text h2-blog\">Gourmets (17 al 20 de abril en Madrid)<\/h2>\n\n\n\n<p>Del 17 al 20 de abril, Hika Bodega estar\u00e1 presente en el Sal\u00f3n Gourmets de Madrid.<\/p>\n\n\n\n<h2 class=\"gb-text h2-blog\">Fenavin (9 al 11 de mayo en Ciudad Real)<\/h2>\n\n\n\n<p>Los asistentes a Fenavin, feria de referencia para el sector vitivin\u00edcola espa\u00f1ol, podr\u00e1n degustar y disfrutar el txakol\u00ed de las siguientes bodegas de Getariako Txakolina:<\/p>\n\n\n\n<ul class=\"wp-block-list\">\n<li>Mokoroa<\/li>\n\n\n\n<li>Agerre<\/li>\n<\/ul>\n\n\n\n<p>Del 9 al 11 de mayo en Ciudad Real.<\/p>\n<\/div>\n","protected":false},"excerpt":{"rendered":"<p>Getariako Txakolina estar\u00e1 presente este a\u00f1o en Gourmets (Madrid)\u00a0 y Fenavin (Ciudad Real). Se podr\u00e1 degustar el txakoli de 3 bodegas de nuestra denominaci\u00f3n de origen. Las encontrar\u00e1s en el Stand del Gobierno Vasco. Getariako Txakolina estuvo presente\u00a0el pasado 6, 7 y 8 de febrero en la Barcelona Wine Week,\u00a0donde se degust\u00f3 el txakoli de &#8230; <a title=\"Bodegas de Getariako Txakolina en Ferias del Vino 2023\" class=\"read-more\" href=\"https:\/\/www.getariakotxakolina.eus\/es\/bodegas-de-getariako-txakolina-en-ferias-del-vino-2023\/\" aria-label=\"Leer m\u00e1s sobre Bodegas de Getariako Txakolina en Ferias del Vino 2023\">Leer m\u00e1s<\/a><\/p>\n","protected":false},"author":1,"featured_media":14268,"comment_status":"closed","ping_status":"open","sticky":false,"template":"","format":"standard","meta":{"_acf_changed":false,"footnotes":""},"categories":[27],"tags":[],"class_list":["post-13650","post","type-post","status-publish","format-standard","has-post-thumbnail","hentry","category-noticias","resize-featured-image"],"acf":[],"yoast_head":"<!-- This site is optimized with the Yoast SEO plugin v27.4 - https:\/\/yoast.com\/product\/yoast-seo-wordpress\/ -->\n<title>Bodegas de Getariako Txakolina en Ferias del Vino 2023 - Getariako Txakolina<\/title>\n<meta name=\"description\" content=\"Getariako Txakolina estar\u00e1 presente este a\u00f1o en Gourmets (Madrid)\u00a0y Fenavin (Ciudad Real). Conoce las bodegas que participar\u00e1n.\" \/>\n<meta name=\"robots\" content=\"index, follow, max-snippet:-1, max-image-preview:large, max-video-preview:-1\" \/>\n<link rel=\"canonical\" href=\"https:\/\/www.getariakotxakolina.eus\/es\/bodegas-de-getariako-txakolina-en-ferias-del-vino-2023\/\" \/>\n<meta property=\"og:locale\" content=\"es_ES\" \/>\n<meta property=\"og:type\" content=\"article\" \/>\n<meta property=\"og:title\" content=\"Bodegas de Getariako Txakolina en Ferias del Vino 2023 - Getariako Txakolina\" \/>\n<meta property=\"og:description\" content=\"Getariako Txakolina estar\u00e1 presente este a\u00f1o en Gourmets (Madrid)\u00a0y Fenavin (Ciudad Real). Conoce las bodegas que participar\u00e1n.\" \/>\n<meta property=\"og:url\" content=\"https:\/\/www.getariakotxakolina.eus\/es\/bodegas-de-getariako-txakolina-en-ferias-del-vino-2023\/\" \/>\n<meta property=\"og:site_name\" content=\"Getariako Txakolina\" \/>\n<meta property=\"article:publisher\" content=\"https:\/\/www.facebook.com\/GetariakoTxakolinaDO\/\" \/>\n<meta property=\"article:published_time\" content=\"2023-04-03T11:02:00+00:00\" \/>\n<meta property=\"article:modified_time\" content=\"2025-12-23T16:52:48+00:00\" \/>\n<meta property=\"og:image\" content=\"https:\/\/www.getariakotxakolina.eus\/wp-content\/uploads\/2023\/04\/Feria-vino-2023.jpg\" \/>\n\t<meta property=\"og:image:width\" content=\"1500\" \/>\n\t<meta property=\"og:image:height\" content=\"1000\" \/>\n\t<meta property=\"og:image:type\" content=\"image\/jpeg\" \/>\n<meta name=\"author\" content=\"Sergio\" \/>\n<meta name=\"twitter:card\" content=\"summary_large_image\" \/>\n<meta name=\"twitter:label1\" content=\"Escrito por\" \/>\n\t<meta name=\"twitter:data1\" content=\"Sergio\" \/>\n\t<meta name=\"twitter:label2\" content=\"Tiempo de lectura\" \/>\n\t<meta name=\"twitter:data2\" content=\"1 minuto\" \/>\n<script type=\"application\/ld+json\" class=\"yoast-schema-graph\">{\"@context\":\"https:\\\/\\\/schema.org\",\"@graph\":[{\"@type\":\"Article\",\"@id\":\"https:\\\/\\\/www.getariakotxakolina.eus\\\/es\\\/bodegas-de-getariako-txakolina-en-ferias-del-vino-2023\\\/#article\",\"isPartOf\":{\"@id\":\"https:\\\/\\\/www.getariakotxakolina.eus\\\/es\\\/bodegas-de-getariako-txakolina-en-ferias-del-vino-2023\\\/\"},\"author\":{\"name\":\"Sergio\",\"@id\":\"https:\\\/\\\/www.getariakotxakolina.eus\\\/es\\\/#\\\/schema\\\/person\\\/a5e5ff3c3ef2b02a49c0908e58468d2e\"},\"headline\":\"Bodegas de Getariako Txakolina en Ferias del Vino 2023\",\"datePublished\":\"2023-04-03T11:02:00+00:00\",\"dateModified\":\"2025-12-23T16:52:48+00:00\",\"mainEntityOfPage\":{\"@id\":\"https:\\\/\\\/www.getariakotxakolina.eus\\\/es\\\/bodegas-de-getariako-txakolina-en-ferias-del-vino-2023\\\/\"},\"wordCount\":140,\"publisher\":{\"@id\":\"https:\\\/\\\/www.getariakotxakolina.eus\\\/es\\\/#organization\"},\"image\":{\"@id\":\"https:\\\/\\\/www.getariakotxakolina.eus\\\/es\\\/bodegas-de-getariako-txakolina-en-ferias-del-vino-2023\\\/#primaryimage\"},\"thumbnailUrl\":\"https:\\\/\\\/www.getariakotxakolina.eus\\\/wp-content\\\/uploads\\\/2023\\\/04\\\/Feria-vino-2023.jpg\",\"articleSection\":[\"Noticias\"],\"inLanguage\":\"es\"},{\"@type\":\"WebPage\",\"@id\":\"https:\\\/\\\/www.getariakotxakolina.eus\\\/es\\\/bodegas-de-getariako-txakolina-en-ferias-del-vino-2023\\\/\",\"url\":\"https:\\\/\\\/www.getariakotxakolina.eus\\\/es\\\/bodegas-de-getariako-txakolina-en-ferias-del-vino-2023\\\/\",\"name\":\"Bodegas de Getariako Txakolina en Ferias del Vino 2023 - Getariako Txakolina\",\"isPartOf\":{\"@id\":\"https:\\\/\\\/www.getariakotxakolina.eus\\\/es\\\/#website\"},\"primaryImageOfPage\":{\"@id\":\"https:\\\/\\\/www.getariakotxakolina.eus\\\/es\\\/bodegas-de-getariako-txakolina-en-ferias-del-vino-2023\\\/#primaryimage\"},\"image\":{\"@id\":\"https:\\\/\\\/www.getariakotxakolina.eus\\\/es\\\/bodegas-de-getariako-txakolina-en-ferias-del-vino-2023\\\/#primaryimage\"},\"thumbnailUrl\":\"https:\\\/\\\/www.getariakotxakolina.eus\\\/wp-content\\\/uploads\\\/2023\\\/04\\\/Feria-vino-2023.jpg\",\"datePublished\":\"2023-04-03T11:02:00+00:00\",\"dateModified\":\"2025-12-23T16:52:48+00:00\",\"description\":\"Getariako Txakolina estar\u00e1 presente este a\u00f1o en Gourmets (Madrid)\u00a0y Fenavin (Ciudad Real). Conoce las bodegas que participar\u00e1n.\",\"breadcrumb\":{\"@id\":\"https:\\\/\\\/www.getariakotxakolina.eus\\\/es\\\/bodegas-de-getariako-txakolina-en-ferias-del-vino-2023\\\/#breadcrumb\"},\"inLanguage\":\"es\",\"potentialAction\":[{\"@type\":\"ReadAction\",\"target\":[\"https:\\\/\\\/www.getariakotxakolina.eus\\\/es\\\/bodegas-de-getariako-txakolina-en-ferias-del-vino-2023\\\/\"]}]},{\"@type\":\"ImageObject\",\"inLanguage\":\"es\",\"@id\":\"https:\\\/\\\/www.getariakotxakolina.eus\\\/es\\\/bodegas-de-getariako-txakolina-en-ferias-del-vino-2023\\\/#primaryimage\",\"url\":\"https:\\\/\\\/www.getariakotxakolina.eus\\\/wp-content\\\/uploads\\\/2023\\\/04\\\/Feria-vino-2023.jpg\",\"contentUrl\":\"https:\\\/\\\/www.getariakotxakolina.eus\\\/wp-content\\\/uploads\\\/2023\\\/04\\\/Feria-vino-2023.jpg\",\"width\":1500,\"height\":1000,\"caption\":\"Feria vino 2023\"},{\"@type\":\"BreadcrumbList\",\"@id\":\"https:\\\/\\\/www.getariakotxakolina.eus\\\/es\\\/bodegas-de-getariako-txakolina-en-ferias-del-vino-2023\\\/#breadcrumb\",\"itemListElement\":[{\"@type\":\"ListItem\",\"position\":1,\"name\":\"Portada\",\"item\":\"https:\\\/\\\/www.getariakotxakolina.eus\\\/es\\\/\"},{\"@type\":\"ListItem\",\"position\":2,\"name\":\"Bodegas de Getariako Txakolina en Ferias del Vino 2023\"}]},{\"@type\":\"WebSite\",\"@id\":\"https:\\\/\\\/www.getariakotxakolina.eus\\\/es\\\/#website\",\"url\":\"https:\\\/\\\/www.getariakotxakolina.eus\\\/es\\\/\",\"name\":\"Txakol\u00ed de Getaria vino blanco con D.O. Getariako txakolina\",\"description\":\"El txakoli Denominaci\u00f3n de Origen Getariako Txakolina es un vino joven de graduaci\u00f3n moderada y equilibrada acidez.\",\"publisher\":{\"@id\":\"https:\\\/\\\/www.getariakotxakolina.eus\\\/es\\\/#organization\"},\"alternateName\":\"Getariako txakolina\",\"potentialAction\":[{\"@type\":\"SearchAction\",\"target\":{\"@type\":\"EntryPoint\",\"urlTemplate\":\"https:\\\/\\\/www.getariakotxakolina.eus\\\/es\\\/?s={search_term_string}\"},\"query-input\":{\"@type\":\"PropertyValueSpecification\",\"valueRequired\":true,\"valueName\":\"search_term_string\"}}],\"inLanguage\":\"es\"},{\"@type\":\"Organization\",\"@id\":\"https:\\\/\\\/www.getariakotxakolina.eus\\\/es\\\/#organization\",\"name\":\"Getariako Txakolina\",\"alternateName\":\"Getariako Txakolina\",\"url\":\"https:\\\/\\\/www.getariakotxakolina.eus\\\/es\\\/\",\"logo\":{\"@type\":\"ImageObject\",\"inLanguage\":\"es\",\"@id\":\"https:\\\/\\\/www.getariakotxakolina.eus\\\/es\\\/#\\\/schema\\\/logo\\\/image\\\/\",\"url\":\"https:\\\/\\\/www.getariakotxakolina.eus\\\/wp-content\\\/uploads\\\/2025\\\/07\\\/Getariako-Txakolina-Logo.svg\",\"contentUrl\":\"https:\\\/\\\/www.getariakotxakolina.eus\\\/wp-content\\\/uploads\\\/2025\\\/07\\\/Getariako-Txakolina-Logo.svg\",\"width\":417,\"height\":83,\"caption\":\"Getariako Txakolina\"},\"image\":{\"@id\":\"https:\\\/\\\/www.getariakotxakolina.eus\\\/es\\\/#\\\/schema\\\/logo\\\/image\\\/\"},\"sameAs\":[\"https:\\\/\\\/www.facebook.com\\\/GetariakoTxakolinaDO\\\/\",\"https:\\\/\\\/www.instagram.com\\\/getariakotxakolina_do\\\/\"]},{\"@type\":\"Person\",\"@id\":\"https:\\\/\\\/www.getariakotxakolina.eus\\\/es\\\/#\\\/schema\\\/person\\\/a5e5ff3c3ef2b02a49c0908e58468d2e\",\"name\":\"Sergio\",\"image\":{\"@type\":\"ImageObject\",\"inLanguage\":\"es\",\"@id\":\"https:\\\/\\\/secure.gravatar.com\\\/avatar\\\/a7d1b444c33a3e9943bfdc51e89ddc19ba81f816f205cf49c0f1113bad811a11?s=96&d=mm&r=g\",\"url\":\"https:\\\/\\\/secure.gravatar.com\\\/avatar\\\/a7d1b444c33a3e9943bfdc51e89ddc19ba81f816f205cf49c0f1113bad811a11?s=96&d=mm&r=g\",\"contentUrl\":\"https:\\\/\\\/secure.gravatar.com\\\/avatar\\\/a7d1b444c33a3e9943bfdc51e89ddc19ba81f816f205cf49c0f1113bad811a11?s=96&d=mm&r=g\",\"caption\":\"Sergio\"},\"sameAs\":[\"https:\\\/\\\/wordpress-958700-4452977.cloudwaysapps.com\"]}]}<\/script>\n<!-- \/ Yoast SEO plugin. -->","yoast_head_json":{"title":"Bodegas de Getariako Txakolina en Ferias del Vino 2023 - Getariako Txakolina","description":"Getariako Txakolina estar\u00e1 presente este a\u00f1o en Gourmets (Madrid)\u00a0y Fenavin (Ciudad Real). Conoce las bodegas que participar\u00e1n.","robots":{"index":"index","follow":"follow","max-snippet":"max-snippet:-1","max-image-preview":"max-image-preview:large","max-video-preview":"max-video-preview:-1"},"canonical":"https:\/\/www.getariakotxakolina.eus\/es\/bodegas-de-getariako-txakolina-en-ferias-del-vino-2023\/","og_locale":"es_ES","og_type":"article","og_title":"Bodegas de Getariako Txakolina en Ferias del Vino 2023 - Getariako Txakolina","og_description":"Getariako Txakolina estar\u00e1 presente este a\u00f1o en Gourmets (Madrid)\u00a0y Fenavin (Ciudad Real). Conoce las bodegas que participar\u00e1n.","og_url":"https:\/\/www.getariakotxakolina.eus\/es\/bodegas-de-getariako-txakolina-en-ferias-del-vino-2023\/","og_site_name":"Getariako Txakolina","article_publisher":"https:\/\/www.facebook.com\/GetariakoTxakolinaDO\/","article_published_time":"2023-04-03T11:02:00+00:00","article_modified_time":"2025-12-23T16:52:48+00:00","og_image":[{"width":1500,"height":1000,"url":"https:\/\/www.getariakotxakolina.eus\/wp-content\/uploads\/2023\/04\/Feria-vino-2023.jpg","type":"image\/jpeg"}],"author":"Sergio","twitter_card":"summary_large_image","twitter_misc":{"Escrito por":"Sergio","Tiempo de lectura":"1 minuto"},"schema":{"@context":"https:\/\/schema.org","@graph":[{"@type":"Article","@id":"https:\/\/www.getariakotxakolina.eus\/es\/bodegas-de-getariako-txakolina-en-ferias-del-vino-2023\/#article","isPartOf":{"@id":"https:\/\/www.getariakotxakolina.eus\/es\/bodegas-de-getariako-txakolina-en-ferias-del-vino-2023\/"},"author":{"name":"Sergio","@id":"https:\/\/www.getariakotxakolina.eus\/es\/#\/schema\/person\/a5e5ff3c3ef2b02a49c0908e58468d2e"},"headline":"Bodegas de Getariako Txakolina en Ferias del Vino 2023","datePublished":"2023-04-03T11:02:00+00:00","dateModified":"2025-12-23T16:52:48+00:00","mainEntityOfPage":{"@id":"https:\/\/www.getariakotxakolina.eus\/es\/bodegas-de-getariako-txakolina-en-ferias-del-vino-2023\/"},"wordCount":140,"publisher":{"@id":"https:\/\/www.getariakotxakolina.eus\/es\/#organization"},"image":{"@id":"https:\/\/www.getariakotxakolina.eus\/es\/bodegas-de-getariako-txakolina-en-ferias-del-vino-2023\/#primaryimage"},"thumbnailUrl":"https:\/\/www.getariakotxakolina.eus\/wp-content\/uploads\/2023\/04\/Feria-vino-2023.jpg","articleSection":["Noticias"],"inLanguage":"es"},{"@type":"WebPage","@id":"https:\/\/www.getariakotxakolina.eus\/es\/bodegas-de-getariako-txakolina-en-ferias-del-vino-2023\/","url":"https:\/\/www.getariakotxakolina.eus\/es\/bodegas-de-getariako-txakolina-en-ferias-del-vino-2023\/","name":"Bodegas de Getariako Txakolina en Ferias del Vino 2023 - Getariako Txakolina","isPartOf":{"@id":"https:\/\/www.getariakotxakolina.eus\/es\/#website"},"primaryImageOfPage":{"@id":"https:\/\/www.getariakotxakolina.eus\/es\/bodegas-de-getariako-txakolina-en-ferias-del-vino-2023\/#primaryimage"},"image":{"@id":"https:\/\/www.getariakotxakolina.eus\/es\/bodegas-de-getariako-txakolina-en-ferias-del-vino-2023\/#primaryimage"},"thumbnailUrl":"https:\/\/www.getariakotxakolina.eus\/wp-content\/uploads\/2023\/04\/Feria-vino-2023.jpg","datePublished":"2023-04-03T11:02:00+00:00","dateModified":"2025-12-23T16:52:48+00:00","description":"Getariako Txakolina estar\u00e1 presente este a\u00f1o en Gourmets (Madrid)\u00a0y Fenavin (Ciudad Real). Conoce las bodegas que participar\u00e1n.","breadcrumb":{"@id":"https:\/\/www.getariakotxakolina.eus\/es\/bodegas-de-getariako-txakolina-en-ferias-del-vino-2023\/#breadcrumb"},"inLanguage":"es","potentialAction":[{"@type":"ReadAction","target":["https:\/\/www.getariakotxakolina.eus\/es\/bodegas-de-getariako-txakolina-en-ferias-del-vino-2023\/"]}]},{"@type":"ImageObject","inLanguage":"es","@id":"https:\/\/www.getariakotxakolina.eus\/es\/bodegas-de-getariako-txakolina-en-ferias-del-vino-2023\/#primaryimage","url":"https:\/\/www.getariakotxakolina.eus\/wp-content\/uploads\/2023\/04\/Feria-vino-2023.jpg","contentUrl":"https:\/\/www.getariakotxakolina.eus\/wp-content\/uploads\/2023\/04\/Feria-vino-2023.jpg","width":1500,"height":1000,"caption":"Feria vino 2023"},{"@type":"BreadcrumbList","@id":"https:\/\/www.getariakotxakolina.eus\/es\/bodegas-de-getariako-txakolina-en-ferias-del-vino-2023\/#breadcrumb","itemListElement":[{"@type":"ListItem","position":1,"name":"Portada","item":"https:\/\/www.getariakotxakolina.eus\/es\/"},{"@type":"ListItem","position":2,"name":"Bodegas de Getariako Txakolina en Ferias del Vino 2023"}]},{"@type":"WebSite","@id":"https:\/\/www.getariakotxakolina.eus\/es\/#website","url":"https:\/\/www.getariakotxakolina.eus\/es\/","name":"Txakol\u00ed de Getaria vino blanco con D.O. Getariako txakolina","description":"El txakoli Denominaci\u00f3n de Origen Getariako Txakolina es un vino joven de graduaci\u00f3n moderada y equilibrada acidez.","publisher":{"@id":"https:\/\/www.getariakotxakolina.eus\/es\/#organization"},"alternateName":"Getariako txakolina","potentialAction":[{"@type":"SearchAction","target":{"@type":"EntryPoint","urlTemplate":"https:\/\/www.getariakotxakolina.eus\/es\/?s={search_term_string}"},"query-input":{"@type":"PropertyValueSpecification","valueRequired":true,"valueName":"search_term_string"}}],"inLanguage":"es"},{"@type":"Organization","@id":"https:\/\/www.getariakotxakolina.eus\/es\/#organization","name":"Getariako Txakolina","alternateName":"Getariako Txakolina","url":"https:\/\/www.getariakotxakolina.eus\/es\/","logo":{"@type":"ImageObject","inLanguage":"es","@id":"https:\/\/www.getariakotxakolina.eus\/es\/#\/schema\/logo\/image\/","url":"https:\/\/www.getariakotxakolina.eus\/wp-content\/uploads\/2025\/07\/Getariako-Txakolina-Logo.svg","contentUrl":"https:\/\/www.getariakotxakolina.eus\/wp-content\/uploads\/2025\/07\/Getariako-Txakolina-Logo.svg","width":417,"height":83,"caption":"Getariako Txakolina"},"image":{"@id":"https:\/\/www.getariakotxakolina.eus\/es\/#\/schema\/logo\/image\/"},"sameAs":["https:\/\/www.facebook.com\/GetariakoTxakolinaDO\/","https:\/\/www.instagram.com\/getariakotxakolina_do\/"]},{"@type":"Person","@id":"https:\/\/www.getariakotxakolina.eus\/es\/#\/schema\/person\/a5e5ff3c3ef2b02a49c0908e58468d2e","name":"Sergio","image":{"@type":"ImageObject","inLanguage":"es","@id":"https:\/\/secure.gravatar.com\/avatar\/a7d1b444c33a3e9943bfdc51e89ddc19ba81f816f205cf49c0f1113bad811a11?s=96&d=mm&r=g","url":"https:\/\/secure.gravatar.com\/avatar\/a7d1b444c33a3e9943bfdc51e89ddc19ba81f816f205cf49c0f1113bad811a11?s=96&d=mm&r=g","contentUrl":"https:\/\/secure.gravatar.com\/avatar\/a7d1b444c33a3e9943bfdc51e89ddc19ba81f816f205cf49c0f1113bad811a11?s=96&d=mm&r=g","caption":"Sergio"},"sameAs":["https:\/\/wordpress-958700-4452977.cloudwaysapps.com"]}]}},"_links":{"self":[{"href":"https:\/\/www.getariakotxakolina.eus\/es\/wp-json\/wp\/v2\/posts\/13650","targetHints":{"allow":["GET"]}}],"collection":[{"href":"https:\/\/www.getariakotxakolina.eus\/es\/wp-json\/wp\/v2\/posts"}],"about":[{"href":"https:\/\/www.getariakotxakolina.eus\/es\/wp-json\/wp\/v2\/types\/post"}],"author":[{"embeddable":true,"href":"https:\/\/www.getariakotxakolina.eus\/es\/wp-json\/wp\/v2\/users\/1"}],"replies":[{"embeddable":true,"href":"https:\/\/www.getariakotxakolina.eus\/es\/wp-json\/wp\/v2\/comments?post=13650"}],"version-history":[{"count":0,"href":"https:\/\/www.getariakotxakolina.eus\/es\/wp-json\/wp\/v2\/posts\/13650\/revisions"}],"wp:featuredmedia":[{"embeddable":true,"href":"https:\/\/www.getariakotxakolina.eus\/es\/wp-json\/wp\/v2\/media\/14268"}],"wp:attachment":[{"href":"https:\/\/www.getariakotxakolina.eus\/es\/wp-json\/wp\/v2\/media?parent=13650"}],"wp:term":[{"taxonomy":"category","embeddable":true,"href":"https:\/\/www.getariakotxakolina.eus\/es\/wp-json\/wp\/v2\/categories?post=13650"},{"taxonomy":"post_tag","embeddable":true,"href":"https:\/\/www.getariakotxakolina.eus\/es\/wp-json\/wp\/v2\/tags?post=13650"}],"curies":[{"name":"wp","href":"https:\/\/api.w.org\/{rel}","templated":true}]}}