{"id":13646,"date":"2023-09-07T12:46:49","date_gmt":"2023-09-07T10:46:49","guid":{"rendered":"https:\/\/www.getariakotxakolina.eus\/getariako-txakolinaren-sorlekutik-enoturismoa-getaria-eta-zarautz\/"},"modified":"2025-12-23T12:31:49","modified_gmt":"2025-12-23T11:31:49","slug":"de-enoturismo-en-getaria-y-zarautz-cuna-del-getariako-txakolina","status":"publish","type":"post","link":"https:\/\/www.getariakotxakolina.eus\/es\/de-enoturismo-en-getaria-y-zarautz-cuna-del-getariako-txakolina\/","title":{"rendered":"De enoturismo en Getaria y Zarautz, cuna del Getariako Txakolina"},"content":{"rendered":"<div class=\"gb-container gb-container-c853ae35 contenedor-blog\">\n\n<p class=\"gb-headline gb-headline-d4eb1580 gb-headline-text destacado-blog\">Rutas de senderismo, playas, gastronom\u00eda, cultura y enoturismo. Getaria y Zarautz, desde su privilegiado emplazamiento, ofrecen muchas posibilidades de disfrute para quien las visita. Cuna del txakoli de Getaria, estas pintorescas localidades costeras son destino de referencia en el Pa\u00eds Vasco para los amantes del enoturismo.<\/p>\n\n\n\n<h2 class=\"gb-headline gb-headline-48220dc3 gb-headline-text h2-blog\">Un paisaje pintado de verde y azul: <br>naturaleza pura en Getaria y Zarautz<\/h2>\n\n\n\n<p>El entorno natural de&nbsp;<a href=\"https:\/\/kostaldea.eu\/es\/\" target=\"_blank\" rel=\"noreferrer noopener\">la comarca de Urola Costa<\/a>&nbsp;ofrece muchas posibilidades para los amantes de la naturaleza, el mar y la monta\u00f1a. Por un lado,&nbsp;el mar y<a href=\"https:\/\/kostaldea.eu\/es\/disfruta-de-la-naturaleza\/azul\/playas\/\" target=\"_blank\" rel=\"noreferrer noopener\">&nbsp;sus playas<\/a><strong>,<\/strong>&nbsp;ideales no solo para tomar el sol, hacer deporte o simplemente disfrutar de sus maravillosas vistas.&nbsp;<\/p>\n\n\n\n<p>Zarautz, con la playa m\u00e1s larga de Euskadi, atrae a amantes del surf de todo el mundo, donde adem\u00e1s tiene lugar un campeonato internacional reconocido. En Getaria, la Playa de Malkorbe, junto al puerto y el \u201cRat\u00f3n de Getaria\u201d, se ubica en una peque\u00f1a bah\u00eda de aguas tranquilas. Lugar ideal para terminar la visita a Getaria con un paseo o un rato tranquilo en familia o con amigos.<\/p>\n\n\n\n<p>Esta zona de la costa ofrece espectaculares&nbsp;<a href=\"http:\/\/urolakosta.gpseuskadi.eus\/\" target=\"_blank\" rel=\"noreferrer noopener\"><strong>recorridos, rutas y senderos<\/strong><\/a>.&nbsp;Vayas donde vayas te encontrar\u00e1s con vi\u00f1edos de Hondarrabi Zuri y Hondarrabi Beltza, variedad de uva local con la que se elabora nuestro Getariako Txakolina.<\/p>\n\n\n\n<p>Como\u00a0<a href=\"https:\/\/www.getariakotxakolina.eus\/es\/rutas-del-txakoli-1-getaria-askizu-getaria\/\">esta ruta circular con salida y vuelta a Getaria<\/a>, en cuyo recorrido adem\u00e1s podemos hacer un alto para visitar alguna de las bodegas de Getariako Txakolina que nos encontramos por el camino. O la\u00a0<a href=\"https:\/\/www.getariakotxakolina.eus\/es\/ruta-del-txakoli-2-zarautz-alto-zudugarai-txurruka-zarautz-ruta-circular\/\">ruta con salida y vuelta a Zarautz<\/a>, en la que podemos disfrutar tambi\u00e9n de unas espectaculares vistas sobre la playa. Sin olvidar el Camino de Santiago, que transcurre por esta zona de la costa y atraviesa Zarautz y Getaria.<\/p>\n\n\n\n<h2 class=\"gb-headline gb-headline-681f59af gb-headline-text h2-blog\">Gastronom\u00eda con sello local<\/h2>\n\n\n\n<p>La gastronom\u00eda vasca tiene en Zarautz y Getaria su sello propio. El producto local, del mar y la huerta, adquiere especial protagonismo tanto en bares como restaurantes de ambas localidades. Y las parrillas y sus brasas ambientan las calles junto a los brindis con Getariako Txakolina, nuestra esencia.<\/p>\n\n\n\n<p>Getaria, es una peque\u00f1a localidad en la que el estilo de vida local se ha mantenido.&nbsp;<a href=\"https:\/\/getariaturismo.eus\/es\/bares\/\" target=\"_blank\" rel=\"noreferrer noopener\">Sus bares<\/a>&nbsp;siguen siendo punto de encuentro de amigos y cuadrilla a la hora del aperitivo, donde el txakoli se puede disfrutar acompa\u00f1ado de uno de los deliciosos pintxos que llenan sus barras. Los&nbsp;<a href=\"https:\/\/getariaturismo.eus\/es\/restaurantes\/\" target=\"_blank\" rel=\"noreferrer noopener\">restaurantes de Getaria<\/a>, algunos de reconocida fama, atraen por su cocina y los pescados a la parrilla.<\/p>\n\n\n\n<p>Zarautz, es otro destino a tener en cuenta si se quiere disfrutar de la gastronom\u00eda vasca y del producto local, tanto si vamos de pintxos por los bares del casco antiguo, como si comemos en cualquiera de sus restaurantes.&nbsp;&nbsp;<\/p>\n\n\n\n<p>En el&nbsp;<a href=\"https:\/\/www.turismozarautz.eus\/es\/mercado-de-zarautz\" target=\"_blank\" rel=\"noreferrer noopener\"><strong>Mercado de Zarautz<\/strong><\/a>, podemos hacernos una idea de la riqueza gastron\u00f3mica de la zona: pimientos, tomates y productos de temporada cultivados en los caser\u00edos locales, o las carnes y pescados que hacen las delicias de los parrilleros de la zona, deslumbran en este punto de encuentro gastron\u00f3mico por excelencia.<\/p>\n\n\n\n<h2 class=\"gb-headline gb-headline-9e7198c4 gb-headline-text h2-blog\">Museos y cultura en Zarautz y Getaria<\/h2>\n\n\n\n<p>En Getaria y Zarautz encontramos tambi\u00e9n una oferta cultural destacada, entre museos, centros de interpretaci\u00f3n y arte o galer\u00edas. El&nbsp;<strong>Museo Crist\u00f3bal Balenciaga<\/strong>, ubicado en un lugar privilegiado en Getaria, es un centro consagrado a estudiar y mantener vivo el legado del dise\u00f1ador de moda Crist\u00f3bal Balenciaga, personalidad relevante en la historia de la moda y el dise\u00f1o, nacido en esta localidad. Consulta sus exposiciones actuales y actividades en la&nbsp;<a href=\"https:\/\/www.cristobalbalenciagamuseoa.com\/descubre\/exposiciones-actuales\/\" target=\"_blank\" rel=\"noreferrer noopener\">p\u00e1gina web del museo<\/a>.&nbsp;<\/p>\n\n\n\n<p>El&nbsp;<a href=\"https:\/\/menosca.com\/\" target=\"_blank\" rel=\"noreferrer noopener\">Museo de Arte e Historia de Zarautz<\/a>, nos descubre la historia de la Costa Vasca y hace un recorrido por las formas de vida, creencias y rituales locales desde la Edad de Hierro. Est\u00e1 ubicado en la bas\u00edlica de Santa Mar\u00eda La Real, conjunto arqueol\u00f3gico monumental compuesto por la Torre-Campanario Zarautz (que alberga el museo), la Parroquia Santa Mar\u00eda la Real y el yacimiento arqueol\u00f3gico, en el que destacan los restos de romanizaci\u00f3n y una necr\u00f3polis medieval.<\/p>\n\n\n\n<p>Para los amantes de la fotograf\u00eda, en Zarautz tenemos el&nbsp;<a href=\"http:\/\/www.photomuseum.es\/index.php\/es\/\" target=\"_blank\" rel=\"noreferrer noopener\">Photomuseum<\/a>, que cuenta junto a la exposici\u00f3n permanente en la que podemos ver la evoluci\u00f3n, t\u00e9cnicas, g\u00e9neros y manifestaciones art\u00edsticas relacionadas con la fotograf\u00eda, con un espacio para exposiciones temporales (puedes consultarlas en la p\u00e1gina web).<\/p>\n\n\n\n<p>Para cerrar el apartado cultural, merece especial menci\u00f3n peque\u00f1as galer\u00edas de Arte, como la&nbsp;<a href=\"https:\/\/angeluranga.com\/\" target=\"_blank\" rel=\"noreferrer noopener\">Galer\u00eda Bidea Arte<\/a>&nbsp;e&nbsp;<a href=\"https:\/\/ispilugaleria.com\/\" target=\"_blank\" rel=\"noreferrer noopener\">Ispilu Arte<\/a>&nbsp;donde disfrutaremos de una multitud de exposiciones sobre todo tipo de tem\u00e1ticas.&nbsp;<\/p>\n\n\n\n<h2 class=\"gb-headline gb-headline-fc6c08af gb-headline-text h2-blog\">Bodegas de Txakoli en Getaria y Zarautz:<\/h2>\n\n\n\n<p>Para cerrar este recorrido enotur\u00edstico por Getaria y Zarautz, no pueden faltar las bodegas de la denominaci\u00f3n de origen Getariako Txakolina que puedes encontrar en los alrededores de ambas localidades.<\/p>\n\n\n\n<p><img loading=\"lazy\" decoding=\"async\" src=\"https:\/\/www.getariakotxakolina.eus\/wp-content\/uploads\/2023\/09\/Getariako-Txakolina-Tomillo-Limon-Estudio-1030x824.jpeg\" alt=\"Vi\u00f1edos de Getariako Txakolina\" width=\"780\" height=\"624\"><\/p>\n\n\n\n<p id=\"caption-attachment-12424\">Foto:&nbsp;<strong>\u00a9<\/strong> Tomillo Lim\u00f3n Estudio<\/p>\n\n\n\n<p><strong>Getaria<\/strong>&nbsp;es la ubicaci\u00f3n con el mayor n\u00famero de bodegas de Getariako Txakolina (10):&nbsp;<a href=\"https:\/\/www.agerretxakolina.com\/\" target=\"_blank\" rel=\"noreferrer noopener\">Agerre<\/a>,&nbsp;<a href=\"https:\/\/txakoliaizpurua.com\/\" target=\"_blank\" rel=\"noreferrer noopener\">Aizpurua<\/a>,&nbsp;<a href=\"https:\/\/www.akarregitxiki.com\/\" target=\"_blank\" rel=\"noreferrer noopener\">Akarregi Txiki<\/a>*,&nbsp;<a href=\"https:\/\/txakoliameztoi.com\/\" target=\"_blank\" rel=\"noreferrer noopener\">Ameztoi<\/a>*,&nbsp;<a href=\"https:\/\/www.bodegaselosegi.com\/es\/home\" target=\"_blank\" rel=\"noreferrer noopener\">Elkano,<\/a>&nbsp;<a href=\"https:\/\/gaintza.com\/\" target=\"_blank\" rel=\"noreferrer noopener\">Gaintza<\/a>*,&nbsp;<a href=\"https:\/\/www.gaineta.com\/\" target=\"_blank\" rel=\"noreferrer noopener\">Ga\u00f1eta<\/a>*,&nbsp;<a href=\"https:\/\/izar-leku.com\/\" target=\"_blank\" rel=\"noreferrer noopener\">Izar Leku<\/a>,&nbsp;<a href=\"https:\/\/www.txominetxaniz.com\/es\/\" target=\"_blank\" rel=\"noreferrer noopener\">Txomin Etxaniz<\/a>* y&nbsp;&nbsp;<a href=\"http:\/\/www.txakoliulacia.com\/\" target=\"_blank\" rel=\"noreferrer noopener\">Ulacia.&nbsp;<\/a><br>Le sigue&nbsp;<strong>Zarautz<\/strong>&nbsp;con 6 bodegas:&nbsp;<a href=\"https:\/\/basa-lore.com\/\" target=\"_blank\" rel=\"noreferrer noopener\">Basa Lore<\/a>*,&nbsp;<a href=\"https:\/\/www.txakoliarregi.com\/\" target=\"_blank\" rel=\"noreferrer noopener\">Arregi<\/a>,&nbsp;<a href=\"https:\/\/txakolimokoroa.com\/\" target=\"_blank\" rel=\"noreferrer noopener\">Mokoroa<\/a>*,&nbsp;<a href=\"https:\/\/txakolirezabal.com\/\" target=\"_blank\" rel=\"noreferrer noopener\">Rezabal<\/a>*,&nbsp;<a href=\"https:\/\/www.talaiberri.com\/\" target=\"_blank\" rel=\"noreferrer noopener\">Talai Berri<\/a>* y&nbsp;<a href=\"https:\/\/vellaterra.com\/artesanos\/makatzak-wild-wines\/\" target=\"_blank\" rel=\"noreferrer noopener\">Makatzak<\/a>*.<\/p>\n\n\n\n<p>Las bodegas se\u00f1aladas * ofrecen visitas y catas, te recomendamos contactar con ellos para consultar horarios y reservas (tienes el contacto en su web o&nbsp;<a href=\"https:\/\/www.getariakotxakolina.eus\/es\/bodegas\/\">en este listado<\/a>).<\/p>\n\n\n\n<p class=\"gb-headline gb-headline-0370208e gb-headline-text destacado-blog\">La combinaci\u00f3n del mar con la tierra, los verdes paisajes, marcan la personalidad de este recorrido por Getaria y Zarautz, su cultura, naturaleza y gastronom\u00eda, que las convierten en un destino ideal para los amantes del vino y del txakoli de Getaria.<\/p>\n\n\n\n<p>Foto de portada:&nbsp;<strong>\u00a9&nbsp;<\/strong>Getaria Turismoa<\/p>\n\n<\/div>","protected":false},"excerpt":{"rendered":"<p>Rutas de senderismo, playas, gastronom\u00eda, cultura y enoturismo. Getaria y Zarautz, desde su privilegiado emplazamiento, ofrecen muchas posibilidades de disfrute para quien las visita. Cuna del txakoli de Getaria, estas pintorescas localidades costeras son destino de referencia en el Pa\u00eds Vasco para los amantes del enoturismo. Un paisaje pintado de verde y azul: naturaleza pura &#8230; <a title=\"De enoturismo en Getaria y Zarautz, cuna del Getariako Txakolina\" class=\"read-more\" href=\"https:\/\/www.getariakotxakolina.eus\/es\/de-enoturismo-en-getaria-y-zarautz-cuna-del-getariako-txakolina\/\" aria-label=\"Leer m\u00e1s sobre De enoturismo en Getaria y Zarautz, cuna del Getariako Txakolina\">Leer m\u00e1s<\/a><\/p>\n","protected":false},"author":1,"featured_media":14158,"comment_status":"closed","ping_status":"open","sticky":false,"template":"","format":"standard","meta":{"_acf_changed":false,"footnotes":""},"categories":[28],"tags":[],"class_list":["post-13646","post","type-post","status-publish","format-standard","has-post-thumbnail","hentry","category-enoturismo","resize-featured-image"],"acf":[],"yoast_head":"<!-- This site is optimized with the Yoast SEO plugin v27.4 - https:\/\/yoast.com\/product\/yoast-seo-wordpress\/ -->\n<title>De enoturismo en Getaria y Zarautz, cuna del Getariako Txakolina - Getariako Txakolina<\/title>\n<meta name=\"description\" content=\"Te llevaremos desde Getaria y Zarautz, lugares de referencia en Euskal Herria para los amantes del enoturismo.\" \/>\n<meta name=\"robots\" content=\"index, follow, max-snippet:-1, max-image-preview:large, max-video-preview:-1\" \/>\n<link rel=\"canonical\" href=\"https:\/\/www.getariakotxakolina.eus\/es\/de-enoturismo-en-getaria-y-zarautz-cuna-del-getariako-txakolina\/\" \/>\n<meta property=\"og:locale\" content=\"es_ES\" \/>\n<meta property=\"og:type\" content=\"article\" \/>\n<meta property=\"og:title\" content=\"De enoturismo en Getaria y Zarautz, cuna del Getariako Txakolina - Getariako Txakolina\" \/>\n<meta property=\"og:description\" content=\"Te llevaremos desde Getaria y Zarautz, lugares de referencia en Euskal Herria para los amantes del enoturismo.\" \/>\n<meta property=\"og:url\" content=\"https:\/\/www.getariakotxakolina.eus\/es\/de-enoturismo-en-getaria-y-zarautz-cuna-del-getariako-txakolina\/\" \/>\n<meta property=\"og:site_name\" content=\"Getariako Txakolina\" \/>\n<meta property=\"article:publisher\" content=\"https:\/\/www.facebook.com\/GetariakoTxakolinaDO\/\" \/>\n<meta property=\"article:published_time\" content=\"2023-09-07T10:46:49+00:00\" \/>\n<meta property=\"article:modified_time\" content=\"2025-12-23T11:31:49+00:00\" \/>\n<meta property=\"og:image\" content=\"https:\/\/www.getariakotxakolina.eus\/wp-content\/uploads\/2023\/09\/Getariako-Txakolinaren-sorlekutik-enoturismoa-Getaria-eta-Zarautz.jpg\" \/>\n\t<meta property=\"og:image:width\" content=\"1500\" \/>\n\t<meta property=\"og:image:height\" content=\"1185\" \/>\n\t<meta property=\"og:image:type\" content=\"image\/jpeg\" \/>\n<meta name=\"author\" content=\"Sergio\" \/>\n<meta name=\"twitter:card\" content=\"summary_large_image\" \/>\n<meta name=\"twitter:label1\" content=\"Escrito por\" \/>\n\t<meta name=\"twitter:data1\" content=\"Sergio\" \/>\n\t<meta name=\"twitter:label2\" content=\"Tiempo de lectura\" \/>\n\t<meta name=\"twitter:data2\" content=\"5 minutos\" \/>\n<script type=\"application\/ld+json\" class=\"yoast-schema-graph\">{\"@context\":\"https:\\\/\\\/schema.org\",\"@graph\":[{\"@type\":\"Article\",\"@id\":\"https:\\\/\\\/www.getariakotxakolina.eus\\\/es\\\/de-enoturismo-en-getaria-y-zarautz-cuna-del-getariako-txakolina\\\/#article\",\"isPartOf\":{\"@id\":\"https:\\\/\\\/www.getariakotxakolina.eus\\\/es\\\/de-enoturismo-en-getaria-y-zarautz-cuna-del-getariako-txakolina\\\/\"},\"author\":{\"name\":\"Sergio\",\"@id\":\"https:\\\/\\\/www.getariakotxakolina.eus\\\/es\\\/#\\\/schema\\\/person\\\/a5e5ff3c3ef2b02a49c0908e58468d2e\"},\"headline\":\"De enoturismo en Getaria y Zarautz, cuna del Getariako Txakolina\",\"datePublished\":\"2023-09-07T10:46:49+00:00\",\"dateModified\":\"2025-12-23T11:31:49+00:00\",\"mainEntityOfPage\":{\"@id\":\"https:\\\/\\\/www.getariakotxakolina.eus\\\/es\\\/de-enoturismo-en-getaria-y-zarautz-cuna-del-getariako-txakolina\\\/\"},\"wordCount\":1002,\"publisher\":{\"@id\":\"https:\\\/\\\/www.getariakotxakolina.eus\\\/es\\\/#organization\"},\"image\":{\"@id\":\"https:\\\/\\\/www.getariakotxakolina.eus\\\/es\\\/de-enoturismo-en-getaria-y-zarautz-cuna-del-getariako-txakolina\\\/#primaryimage\"},\"thumbnailUrl\":\"https:\\\/\\\/www.getariakotxakolina.eus\\\/wp-content\\\/uploads\\\/2023\\\/09\\\/Getariako-Txakolinaren-sorlekutik-enoturismoa-Getaria-eta-Zarautz.jpg\",\"articleSection\":[\"Enoturismo\"],\"inLanguage\":\"es\"},{\"@type\":\"WebPage\",\"@id\":\"https:\\\/\\\/www.getariakotxakolina.eus\\\/es\\\/de-enoturismo-en-getaria-y-zarautz-cuna-del-getariako-txakolina\\\/\",\"url\":\"https:\\\/\\\/www.getariakotxakolina.eus\\\/es\\\/de-enoturismo-en-getaria-y-zarautz-cuna-del-getariako-txakolina\\\/\",\"name\":\"De enoturismo en Getaria y Zarautz, cuna del Getariako Txakolina - Getariako Txakolina\",\"isPartOf\":{\"@id\":\"https:\\\/\\\/www.getariakotxakolina.eus\\\/es\\\/#website\"},\"primaryImageOfPage\":{\"@id\":\"https:\\\/\\\/www.getariakotxakolina.eus\\\/es\\\/de-enoturismo-en-getaria-y-zarautz-cuna-del-getariako-txakolina\\\/#primaryimage\"},\"image\":{\"@id\":\"https:\\\/\\\/www.getariakotxakolina.eus\\\/es\\\/de-enoturismo-en-getaria-y-zarautz-cuna-del-getariako-txakolina\\\/#primaryimage\"},\"thumbnailUrl\":\"https:\\\/\\\/www.getariakotxakolina.eus\\\/wp-content\\\/uploads\\\/2023\\\/09\\\/Getariako-Txakolinaren-sorlekutik-enoturismoa-Getaria-eta-Zarautz.jpg\",\"datePublished\":\"2023-09-07T10:46:49+00:00\",\"dateModified\":\"2025-12-23T11:31:49+00:00\",\"description\":\"Te llevaremos desde Getaria y Zarautz, lugares de referencia en Euskal Herria para los amantes del enoturismo.\",\"breadcrumb\":{\"@id\":\"https:\\\/\\\/www.getariakotxakolina.eus\\\/es\\\/de-enoturismo-en-getaria-y-zarautz-cuna-del-getariako-txakolina\\\/#breadcrumb\"},\"inLanguage\":\"es\",\"potentialAction\":[{\"@type\":\"ReadAction\",\"target\":[\"https:\\\/\\\/www.getariakotxakolina.eus\\\/es\\\/de-enoturismo-en-getaria-y-zarautz-cuna-del-getariako-txakolina\\\/\"]}]},{\"@type\":\"ImageObject\",\"inLanguage\":\"es\",\"@id\":\"https:\\\/\\\/www.getariakotxakolina.eus\\\/es\\\/de-enoturismo-en-getaria-y-zarautz-cuna-del-getariako-txakolina\\\/#primaryimage\",\"url\":\"https:\\\/\\\/www.getariakotxakolina.eus\\\/wp-content\\\/uploads\\\/2023\\\/09\\\/Getariako-Txakolinaren-sorlekutik-enoturismoa-Getaria-eta-Zarautz.jpg\",\"contentUrl\":\"https:\\\/\\\/www.getariakotxakolina.eus\\\/wp-content\\\/uploads\\\/2023\\\/09\\\/Getariako-Txakolinaren-sorlekutik-enoturismoa-Getaria-eta-Zarautz.jpg\",\"width\":1500,\"height\":1185,\"caption\":\"Getariako Txakolinaren sorlekutik enoturismoa Getaria eta Zarautz\"},{\"@type\":\"BreadcrumbList\",\"@id\":\"https:\\\/\\\/www.getariakotxakolina.eus\\\/es\\\/de-enoturismo-en-getaria-y-zarautz-cuna-del-getariako-txakolina\\\/#breadcrumb\",\"itemListElement\":[{\"@type\":\"ListItem\",\"position\":1,\"name\":\"Portada\",\"item\":\"https:\\\/\\\/www.getariakotxakolina.eus\\\/es\\\/\"},{\"@type\":\"ListItem\",\"position\":2,\"name\":\"De enoturismo en Getaria y Zarautz, cuna del Getariako Txakolina\"}]},{\"@type\":\"WebSite\",\"@id\":\"https:\\\/\\\/www.getariakotxakolina.eus\\\/es\\\/#website\",\"url\":\"https:\\\/\\\/www.getariakotxakolina.eus\\\/es\\\/\",\"name\":\"Txakol\u00ed de Getaria vino blanco con D.O. Getariako txakolina\",\"description\":\"El txakoli Denominaci\u00f3n de Origen Getariako Txakolina es un vino joven de graduaci\u00f3n moderada y equilibrada acidez.\",\"publisher\":{\"@id\":\"https:\\\/\\\/www.getariakotxakolina.eus\\\/es\\\/#organization\"},\"alternateName\":\"Getariako txakolina\",\"potentialAction\":[{\"@type\":\"SearchAction\",\"target\":{\"@type\":\"EntryPoint\",\"urlTemplate\":\"https:\\\/\\\/www.getariakotxakolina.eus\\\/es\\\/?s={search_term_string}\"},\"query-input\":{\"@type\":\"PropertyValueSpecification\",\"valueRequired\":true,\"valueName\":\"search_term_string\"}}],\"inLanguage\":\"es\"},{\"@type\":\"Organization\",\"@id\":\"https:\\\/\\\/www.getariakotxakolina.eus\\\/es\\\/#organization\",\"name\":\"Getariako Txakolina\",\"alternateName\":\"Getariako Txakolina\",\"url\":\"https:\\\/\\\/www.getariakotxakolina.eus\\\/es\\\/\",\"logo\":{\"@type\":\"ImageObject\",\"inLanguage\":\"es\",\"@id\":\"https:\\\/\\\/www.getariakotxakolina.eus\\\/es\\\/#\\\/schema\\\/logo\\\/image\\\/\",\"url\":\"https:\\\/\\\/www.getariakotxakolina.eus\\\/wp-content\\\/uploads\\\/2025\\\/07\\\/Getariako-Txakolina-Logo.svg\",\"contentUrl\":\"https:\\\/\\\/www.getariakotxakolina.eus\\\/wp-content\\\/uploads\\\/2025\\\/07\\\/Getariako-Txakolina-Logo.svg\",\"width\":417,\"height\":83,\"caption\":\"Getariako Txakolina\"},\"image\":{\"@id\":\"https:\\\/\\\/www.getariakotxakolina.eus\\\/es\\\/#\\\/schema\\\/logo\\\/image\\\/\"},\"sameAs\":[\"https:\\\/\\\/www.facebook.com\\\/GetariakoTxakolinaDO\\\/\",\"https:\\\/\\\/www.instagram.com\\\/getariakotxakolina_do\\\/\"]},{\"@type\":\"Person\",\"@id\":\"https:\\\/\\\/www.getariakotxakolina.eus\\\/es\\\/#\\\/schema\\\/person\\\/a5e5ff3c3ef2b02a49c0908e58468d2e\",\"name\":\"Sergio\",\"image\":{\"@type\":\"ImageObject\",\"inLanguage\":\"es\",\"@id\":\"https:\\\/\\\/secure.gravatar.com\\\/avatar\\\/a7d1b444c33a3e9943bfdc51e89ddc19ba81f816f205cf49c0f1113bad811a11?s=96&d=mm&r=g\",\"url\":\"https:\\\/\\\/secure.gravatar.com\\\/avatar\\\/a7d1b444c33a3e9943bfdc51e89ddc19ba81f816f205cf49c0f1113bad811a11?s=96&d=mm&r=g\",\"contentUrl\":\"https:\\\/\\\/secure.gravatar.com\\\/avatar\\\/a7d1b444c33a3e9943bfdc51e89ddc19ba81f816f205cf49c0f1113bad811a11?s=96&d=mm&r=g\",\"caption\":\"Sergio\"},\"sameAs\":[\"https:\\\/\\\/wordpress-958700-4452977.cloudwaysapps.com\"]}]}<\/script>\n<!-- \/ Yoast SEO plugin. -->","yoast_head_json":{"title":"De enoturismo en Getaria y Zarautz, cuna del Getariako Txakolina - Getariako Txakolina","description":"Te llevaremos desde Getaria y Zarautz, lugares de referencia en Euskal Herria para los amantes del enoturismo.","robots":{"index":"index","follow":"follow","max-snippet":"max-snippet:-1","max-image-preview":"max-image-preview:large","max-video-preview":"max-video-preview:-1"},"canonical":"https:\/\/www.getariakotxakolina.eus\/es\/de-enoturismo-en-getaria-y-zarautz-cuna-del-getariako-txakolina\/","og_locale":"es_ES","og_type":"article","og_title":"De enoturismo en Getaria y Zarautz, cuna del Getariako Txakolina - Getariako Txakolina","og_description":"Te llevaremos desde Getaria y Zarautz, lugares de referencia en Euskal Herria para los amantes del enoturismo.","og_url":"https:\/\/www.getariakotxakolina.eus\/es\/de-enoturismo-en-getaria-y-zarautz-cuna-del-getariako-txakolina\/","og_site_name":"Getariako Txakolina","article_publisher":"https:\/\/www.facebook.com\/GetariakoTxakolinaDO\/","article_published_time":"2023-09-07T10:46:49+00:00","article_modified_time":"2025-12-23T11:31:49+00:00","og_image":[{"width":1500,"height":1185,"url":"https:\/\/www.getariakotxakolina.eus\/wp-content\/uploads\/2023\/09\/Getariako-Txakolinaren-sorlekutik-enoturismoa-Getaria-eta-Zarautz.jpg","type":"image\/jpeg"}],"author":"Sergio","twitter_card":"summary_large_image","twitter_misc":{"Escrito por":"Sergio","Tiempo de lectura":"5 minutos"},"schema":{"@context":"https:\/\/schema.org","@graph":[{"@type":"Article","@id":"https:\/\/www.getariakotxakolina.eus\/es\/de-enoturismo-en-getaria-y-zarautz-cuna-del-getariako-txakolina\/#article","isPartOf":{"@id":"https:\/\/www.getariakotxakolina.eus\/es\/de-enoturismo-en-getaria-y-zarautz-cuna-del-getariako-txakolina\/"},"author":{"name":"Sergio","@id":"https:\/\/www.getariakotxakolina.eus\/es\/#\/schema\/person\/a5e5ff3c3ef2b02a49c0908e58468d2e"},"headline":"De enoturismo en Getaria y Zarautz, cuna del Getariako Txakolina","datePublished":"2023-09-07T10:46:49+00:00","dateModified":"2025-12-23T11:31:49+00:00","mainEntityOfPage":{"@id":"https:\/\/www.getariakotxakolina.eus\/es\/de-enoturismo-en-getaria-y-zarautz-cuna-del-getariako-txakolina\/"},"wordCount":1002,"publisher":{"@id":"https:\/\/www.getariakotxakolina.eus\/es\/#organization"},"image":{"@id":"https:\/\/www.getariakotxakolina.eus\/es\/de-enoturismo-en-getaria-y-zarautz-cuna-del-getariako-txakolina\/#primaryimage"},"thumbnailUrl":"https:\/\/www.getariakotxakolina.eus\/wp-content\/uploads\/2023\/09\/Getariako-Txakolinaren-sorlekutik-enoturismoa-Getaria-eta-Zarautz.jpg","articleSection":["Enoturismo"],"inLanguage":"es"},{"@type":"WebPage","@id":"https:\/\/www.getariakotxakolina.eus\/es\/de-enoturismo-en-getaria-y-zarautz-cuna-del-getariako-txakolina\/","url":"https:\/\/www.getariakotxakolina.eus\/es\/de-enoturismo-en-getaria-y-zarautz-cuna-del-getariako-txakolina\/","name":"De enoturismo en Getaria y Zarautz, cuna del Getariako Txakolina - Getariako Txakolina","isPartOf":{"@id":"https:\/\/www.getariakotxakolina.eus\/es\/#website"},"primaryImageOfPage":{"@id":"https:\/\/www.getariakotxakolina.eus\/es\/de-enoturismo-en-getaria-y-zarautz-cuna-del-getariako-txakolina\/#primaryimage"},"image":{"@id":"https:\/\/www.getariakotxakolina.eus\/es\/de-enoturismo-en-getaria-y-zarautz-cuna-del-getariako-txakolina\/#primaryimage"},"thumbnailUrl":"https:\/\/www.getariakotxakolina.eus\/wp-content\/uploads\/2023\/09\/Getariako-Txakolinaren-sorlekutik-enoturismoa-Getaria-eta-Zarautz.jpg","datePublished":"2023-09-07T10:46:49+00:00","dateModified":"2025-12-23T11:31:49+00:00","description":"Te llevaremos desde Getaria y Zarautz, lugares de referencia en Euskal Herria para los amantes del enoturismo.","breadcrumb":{"@id":"https:\/\/www.getariakotxakolina.eus\/es\/de-enoturismo-en-getaria-y-zarautz-cuna-del-getariako-txakolina\/#breadcrumb"},"inLanguage":"es","potentialAction":[{"@type":"ReadAction","target":["https:\/\/www.getariakotxakolina.eus\/es\/de-enoturismo-en-getaria-y-zarautz-cuna-del-getariako-txakolina\/"]}]},{"@type":"ImageObject","inLanguage":"es","@id":"https:\/\/www.getariakotxakolina.eus\/es\/de-enoturismo-en-getaria-y-zarautz-cuna-del-getariako-txakolina\/#primaryimage","url":"https:\/\/www.getariakotxakolina.eus\/wp-content\/uploads\/2023\/09\/Getariako-Txakolinaren-sorlekutik-enoturismoa-Getaria-eta-Zarautz.jpg","contentUrl":"https:\/\/www.getariakotxakolina.eus\/wp-content\/uploads\/2023\/09\/Getariako-Txakolinaren-sorlekutik-enoturismoa-Getaria-eta-Zarautz.jpg","width":1500,"height":1185,"caption":"Getariako Txakolinaren sorlekutik enoturismoa Getaria eta Zarautz"},{"@type":"BreadcrumbList","@id":"https:\/\/www.getariakotxakolina.eus\/es\/de-enoturismo-en-getaria-y-zarautz-cuna-del-getariako-txakolina\/#breadcrumb","itemListElement":[{"@type":"ListItem","position":1,"name":"Portada","item":"https:\/\/www.getariakotxakolina.eus\/es\/"},{"@type":"ListItem","position":2,"name":"De enoturismo en Getaria y Zarautz, cuna del Getariako Txakolina"}]},{"@type":"WebSite","@id":"https:\/\/www.getariakotxakolina.eus\/es\/#website","url":"https:\/\/www.getariakotxakolina.eus\/es\/","name":"Txakol\u00ed de Getaria vino blanco con D.O. Getariako txakolina","description":"El txakoli Denominaci\u00f3n de Origen Getariako Txakolina es un vino joven de graduaci\u00f3n moderada y equilibrada acidez.","publisher":{"@id":"https:\/\/www.getariakotxakolina.eus\/es\/#organization"},"alternateName":"Getariako txakolina","potentialAction":[{"@type":"SearchAction","target":{"@type":"EntryPoint","urlTemplate":"https:\/\/www.getariakotxakolina.eus\/es\/?s={search_term_string}"},"query-input":{"@type":"PropertyValueSpecification","valueRequired":true,"valueName":"search_term_string"}}],"inLanguage":"es"},{"@type":"Organization","@id":"https:\/\/www.getariakotxakolina.eus\/es\/#organization","name":"Getariako Txakolina","alternateName":"Getariako Txakolina","url":"https:\/\/www.getariakotxakolina.eus\/es\/","logo":{"@type":"ImageObject","inLanguage":"es","@id":"https:\/\/www.getariakotxakolina.eus\/es\/#\/schema\/logo\/image\/","url":"https:\/\/www.getariakotxakolina.eus\/wp-content\/uploads\/2025\/07\/Getariako-Txakolina-Logo.svg","contentUrl":"https:\/\/www.getariakotxakolina.eus\/wp-content\/uploads\/2025\/07\/Getariako-Txakolina-Logo.svg","width":417,"height":83,"caption":"Getariako Txakolina"},"image":{"@id":"https:\/\/www.getariakotxakolina.eus\/es\/#\/schema\/logo\/image\/"},"sameAs":["https:\/\/www.facebook.com\/GetariakoTxakolinaDO\/","https:\/\/www.instagram.com\/getariakotxakolina_do\/"]},{"@type":"Person","@id":"https:\/\/www.getariakotxakolina.eus\/es\/#\/schema\/person\/a5e5ff3c3ef2b02a49c0908e58468d2e","name":"Sergio","image":{"@type":"ImageObject","inLanguage":"es","@id":"https:\/\/secure.gravatar.com\/avatar\/a7d1b444c33a3e9943bfdc51e89ddc19ba81f816f205cf49c0f1113bad811a11?s=96&d=mm&r=g","url":"https:\/\/secure.gravatar.com\/avatar\/a7d1b444c33a3e9943bfdc51e89ddc19ba81f816f205cf49c0f1113bad811a11?s=96&d=mm&r=g","contentUrl":"https:\/\/secure.gravatar.com\/avatar\/a7d1b444c33a3e9943bfdc51e89ddc19ba81f816f205cf49c0f1113bad811a11?s=96&d=mm&r=g","caption":"Sergio"},"sameAs":["https:\/\/wordpress-958700-4452977.cloudwaysapps.com"]}]}},"_links":{"self":[{"href":"https:\/\/www.getariakotxakolina.eus\/es\/wp-json\/wp\/v2\/posts\/13646","targetHints":{"allow":["GET"]}}],"collection":[{"href":"https:\/\/www.getariakotxakolina.eus\/es\/wp-json\/wp\/v2\/posts"}],"about":[{"href":"https:\/\/www.getariakotxakolina.eus\/es\/wp-json\/wp\/v2\/types\/post"}],"author":[{"embeddable":true,"href":"https:\/\/www.getariakotxakolina.eus\/es\/wp-json\/wp\/v2\/users\/1"}],"replies":[{"embeddable":true,"href":"https:\/\/www.getariakotxakolina.eus\/es\/wp-json\/wp\/v2\/comments?post=13646"}],"version-history":[{"count":0,"href":"https:\/\/www.getariakotxakolina.eus\/es\/wp-json\/wp\/v2\/posts\/13646\/revisions"}],"wp:featuredmedia":[{"embeddable":true,"href":"https:\/\/www.getariakotxakolina.eus\/es\/wp-json\/wp\/v2\/media\/14158"}],"wp:attachment":[{"href":"https:\/\/www.getariakotxakolina.eus\/es\/wp-json\/wp\/v2\/media?parent=13646"}],"wp:term":[{"taxonomy":"category","embeddable":true,"href":"https:\/\/www.getariakotxakolina.eus\/es\/wp-json\/wp\/v2\/categories?post=13646"},{"taxonomy":"post_tag","embeddable":true,"href":"https:\/\/www.getariakotxakolina.eus\/es\/wp-json\/wp\/v2\/tags?post=13646"}],"curies":[{"name":"wp","href":"https:\/\/api.w.org\/{rel}","templated":true}]}}