{"id":13643,"date":"2024-03-11T16:48:00","date_gmt":"2024-03-11T15:48:00","guid":{"rendered":"https:\/\/www.getariakotxakolina.eus\/getariako-txakolina-markari-aitortza-donostian-eurogap-marketing-foroaren-20-edizioan\/"},"modified":"2025-12-23T17:28:57","modified_gmt":"2025-12-23T16:28:57","slug":"la-marca-getariako-txakolina-reconocimiento-eurogap-de-marketing-2024","status":"publish","type":"post","link":"https:\/\/www.getariakotxakolina.eus\/es\/la-marca-getariako-txakolina-reconocimiento-eurogap-de-marketing-2024\/","title":{"rendered":"La marca Getariako Txakolina, reconocimiento Eurogap de Marketing 2024"},"content":{"rendered":"\n<div class=\"contenedor-blog\">\n<p class=\"gb-text destacado-blog\">La Denominaci\u00f3n de Origen Getariako Txakolina recibe el reconocimiento Eurogap de Marketing 2024, por el desarrollo de \u00abuna marca s\u00f3lida de aqu\u00ed y abierta al mundo, con valores humanos y de impacto positivo al entorno\u201d.<\/p>\n\n\n\n<p>La entrega del reconocimiento tuvo lugar el pasado 7 de marzo durante el 20\u00ba Foro Eurogap de Marketing, un encuentro que reuni\u00f3 a profesionales del mundo del marketing y la empresa, ante un abarrotado Palacio de Congresos del Kursaal de Donostia.<\/p>\n\n\n\n<p>La presidenta de la Denominaci\u00f3n de Origen, Itziar Eizagirre, fue la encargada de recoger el reconocimiento. En una emotiva intervenci\u00f3n y desde su propia experiencia personal, nos llev\u00f3 a trav\u00e9s de la historia de la denominaci\u00f3n de origen Getariako Txakolina.&nbsp;<\/p>\n\n\n\n<p><em>\u201cMi historia se puede trasladar perfectamente a todas y cada una de las bodegas que formamos Getariako Txakolina. La Denominaci\u00f3n de Origen est\u00e1 formada por bodegas peque\u00f1as y familiares donde generaci\u00f3n tras generaci\u00f3n hemos intentado mejorar la calidad y el reconocimiento de nuestra marca Getariako Txakolina. Para que con mucha suerte haya otras generaciones futuras que quieran seguir con nuestra labor\u201d.<\/em><\/p>\n\n\n\n<h2 class=\"gb-text h2-blog\">Getariako Txakolina: una marca reconocida y con identidad<\/h2>\n\n\n\n<p>En los \u00faltimos a\u00f1os la Denominaci\u00f3n de Origen Getariako Txakolina&nbsp;<strong>ha renovado su marca y trabajado su presencia digital<\/strong>, desarrollando una&nbsp;<a href=\"https:\/\/www.getariakotxakolina.eus\/?lang=es\" target=\"_blank\" rel=\"noreferrer noopener\">nueva web<\/a>&nbsp;y acerc\u00e1ndose al p\u00fablico a trav\u00e9s de las redes sociales, ganando visibilidad y reputaci\u00f3n.<\/p>\n\n\n\n<p>En este recorrido, la denominaci\u00f3n de origen&nbsp;<strong>ha puesto el foco en el valor y la trayectoria de sus bodegas y viticultores<\/strong>, que se destacan por su apuesta por la innovaci\u00f3n, sin perder de vista la tradici\u00f3n e identidad.<\/p>\n\n\n\n<p>El reconocimiento de Eurogap llega en un momento significativo, ya que este a\u00f1o la&nbsp;<strong>Denominaci\u00f3n de Origen Getariako Txakolina celebra su 35 aniversario<\/strong>.<\/p>\n\n\n\n<p>Reconocida en 1989, y con 11 bodegas en sus inicios, en la actualidad Getariako Txakolina\u00a0<a href=\"https:\/\/www.getariakotxakolina.eus\/es\/bodegas\/\" target=\"_blank\" rel=\"noreferrer noopener\">est\u00e1 integrada por 34 bodegas<\/a>. Con 458 hect\u00e1reas de vi\u00f1edos en todo el territorio de Gipuzkoa, 9 veces mayor que en su creaci\u00f3n, el trabajo realizado por la generaci\u00f3n anterior ha dado sus frutos: ha conseguido aumentar la producci\u00f3n de txakoli, a la vez que mejorar su calidad.<\/p>\n\n\n\n<p>Un logro que merece un brindis, por supuesto, \u00a1con Getariako Txakolina!<\/p>\n\n\n\n<img loading=\"lazy\" decoding=\"async\" width=\"400\" height=\"417\" class=\"gb-media-4a54e58e\" alt=\"Eurogap Marketing Foroa\" src=\"https:\/\/www.getariakotxakolina.eus\/wp-content\/uploads\/2025\/11\/Eurogap-Marketing-Foroa.jpg\" title=\"Eurogap Marketing Foroa\" srcset=\"https:\/\/www.getariakotxakolina.eus\/wp-content\/uploads\/2025\/11\/Eurogap-Marketing-Foroa.jpg 400w, https:\/\/www.getariakotxakolina.eus\/wp-content\/uploads\/2025\/11\/Eurogap-Marketing-Foroa-288x300.jpg 288w\" sizes=\"auto, (max-width: 400px) 100vw, 400px\" \/>\n\n\n\n<h2 class=\"gb-text h2-blog\">Foro Eurogap de Marketing<\/h2>\n\n\n\n<p>El\u00a0<a href=\"https:\/\/www.eurogap.es\/foro-eurogap-marketing\/\" target=\"_blank\" rel=\"noreferrer noopener\">Foro Eurogap Marketing<\/a>, es un encuentro que re\u00fane a profesionales relacionados con el marketing, las tendencias y el mundo empresarial. Este a\u00f1o ha contado con la neurocient\u00edfica Ana Ib\u00e1\u00f1ez, que a trav\u00e9s de su ponencia: \u00abLa transformaci\u00f3n de la energ\u00eda en las organizaciones\u00bb, ha mostrado la importancia del entrenamiento del cerebro para el alto rendimiento y bienestar de personas y organizaciones.<\/p>\n<\/div>\n","protected":false},"excerpt":{"rendered":"<p>La Denominaci\u00f3n de Origen Getariako Txakolina recibe el reconocimiento Eurogap de Marketing 2024, por el desarrollo de \u00abuna marca s\u00f3lida de aqu\u00ed y abierta al mundo, con valores humanos y de impacto positivo al entorno\u201d. La entrega del reconocimiento tuvo lugar el pasado 7 de marzo durante el 20\u00ba Foro Eurogap de Marketing, un encuentro &#8230; <a title=\"La marca Getariako Txakolina, reconocimiento Eurogap de Marketing 2024\" class=\"read-more\" href=\"https:\/\/www.getariakotxakolina.eus\/es\/la-marca-getariako-txakolina-reconocimiento-eurogap-de-marketing-2024\/\" aria-label=\"Leer m\u00e1s sobre La marca Getariako Txakolina, reconocimiento Eurogap de Marketing 2024\">Leer m\u00e1s<\/a><\/p>\n","protected":false},"author":1,"featured_media":13645,"comment_status":"closed","ping_status":"open","sticky":false,"template":"","format":"standard","meta":{"_acf_changed":false,"footnotes":""},"categories":[27],"tags":[],"class_list":["post-13643","post","type-post","status-publish","format-standard","has-post-thumbnail","hentry","category-noticias","resize-featured-image"],"acf":[],"yoast_head":"<!-- This site is optimized with the Yoast SEO plugin v27.4 - https:\/\/yoast.com\/product\/yoast-seo-wordpress\/ -->\n<title>La marca Getariako Txakolina, reconocimiento Eurogap de Marketing 2024 - Getariako Txakolina<\/title>\n<meta name=\"description\" content=\"Getariako Txakolina Jatorri Deiturak Eurogap saria jaso zuen, \u201cmerkatura bideratutako bere ibilbideagatik, bertako marka sendo bat garatuz, eta aldi berean munduari irekia, giza balioekin eta ingurunearekiko eragin positiboarekin\u201d.\" \/>\n<meta name=\"robots\" content=\"index, follow, max-snippet:-1, max-image-preview:large, max-video-preview:-1\" \/>\n<link rel=\"canonical\" href=\"https:\/\/www.getariakotxakolina.eus\/es\/la-marca-getariako-txakolina-reconocimiento-eurogap-de-marketing-2024\/\" \/>\n<meta property=\"og:locale\" content=\"es_ES\" \/>\n<meta property=\"og:type\" content=\"article\" \/>\n<meta property=\"og:title\" content=\"La marca Getariako Txakolina, reconocimiento Eurogap de Marketing 2024 - Getariako Txakolina\" \/>\n<meta property=\"og:description\" content=\"Getariako Txakolina Jatorri Deiturak Eurogap saria jaso zuen, \u201cmerkatura bideratutako bere ibilbideagatik, bertako marka sendo bat garatuz, eta aldi berean munduari irekia, giza balioekin eta ingurunearekiko eragin positiboarekin\u201d.\" \/>\n<meta property=\"og:url\" content=\"https:\/\/www.getariakotxakolina.eus\/es\/la-marca-getariako-txakolina-reconocimiento-eurogap-de-marketing-2024\/\" \/>\n<meta property=\"og:site_name\" content=\"Getariako Txakolina\" \/>\n<meta property=\"article:publisher\" content=\"https:\/\/www.facebook.com\/GetariakoTxakolinaDO\/\" \/>\n<meta property=\"article:published_time\" content=\"2024-03-11T15:48:00+00:00\" \/>\n<meta property=\"article:modified_time\" content=\"2025-12-23T16:28:57+00:00\" \/>\n<meta property=\"og:image\" content=\"https:\/\/www.getariakotxakolina.eus\/wp-content\/uploads\/2025\/11\/Getariako-Txakolina-markari-aitortza-Donostian-Eurogap-Marketing-Foroaren-20-Edizioan.jpg\" \/>\n\t<meta property=\"og:image:width\" content=\"1920\" \/>\n\t<meta property=\"og:image:height\" content=\"1280\" \/>\n\t<meta property=\"og:image:type\" content=\"image\/jpeg\" \/>\n<meta name=\"author\" content=\"Sergio\" \/>\n<meta name=\"twitter:card\" content=\"summary_large_image\" \/>\n<meta name=\"twitter:label1\" content=\"Escrito por\" \/>\n\t<meta name=\"twitter:data1\" content=\"Sergio\" \/>\n\t<meta name=\"twitter:label2\" content=\"Tiempo de lectura\" \/>\n\t<meta name=\"twitter:data2\" content=\"3 minutos\" \/>\n<script type=\"application\/ld+json\" class=\"yoast-schema-graph\">{\"@context\":\"https:\\\/\\\/schema.org\",\"@graph\":[{\"@type\":\"Article\",\"@id\":\"https:\\\/\\\/www.getariakotxakolina.eus\\\/es\\\/la-marca-getariako-txakolina-reconocimiento-eurogap-de-marketing-2024\\\/#article\",\"isPartOf\":{\"@id\":\"https:\\\/\\\/www.getariakotxakolina.eus\\\/es\\\/la-marca-getariako-txakolina-reconocimiento-eurogap-de-marketing-2024\\\/\"},\"author\":{\"name\":\"Sergio\",\"@id\":\"https:\\\/\\\/www.getariakotxakolina.eus\\\/es\\\/#\\\/schema\\\/person\\\/a5e5ff3c3ef2b02a49c0908e58468d2e\"},\"headline\":\"La marca Getariako Txakolina, reconocimiento Eurogap de Marketing 2024\",\"datePublished\":\"2024-03-11T15:48:00+00:00\",\"dateModified\":\"2025-12-23T16:28:57+00:00\",\"mainEntityOfPage\":{\"@id\":\"https:\\\/\\\/www.getariakotxakolina.eus\\\/es\\\/la-marca-getariako-txakolina-reconocimiento-eurogap-de-marketing-2024\\\/\"},\"wordCount\":462,\"publisher\":{\"@id\":\"https:\\\/\\\/www.getariakotxakolina.eus\\\/es\\\/#organization\"},\"image\":{\"@id\":\"https:\\\/\\\/www.getariakotxakolina.eus\\\/es\\\/la-marca-getariako-txakolina-reconocimiento-eurogap-de-marketing-2024\\\/#primaryimage\"},\"thumbnailUrl\":\"https:\\\/\\\/www.getariakotxakolina.eus\\\/wp-content\\\/uploads\\\/2025\\\/11\\\/Getariako-Txakolina-markari-aitortza-Donostian-Eurogap-Marketing-Foroaren-20-Edizioan.jpg\",\"articleSection\":[\"Noticias\"],\"inLanguage\":\"es\"},{\"@type\":\"WebPage\",\"@id\":\"https:\\\/\\\/www.getariakotxakolina.eus\\\/es\\\/la-marca-getariako-txakolina-reconocimiento-eurogap-de-marketing-2024\\\/\",\"url\":\"https:\\\/\\\/www.getariakotxakolina.eus\\\/es\\\/la-marca-getariako-txakolina-reconocimiento-eurogap-de-marketing-2024\\\/\",\"name\":\"La marca Getariako Txakolina, reconocimiento Eurogap de Marketing 2024 - Getariako Txakolina\",\"isPartOf\":{\"@id\":\"https:\\\/\\\/www.getariakotxakolina.eus\\\/es\\\/#website\"},\"primaryImageOfPage\":{\"@id\":\"https:\\\/\\\/www.getariakotxakolina.eus\\\/es\\\/la-marca-getariako-txakolina-reconocimiento-eurogap-de-marketing-2024\\\/#primaryimage\"},\"image\":{\"@id\":\"https:\\\/\\\/www.getariakotxakolina.eus\\\/es\\\/la-marca-getariako-txakolina-reconocimiento-eurogap-de-marketing-2024\\\/#primaryimage\"},\"thumbnailUrl\":\"https:\\\/\\\/www.getariakotxakolina.eus\\\/wp-content\\\/uploads\\\/2025\\\/11\\\/Getariako-Txakolina-markari-aitortza-Donostian-Eurogap-Marketing-Foroaren-20-Edizioan.jpg\",\"datePublished\":\"2024-03-11T15:48:00+00:00\",\"dateModified\":\"2025-12-23T16:28:57+00:00\",\"description\":\"Getariako Txakolina Jatorri Deiturak Eurogap saria jaso zuen, \u201cmerkatura bideratutako bere ibilbideagatik, bertako marka sendo bat garatuz, eta aldi berean munduari irekia, giza balioekin eta ingurunearekiko eragin positiboarekin\u201d.\",\"breadcrumb\":{\"@id\":\"https:\\\/\\\/www.getariakotxakolina.eus\\\/es\\\/la-marca-getariako-txakolina-reconocimiento-eurogap-de-marketing-2024\\\/#breadcrumb\"},\"inLanguage\":\"es\",\"potentialAction\":[{\"@type\":\"ReadAction\",\"target\":[\"https:\\\/\\\/www.getariakotxakolina.eus\\\/es\\\/la-marca-getariako-txakolina-reconocimiento-eurogap-de-marketing-2024\\\/\"]}]},{\"@type\":\"ImageObject\",\"inLanguage\":\"es\",\"@id\":\"https:\\\/\\\/www.getariakotxakolina.eus\\\/es\\\/la-marca-getariako-txakolina-reconocimiento-eurogap-de-marketing-2024\\\/#primaryimage\",\"url\":\"https:\\\/\\\/www.getariakotxakolina.eus\\\/wp-content\\\/uploads\\\/2025\\\/11\\\/Getariako-Txakolina-markari-aitortza-Donostian-Eurogap-Marketing-Foroaren-20-Edizioan.jpg\",\"contentUrl\":\"https:\\\/\\\/www.getariakotxakolina.eus\\\/wp-content\\\/uploads\\\/2025\\\/11\\\/Getariako-Txakolina-markari-aitortza-Donostian-Eurogap-Marketing-Foroaren-20-Edizioan.jpg\",\"width\":1920,\"height\":1280,\"caption\":\"Getariako Txakolina markari aitortza Donostian Eurogap Marketing Foroaren 20 Edizioan\"},{\"@type\":\"BreadcrumbList\",\"@id\":\"https:\\\/\\\/www.getariakotxakolina.eus\\\/es\\\/la-marca-getariako-txakolina-reconocimiento-eurogap-de-marketing-2024\\\/#breadcrumb\",\"itemListElement\":[{\"@type\":\"ListItem\",\"position\":1,\"name\":\"Portada\",\"item\":\"https:\\\/\\\/www.getariakotxakolina.eus\\\/es\\\/\"},{\"@type\":\"ListItem\",\"position\":2,\"name\":\"La marca Getariako Txakolina, reconocimiento Eurogap de Marketing 2024\"}]},{\"@type\":\"WebSite\",\"@id\":\"https:\\\/\\\/www.getariakotxakolina.eus\\\/es\\\/#website\",\"url\":\"https:\\\/\\\/www.getariakotxakolina.eus\\\/es\\\/\",\"name\":\"Txakol\u00ed de Getaria vino blanco con D.O. Getariako txakolina\",\"description\":\"El txakoli Denominaci\u00f3n de Origen Getariako Txakolina es un vino joven de graduaci\u00f3n moderada y equilibrada acidez.\",\"publisher\":{\"@id\":\"https:\\\/\\\/www.getariakotxakolina.eus\\\/es\\\/#organization\"},\"alternateName\":\"Getariako txakolina\",\"potentialAction\":[{\"@type\":\"SearchAction\",\"target\":{\"@type\":\"EntryPoint\",\"urlTemplate\":\"https:\\\/\\\/www.getariakotxakolina.eus\\\/es\\\/?s={search_term_string}\"},\"query-input\":{\"@type\":\"PropertyValueSpecification\",\"valueRequired\":true,\"valueName\":\"search_term_string\"}}],\"inLanguage\":\"es\"},{\"@type\":\"Organization\",\"@id\":\"https:\\\/\\\/www.getariakotxakolina.eus\\\/es\\\/#organization\",\"name\":\"Getariako Txakolina\",\"alternateName\":\"Getariako Txakolina\",\"url\":\"https:\\\/\\\/www.getariakotxakolina.eus\\\/es\\\/\",\"logo\":{\"@type\":\"ImageObject\",\"inLanguage\":\"es\",\"@id\":\"https:\\\/\\\/www.getariakotxakolina.eus\\\/es\\\/#\\\/schema\\\/logo\\\/image\\\/\",\"url\":\"https:\\\/\\\/www.getariakotxakolina.eus\\\/wp-content\\\/uploads\\\/2025\\\/07\\\/Getariako-Txakolina-Logo.svg\",\"contentUrl\":\"https:\\\/\\\/www.getariakotxakolina.eus\\\/wp-content\\\/uploads\\\/2025\\\/07\\\/Getariako-Txakolina-Logo.svg\",\"width\":417,\"height\":83,\"caption\":\"Getariako Txakolina\"},\"image\":{\"@id\":\"https:\\\/\\\/www.getariakotxakolina.eus\\\/es\\\/#\\\/schema\\\/logo\\\/image\\\/\"},\"sameAs\":[\"https:\\\/\\\/www.facebook.com\\\/GetariakoTxakolinaDO\\\/\",\"https:\\\/\\\/www.instagram.com\\\/getariakotxakolina_do\\\/\"]},{\"@type\":\"Person\",\"@id\":\"https:\\\/\\\/www.getariakotxakolina.eus\\\/es\\\/#\\\/schema\\\/person\\\/a5e5ff3c3ef2b02a49c0908e58468d2e\",\"name\":\"Sergio\",\"image\":{\"@type\":\"ImageObject\",\"inLanguage\":\"es\",\"@id\":\"https:\\\/\\\/secure.gravatar.com\\\/avatar\\\/a7d1b444c33a3e9943bfdc51e89ddc19ba81f816f205cf49c0f1113bad811a11?s=96&d=mm&r=g\",\"url\":\"https:\\\/\\\/secure.gravatar.com\\\/avatar\\\/a7d1b444c33a3e9943bfdc51e89ddc19ba81f816f205cf49c0f1113bad811a11?s=96&d=mm&r=g\",\"contentUrl\":\"https:\\\/\\\/secure.gravatar.com\\\/avatar\\\/a7d1b444c33a3e9943bfdc51e89ddc19ba81f816f205cf49c0f1113bad811a11?s=96&d=mm&r=g\",\"caption\":\"Sergio\"},\"sameAs\":[\"https:\\\/\\\/wordpress-958700-4452977.cloudwaysapps.com\"]}]}<\/script>\n<!-- \/ Yoast SEO plugin. -->","yoast_head_json":{"title":"La marca Getariako Txakolina, reconocimiento Eurogap de Marketing 2024 - Getariako Txakolina","description":"Getariako Txakolina Jatorri Deiturak Eurogap saria jaso zuen, \u201cmerkatura bideratutako bere ibilbideagatik, bertako marka sendo bat garatuz, eta aldi berean munduari irekia, giza balioekin eta ingurunearekiko eragin positiboarekin\u201d.","robots":{"index":"index","follow":"follow","max-snippet":"max-snippet:-1","max-image-preview":"max-image-preview:large","max-video-preview":"max-video-preview:-1"},"canonical":"https:\/\/www.getariakotxakolina.eus\/es\/la-marca-getariako-txakolina-reconocimiento-eurogap-de-marketing-2024\/","og_locale":"es_ES","og_type":"article","og_title":"La marca Getariako Txakolina, reconocimiento Eurogap de Marketing 2024 - Getariako Txakolina","og_description":"Getariako Txakolina Jatorri Deiturak Eurogap saria jaso zuen, \u201cmerkatura bideratutako bere ibilbideagatik, bertako marka sendo bat garatuz, eta aldi berean munduari irekia, giza balioekin eta ingurunearekiko eragin positiboarekin\u201d.","og_url":"https:\/\/www.getariakotxakolina.eus\/es\/la-marca-getariako-txakolina-reconocimiento-eurogap-de-marketing-2024\/","og_site_name":"Getariako Txakolina","article_publisher":"https:\/\/www.facebook.com\/GetariakoTxakolinaDO\/","article_published_time":"2024-03-11T15:48:00+00:00","article_modified_time":"2025-12-23T16:28:57+00:00","og_image":[{"width":1920,"height":1280,"url":"https:\/\/www.getariakotxakolina.eus\/wp-content\/uploads\/2025\/11\/Getariako-Txakolina-markari-aitortza-Donostian-Eurogap-Marketing-Foroaren-20-Edizioan.jpg","type":"image\/jpeg"}],"author":"Sergio","twitter_card":"summary_large_image","twitter_misc":{"Escrito por":"Sergio","Tiempo de lectura":"3 minutos"},"schema":{"@context":"https:\/\/schema.org","@graph":[{"@type":"Article","@id":"https:\/\/www.getariakotxakolina.eus\/es\/la-marca-getariako-txakolina-reconocimiento-eurogap-de-marketing-2024\/#article","isPartOf":{"@id":"https:\/\/www.getariakotxakolina.eus\/es\/la-marca-getariako-txakolina-reconocimiento-eurogap-de-marketing-2024\/"},"author":{"name":"Sergio","@id":"https:\/\/www.getariakotxakolina.eus\/es\/#\/schema\/person\/a5e5ff3c3ef2b02a49c0908e58468d2e"},"headline":"La marca Getariako Txakolina, reconocimiento Eurogap de Marketing 2024","datePublished":"2024-03-11T15:48:00+00:00","dateModified":"2025-12-23T16:28:57+00:00","mainEntityOfPage":{"@id":"https:\/\/www.getariakotxakolina.eus\/es\/la-marca-getariako-txakolina-reconocimiento-eurogap-de-marketing-2024\/"},"wordCount":462,"publisher":{"@id":"https:\/\/www.getariakotxakolina.eus\/es\/#organization"},"image":{"@id":"https:\/\/www.getariakotxakolina.eus\/es\/la-marca-getariako-txakolina-reconocimiento-eurogap-de-marketing-2024\/#primaryimage"},"thumbnailUrl":"https:\/\/www.getariakotxakolina.eus\/wp-content\/uploads\/2025\/11\/Getariako-Txakolina-markari-aitortza-Donostian-Eurogap-Marketing-Foroaren-20-Edizioan.jpg","articleSection":["Noticias"],"inLanguage":"es"},{"@type":"WebPage","@id":"https:\/\/www.getariakotxakolina.eus\/es\/la-marca-getariako-txakolina-reconocimiento-eurogap-de-marketing-2024\/","url":"https:\/\/www.getariakotxakolina.eus\/es\/la-marca-getariako-txakolina-reconocimiento-eurogap-de-marketing-2024\/","name":"La marca Getariako Txakolina, reconocimiento Eurogap de Marketing 2024 - Getariako Txakolina","isPartOf":{"@id":"https:\/\/www.getariakotxakolina.eus\/es\/#website"},"primaryImageOfPage":{"@id":"https:\/\/www.getariakotxakolina.eus\/es\/la-marca-getariako-txakolina-reconocimiento-eurogap-de-marketing-2024\/#primaryimage"},"image":{"@id":"https:\/\/www.getariakotxakolina.eus\/es\/la-marca-getariako-txakolina-reconocimiento-eurogap-de-marketing-2024\/#primaryimage"},"thumbnailUrl":"https:\/\/www.getariakotxakolina.eus\/wp-content\/uploads\/2025\/11\/Getariako-Txakolina-markari-aitortza-Donostian-Eurogap-Marketing-Foroaren-20-Edizioan.jpg","datePublished":"2024-03-11T15:48:00+00:00","dateModified":"2025-12-23T16:28:57+00:00","description":"Getariako Txakolina Jatorri Deiturak Eurogap saria jaso zuen, \u201cmerkatura bideratutako bere ibilbideagatik, bertako marka sendo bat garatuz, eta aldi berean munduari irekia, giza balioekin eta ingurunearekiko eragin positiboarekin\u201d.","breadcrumb":{"@id":"https:\/\/www.getariakotxakolina.eus\/es\/la-marca-getariako-txakolina-reconocimiento-eurogap-de-marketing-2024\/#breadcrumb"},"inLanguage":"es","potentialAction":[{"@type":"ReadAction","target":["https:\/\/www.getariakotxakolina.eus\/es\/la-marca-getariako-txakolina-reconocimiento-eurogap-de-marketing-2024\/"]}]},{"@type":"ImageObject","inLanguage":"es","@id":"https:\/\/www.getariakotxakolina.eus\/es\/la-marca-getariako-txakolina-reconocimiento-eurogap-de-marketing-2024\/#primaryimage","url":"https:\/\/www.getariakotxakolina.eus\/wp-content\/uploads\/2025\/11\/Getariako-Txakolina-markari-aitortza-Donostian-Eurogap-Marketing-Foroaren-20-Edizioan.jpg","contentUrl":"https:\/\/www.getariakotxakolina.eus\/wp-content\/uploads\/2025\/11\/Getariako-Txakolina-markari-aitortza-Donostian-Eurogap-Marketing-Foroaren-20-Edizioan.jpg","width":1920,"height":1280,"caption":"Getariako Txakolina markari aitortza Donostian Eurogap Marketing Foroaren 20 Edizioan"},{"@type":"BreadcrumbList","@id":"https:\/\/www.getariakotxakolina.eus\/es\/la-marca-getariako-txakolina-reconocimiento-eurogap-de-marketing-2024\/#breadcrumb","itemListElement":[{"@type":"ListItem","position":1,"name":"Portada","item":"https:\/\/www.getariakotxakolina.eus\/es\/"},{"@type":"ListItem","position":2,"name":"La marca Getariako Txakolina, reconocimiento Eurogap de Marketing 2024"}]},{"@type":"WebSite","@id":"https:\/\/www.getariakotxakolina.eus\/es\/#website","url":"https:\/\/www.getariakotxakolina.eus\/es\/","name":"Txakol\u00ed de Getaria vino blanco con D.O. Getariako txakolina","description":"El txakoli Denominaci\u00f3n de Origen Getariako Txakolina es un vino joven de graduaci\u00f3n moderada y equilibrada acidez.","publisher":{"@id":"https:\/\/www.getariakotxakolina.eus\/es\/#organization"},"alternateName":"Getariako txakolina","potentialAction":[{"@type":"SearchAction","target":{"@type":"EntryPoint","urlTemplate":"https:\/\/www.getariakotxakolina.eus\/es\/?s={search_term_string}"},"query-input":{"@type":"PropertyValueSpecification","valueRequired":true,"valueName":"search_term_string"}}],"inLanguage":"es"},{"@type":"Organization","@id":"https:\/\/www.getariakotxakolina.eus\/es\/#organization","name":"Getariako Txakolina","alternateName":"Getariako Txakolina","url":"https:\/\/www.getariakotxakolina.eus\/es\/","logo":{"@type":"ImageObject","inLanguage":"es","@id":"https:\/\/www.getariakotxakolina.eus\/es\/#\/schema\/logo\/image\/","url":"https:\/\/www.getariakotxakolina.eus\/wp-content\/uploads\/2025\/07\/Getariako-Txakolina-Logo.svg","contentUrl":"https:\/\/www.getariakotxakolina.eus\/wp-content\/uploads\/2025\/07\/Getariako-Txakolina-Logo.svg","width":417,"height":83,"caption":"Getariako Txakolina"},"image":{"@id":"https:\/\/www.getariakotxakolina.eus\/es\/#\/schema\/logo\/image\/"},"sameAs":["https:\/\/www.facebook.com\/GetariakoTxakolinaDO\/","https:\/\/www.instagram.com\/getariakotxakolina_do\/"]},{"@type":"Person","@id":"https:\/\/www.getariakotxakolina.eus\/es\/#\/schema\/person\/a5e5ff3c3ef2b02a49c0908e58468d2e","name":"Sergio","image":{"@type":"ImageObject","inLanguage":"es","@id":"https:\/\/secure.gravatar.com\/avatar\/a7d1b444c33a3e9943bfdc51e89ddc19ba81f816f205cf49c0f1113bad811a11?s=96&d=mm&r=g","url":"https:\/\/secure.gravatar.com\/avatar\/a7d1b444c33a3e9943bfdc51e89ddc19ba81f816f205cf49c0f1113bad811a11?s=96&d=mm&r=g","contentUrl":"https:\/\/secure.gravatar.com\/avatar\/a7d1b444c33a3e9943bfdc51e89ddc19ba81f816f205cf49c0f1113bad811a11?s=96&d=mm&r=g","caption":"Sergio"},"sameAs":["https:\/\/wordpress-958700-4452977.cloudwaysapps.com"]}]}},"_links":{"self":[{"href":"https:\/\/www.getariakotxakolina.eus\/es\/wp-json\/wp\/v2\/posts\/13643","targetHints":{"allow":["GET"]}}],"collection":[{"href":"https:\/\/www.getariakotxakolina.eus\/es\/wp-json\/wp\/v2\/posts"}],"about":[{"href":"https:\/\/www.getariakotxakolina.eus\/es\/wp-json\/wp\/v2\/types\/post"}],"author":[{"embeddable":true,"href":"https:\/\/www.getariakotxakolina.eus\/es\/wp-json\/wp\/v2\/users\/1"}],"replies":[{"embeddable":true,"href":"https:\/\/www.getariakotxakolina.eus\/es\/wp-json\/wp\/v2\/comments?post=13643"}],"version-history":[{"count":0,"href":"https:\/\/www.getariakotxakolina.eus\/es\/wp-json\/wp\/v2\/posts\/13643\/revisions"}],"wp:featuredmedia":[{"embeddable":true,"href":"https:\/\/www.getariakotxakolina.eus\/es\/wp-json\/wp\/v2\/media\/13645"}],"wp:attachment":[{"href":"https:\/\/www.getariakotxakolina.eus\/es\/wp-json\/wp\/v2\/media?parent=13643"}],"wp:term":[{"taxonomy":"category","embeddable":true,"href":"https:\/\/www.getariakotxakolina.eus\/es\/wp-json\/wp\/v2\/categories?post=13643"},{"taxonomy":"post_tag","embeddable":true,"href":"https:\/\/www.getariakotxakolina.eus\/es\/wp-json\/wp\/v2\/tags?post=13643"}],"curies":[{"name":"wp","href":"https:\/\/api.w.org\/{rel}","templated":true}]}}