{"id":13639,"date":"2025-01-23T16:06:00","date_gmt":"2025-01-23T15:06:00","guid":{"rendered":"https:\/\/www.getariakotxakolina.eus\/getariako-txakolinaren-35-uztaren-aurkezpena\/"},"modified":"2025-12-23T16:11:00","modified_gmt":"2025-12-23T15:11:00","slug":"presentacion-cosecha-2024-de-getariako-txakolina","status":"publish","type":"post","link":"https:\/\/www.getariakotxakolina.eus\/es\/presentacion-cosecha-2024-de-getariako-txakolina\/","title":{"rendered":"Presentaci\u00f3n de la 35 cosecha de Getariako Txakolina durante la fiesta de San Ant\u00f3n en Getaria"},"content":{"rendered":"\n<div class=\"contenedor-blog\">\n<p class=\"gb-text destacado-blog\">El pasado 17 de enero tuvo lugar la presentaci\u00f3n de la cosecha 2024, 35\u00ba cosecha que sale con nuestro Precinto de Garant\u00eda Numerado. Con una producci\u00f3n de 2.500.000 litros, saldr\u00e1n al mercado unas 3.200.000 botellas de Getariako Txakolina.<\/p>\n\n\n\n<p>Como cada a\u00f1o, coincidiendo con la festividad de San Ant\u00f3n, la presentaci\u00f3n reuni\u00f3 a instituciones y bodegas en un\u00a0<strong>peque\u00f1o acto privado en el Museo Balenciaga<\/strong>.\u00a0Durante el evento en Balenciaga\u00a0<strong>se hizo entrega\u00a0del Mahasti Jaun a la Kofradia Itsas Etxea.\u00a0<\/strong>Un reconocimiento a su labor divulgativa de la pesca de bajura y del producto local, entre los que est\u00e1 el Txakoli de Getaria. Dos productos que maridan a la perfecci\u00f3n.<\/p>\n\n\n\n<p>La\u00a0<strong>celebraci\u00f3n popular tuvo lugar a continuaci\u00f3n en el front\u00f3n de Getaria.\u00a0<\/strong>Los asistentes al Txakolin Eguna pudieron degustar los txakolis de 24 de las\u00a0<a href=\"https:\/\/www.getariakotxakolina.eus\/es\/bodegas\/\" target=\"_blank\" rel=\"noreferrer noopener\">bodegas de Getariako Txakolina<\/a>, en un ambiente festivo.<\/p>\n\n\n\n<img loading=\"lazy\" decoding=\"async\" width=\"1400\" height=\"933\" class=\"gb-media-b69bf454\" alt=\"Getariako Txakolinaren 35 uztaren aurkezpena Getariako San Anton Egunean 01\" src=\"https:\/\/www.getariakotxakolina.eus\/wp-content\/uploads\/2025\/11\/Getariako-Txakolinaren-35-uztaren-aurkezpena-Getariako-San-Anton-Egunean-01.jpg\" title=\"Getariako Txakolinaren 35 uztaren aurkezpena Getariako San Anton Egunean 01\" srcset=\"https:\/\/www.getariakotxakolina.eus\/wp-content\/uploads\/2025\/11\/Getariako-Txakolinaren-35-uztaren-aurkezpena-Getariako-San-Anton-Egunean-01.jpg 1400w, https:\/\/www.getariakotxakolina.eus\/wp-content\/uploads\/2025\/11\/Getariako-Txakolinaren-35-uztaren-aurkezpena-Getariako-San-Anton-Egunean-01-300x200.jpg 300w, https:\/\/www.getariakotxakolina.eus\/wp-content\/uploads\/2025\/11\/Getariako-Txakolinaren-35-uztaren-aurkezpena-Getariako-San-Anton-Egunean-01-1024x682.jpg 1024w, https:\/\/www.getariakotxakolina.eus\/wp-content\/uploads\/2025\/11\/Getariako-Txakolinaren-35-uztaren-aurkezpena-Getariako-San-Anton-Egunean-01-768x512.jpg 768w\" sizes=\"auto, (max-width: 1400px) 100vw, 1400px\" \/>\n\n\n\n<h2 class=\"gb-text h2-blog\">35 cosecha con el precinto de garant\u00eda de la D.O. Getariako Txakolina<\/h2>\n\n\n\n<p>La&nbsp;<strong>cosecha 2024 es la 35\u00aa que sale con nuestro Precinto de Garant\u00eda Numerado<\/strong>. 35 a\u00f1os en los que el Txakoli de Getaria ha evolucionado hacia un sector profesionalizado y con un relevo generacional que est\u00e1 dando sus frutos en la actualidad. Con un<strong>&nbsp;20% de la producci\u00f3n destinada a la exportaci\u00f3n, la tipicidad del Txakoli de Getaria<\/strong>&nbsp;es reconocida a nivel mundial.<\/p>\n\n\n\n<p>El a\u00f1o 2024, al igual que 2023, ha sido un a\u00f1o h\u00famedo con pocos d\u00edas despejados. Gracias a la profesionalidad de los viticultores, se ha podido obtener una producci\u00f3n de buena calidad, aunque un 10% inferior a la del a\u00f1o anterior.&nbsp;<\/p>\n\n\n\n<p>La&nbsp;<strong>producci\u00f3n ha sido de 2.500.000 litros,&nbsp;<\/strong>un 10% menor que la de 2023. Lo que supone que saldr\u00e1n al mercado&nbsp;<strong>unas 3.200.000 botellas<\/strong>&nbsp;aproximadamente.&nbsp; De estos litros, el&nbsp;<strong>91% son de Txakoli blanco, 9% Rosado y un 1% Tinto<\/strong>. Adem\u00e1s, en la cosecha 2024 se han elaborado 500 litros de Vendimia Tard\u00eda, algo anecd\u00f3tico. Respecto a la elaboraci\u00f3n de espumosos, anualmente se elaboran unos 40.000 litros, siempre dependiendo de las necesidades de las bodegas.<\/p>\n\n\n\n<p>En los \u00faltimos a\u00f1os, se va\u00a0<strong>ampliando la gama de elaboraciones en las bodegas<\/strong>, necesidad marcada por los cambios de h\u00e1bito y gusto en el consumo. Las\u00a0<strong>bodegas van innovando, pero manteniendo la tradici\u00f3n e identidad del Txakoli de Getaria<\/strong>,\u00a0<strong>vino fresco, de graduaci\u00f3n media 11\u00ba y equilibrado en boca, con suave acidez.<\/strong><\/p>\n\n\n\n<h2 class=\"gb-text h2-blog\">Kofrad\u00eda Itsas Etxe recibe el\u00a0Mahasti Jaun 2025 por su labor divulgativa del producto local<\/h2>\n\n\n\n<p><em><em><strong>\u201cEl consumo del pescado no se entiende sin el txakoli a su lado\u201d<\/strong><\/em><\/em><\/p>\n\n\n\n<p>Desde su apertura, en 2020,\u00a0<a href=\"https:\/\/kofradia.eus\/\" target=\"_blank\" rel=\"noreferrer noopener\">la Kofradia Itsas Etxea<\/a>\u00a0&#8211; en la antigua cofrad\u00eda de Pescadores del puerto de Donostia -, colabora con la Denominaci\u00f3n de Origen Getariako Txakolina. Una colaboraci\u00f3n materializada en catas maridaje en la Kofradia Itsas Etxea, y la participaci\u00f3n en eventos como el Verdel Eguna (D\u00eda del Verdel) en Mutriku, al Antxua Eguna (D\u00eda de la Antxoa) en Getaria y al Hegaluze Eguna (D\u00eda del Bonito) en Hondarribia.<\/p>\n\n\n\n<img loading=\"lazy\" decoding=\"async\" width=\"1400\" height=\"933\" class=\"gb-media-135ded31\" alt=\"Getariako Txakolinaren 35 uztaren aurkezpena Getariako San Anton Egunean 02\" src=\"https:\/\/www.getariakotxakolina.eus\/wp-content\/uploads\/2025\/11\/Getariako-Txakolinaren-35-uztaren-aurkezpena-Getariako-San-Anton-Egunean-02.jpg\" title=\"Getariako Txakolinaren 35 uztaren aurkezpena Getariako San Anton Egunean 02\" srcset=\"https:\/\/www.getariakotxakolina.eus\/wp-content\/uploads\/2025\/11\/Getariako-Txakolinaren-35-uztaren-aurkezpena-Getariako-San-Anton-Egunean-02.jpg 1400w, https:\/\/www.getariakotxakolina.eus\/wp-content\/uploads\/2025\/11\/Getariako-Txakolinaren-35-uztaren-aurkezpena-Getariako-San-Anton-Egunean-02-300x200.jpg 300w, https:\/\/www.getariakotxakolina.eus\/wp-content\/uploads\/2025\/11\/Getariako-Txakolinaren-35-uztaren-aurkezpena-Getariako-San-Anton-Egunean-02-1024x682.jpg 1024w, https:\/\/www.getariakotxakolina.eus\/wp-content\/uploads\/2025\/11\/Getariako-Txakolinaren-35-uztaren-aurkezpena-Getariako-San-Anton-Egunean-02-768x512.jpg 768w\" sizes=\"auto, (max-width: 1400px) 100vw, 1400px\" \/>\n\n\n\n<p>Kofradia Itsas Etxean egiten diren uztartze-dastatzeetan gauzatutako lankidetza eta Mutrikuko Berdel Eguna, Getariako Antxua Eguna eta Hondarribiako Hegaluze Eguna (Hegaluze Eguna) bezalako ekitaldietan parte hartzen da.&nbsp;<\/p>\n\n\n\n<p>La&nbsp;<strong>Kofradia Itsas Etxea<\/strong>&nbsp;surgi\u00f3 desde OPEGUI (Organizaci\u00f3n de Productores de Pesca de Bajura de Guip\u00fazcoa) como&nbsp;<strong>proyecto para la promoci\u00f3n de la pesca artesanal de Euskadi<\/strong>, con dos objetivos clave:<\/p>\n\n\n\n<ul class=\"wp-block-list\">\n<li>Contribuir al relevo generacional del sector de la pesca de bajura, mostr\u00e1ndolo a los j\u00f3venes como una opci\u00f3n laboral dentro de una profesi\u00f3n modernizada, pasional y sostenible.<\/li>\n\n\n\n<li>Fomentar el consumo de pesca de bajura, poniendo en valor nuestros pescados, sus temporadas, las artes de pesca que utilizamos, c\u00f3mo conservarlo y consumirlo o sus bondades nutricionales.<\/li>\n<\/ul>\n\n\n\n<h2 class=\"gb-text h2-blog\">Denominaci\u00f3n de Origen Getariako Txakolina: algunos datos<\/h2>\n\n\n\n<p>La&nbsp;<strong>Denominaci\u00f3n de Origen Getariako Txakolina se ci\u00f1e al \u00e1mbito geogr\u00e1fico de Gipuzkoa<\/strong>. Con 464 hect\u00e1reas de vi\u00f1edo, cuenta con&nbsp;<strong>31 bodegas inscritas<\/strong>: 3 en Aia, 1 en Alkiza, 1 en Beizama, 2 en Deba, 9 en Getaria, 1 en Hondarribia, 1 en Mutriku, 1 en Oiartzun, 1 en Olaberria, 1 en O\u00f1ati, 2 en Orio, 1 en Villabona, 6 en Zarautz y 1 en Zestoa.&nbsp;<\/p>\n\n\n\n<p>Las bodegas trabajan pr\u00e1cticamente el 80% de la superficie de vi\u00f1edos, por lo que realizan todo el proceso del txakoli, desde el vi\u00f1edo, elaboraci\u00f3n y por \u00faltimo comercializaci\u00f3n del producto.<\/p>\n\n\n\n<p><strong>En cuanto a las variedades de uva recomendadas<\/strong>, la&nbsp;<em>Hondarrabi Zuri<\/em>, variedad blanca, se encuentra en un 85% del vi\u00f1edo, y la&nbsp;<em>Hondarrabi Beltza<\/em>, variedad tinta, se encuentra en un 10%. El 5% restante es de otras variedades blancas admitidas en el Reglamento como Chardonay, Riesling, Gros Manseng y Petit Courbu, pero no debe superar al 20% del total elaborado por cada bodega. Con el objetivo de mantener la&nbsp;<strong>Hondarrabi Zuri como variedad principal y a su vez mantener la peculiaridad y tipicidad del Txakoli de Getaria<\/strong>.<\/p>\n\n\n\n<p>El Txakoli de Getaria se identifica por el<strong>&nbsp;Precinto Numerado&nbsp;<\/strong>que se coloca por encima de la c\u00e1psula de cada botella, adem\u00e1s de la etiqueta de cada bodega elaboradora inscrita.<\/p>\n\n\n\n<p>El \u00d3rgano de Control contratado por la Denominaci\u00f3n para la certificaci\u00f3n de Txakoli es la Fundaci\u00f3n HAZI que, junto con el Consejo Regulador, vela por el cumplimiento de la normativa establecida de cara a asegurar la calidad del producto.<\/p>\n<\/div>\n","protected":false},"excerpt":{"rendered":"<p>El pasado 17 de enero tuvo lugar la presentaci\u00f3n de la cosecha 2024, 35\u00ba cosecha que sale con nuestro Precinto de Garant\u00eda Numerado. Con una producci\u00f3n de 2.500.000 litros, saldr\u00e1n al mercado unas 3.200.000 botellas de Getariako Txakolina. Como cada a\u00f1o, coincidiendo con la festividad de San Ant\u00f3n, la presentaci\u00f3n reuni\u00f3 a instituciones y bodegas &#8230; <a title=\"Presentaci\u00f3n de la 35 cosecha de Getariako Txakolina durante la fiesta de San Ant\u00f3n en Getaria\" class=\"read-more\" href=\"https:\/\/www.getariakotxakolina.eus\/es\/presentacion-cosecha-2024-de-getariako-txakolina\/\" aria-label=\"Leer m\u00e1s sobre Presentaci\u00f3n de la 35 cosecha de Getariako Txakolina durante la fiesta de San Ant\u00f3n en Getaria\">Leer m\u00e1s<\/a><\/p>\n","protected":false},"author":1,"featured_media":13640,"comment_status":"closed","ping_status":"open","sticky":false,"template":"","format":"standard","meta":{"_acf_changed":false,"footnotes":""},"categories":[27],"tags":[],"class_list":["post-13639","post","type-post","status-publish","format-standard","has-post-thumbnail","hentry","category-noticias","resize-featured-image"],"acf":[],"yoast_head":"<!-- This site is optimized with the Yoast SEO plugin v27.4 - https:\/\/yoast.com\/product\/yoast-seo-wordpress\/ -->\n<title>Presentaci\u00f3n de la 35 cosecha de Getariako Txakolina durante la fiesta de San Ant\u00f3n en Getaria - Getariako Txakolina<\/title>\n<meta name=\"description\" content=\"El pasado 17 de enero se present\u00f3 la cosecha 2024, cosecha 35, que sale con nuestro Sello Garant\u00eda Numerada.\" \/>\n<meta name=\"robots\" content=\"index, follow, max-snippet:-1, max-image-preview:large, max-video-preview:-1\" \/>\n<link rel=\"canonical\" href=\"https:\/\/www.getariakotxakolina.eus\/es\/presentacion-cosecha-2024-de-getariako-txakolina\/\" \/>\n<meta property=\"og:locale\" content=\"es_ES\" \/>\n<meta property=\"og:type\" content=\"article\" \/>\n<meta property=\"og:title\" content=\"Presentaci\u00f3n de la 35 cosecha de Getariako Txakolina durante la fiesta de San Ant\u00f3n en Getaria - Getariako Txakolina\" \/>\n<meta property=\"og:description\" content=\"El pasado 17 de enero se present\u00f3 la cosecha 2024, cosecha 35, que sale con nuestro Sello Garant\u00eda Numerada.\" \/>\n<meta property=\"og:url\" content=\"https:\/\/www.getariakotxakolina.eus\/es\/presentacion-cosecha-2024-de-getariako-txakolina\/\" \/>\n<meta property=\"og:site_name\" content=\"Getariako Txakolina\" \/>\n<meta property=\"article:publisher\" content=\"https:\/\/www.facebook.com\/GetariakoTxakolinaDO\/\" \/>\n<meta property=\"article:published_time\" content=\"2025-01-23T15:06:00+00:00\" \/>\n<meta property=\"article:modified_time\" content=\"2025-12-23T15:11:00+00:00\" \/>\n<meta property=\"og:image\" content=\"https:\/\/www.getariakotxakolina.eus\/wp-content\/uploads\/2025\/11\/Getariako-Txakolinaren-35-uztaren-aurkezpena-Getariako-San-Anton-Egunean-portada.jpg\" \/>\n\t<meta property=\"og:image:width\" content=\"1920\" \/>\n\t<meta property=\"og:image:height\" content=\"1280\" \/>\n\t<meta property=\"og:image:type\" content=\"image\/jpeg\" \/>\n<meta name=\"author\" content=\"Sergio\" \/>\n<meta name=\"twitter:card\" content=\"summary_large_image\" \/>\n<meta name=\"twitter:label1\" content=\"Escrito por\" \/>\n\t<meta name=\"twitter:data1\" content=\"Sergio\" \/>\n\t<meta name=\"twitter:label2\" content=\"Tiempo de lectura\" \/>\n\t<meta name=\"twitter:data2\" content=\"5 minutos\" \/>\n<script type=\"application\/ld+json\" class=\"yoast-schema-graph\">{\"@context\":\"https:\\\/\\\/schema.org\",\"@graph\":[{\"@type\":\"Article\",\"@id\":\"https:\\\/\\\/www.getariakotxakolina.eus\\\/es\\\/presentacion-cosecha-2024-de-getariako-txakolina\\\/#article\",\"isPartOf\":{\"@id\":\"https:\\\/\\\/www.getariakotxakolina.eus\\\/es\\\/presentacion-cosecha-2024-de-getariako-txakolina\\\/\"},\"author\":{\"name\":\"Sergio\",\"@id\":\"https:\\\/\\\/www.getariakotxakolina.eus\\\/es\\\/#\\\/schema\\\/person\\\/a5e5ff3c3ef2b02a49c0908e58468d2e\"},\"headline\":\"Presentaci\u00f3n de la 35 cosecha de Getariako Txakolina durante la fiesta de San Ant\u00f3n en Getaria\",\"datePublished\":\"2025-01-23T15:06:00+00:00\",\"dateModified\":\"2025-12-23T15:11:00+00:00\",\"mainEntityOfPage\":{\"@id\":\"https:\\\/\\\/www.getariakotxakolina.eus\\\/es\\\/presentacion-cosecha-2024-de-getariako-txakolina\\\/\"},\"wordCount\":917,\"publisher\":{\"@id\":\"https:\\\/\\\/www.getariakotxakolina.eus\\\/es\\\/#organization\"},\"image\":{\"@id\":\"https:\\\/\\\/www.getariakotxakolina.eus\\\/es\\\/presentacion-cosecha-2024-de-getariako-txakolina\\\/#primaryimage\"},\"thumbnailUrl\":\"https:\\\/\\\/www.getariakotxakolina.eus\\\/wp-content\\\/uploads\\\/2025\\\/11\\\/Getariako-Txakolinaren-35-uztaren-aurkezpena-Getariako-San-Anton-Egunean-portada.jpg\",\"articleSection\":[\"Noticias\"],\"inLanguage\":\"es\"},{\"@type\":\"WebPage\",\"@id\":\"https:\\\/\\\/www.getariakotxakolina.eus\\\/es\\\/presentacion-cosecha-2024-de-getariako-txakolina\\\/\",\"url\":\"https:\\\/\\\/www.getariakotxakolina.eus\\\/es\\\/presentacion-cosecha-2024-de-getariako-txakolina\\\/\",\"name\":\"Presentaci\u00f3n de la 35 cosecha de Getariako Txakolina durante la fiesta de San Ant\u00f3n en Getaria - Getariako Txakolina\",\"isPartOf\":{\"@id\":\"https:\\\/\\\/www.getariakotxakolina.eus\\\/es\\\/#website\"},\"primaryImageOfPage\":{\"@id\":\"https:\\\/\\\/www.getariakotxakolina.eus\\\/es\\\/presentacion-cosecha-2024-de-getariako-txakolina\\\/#primaryimage\"},\"image\":{\"@id\":\"https:\\\/\\\/www.getariakotxakolina.eus\\\/es\\\/presentacion-cosecha-2024-de-getariako-txakolina\\\/#primaryimage\"},\"thumbnailUrl\":\"https:\\\/\\\/www.getariakotxakolina.eus\\\/wp-content\\\/uploads\\\/2025\\\/11\\\/Getariako-Txakolinaren-35-uztaren-aurkezpena-Getariako-San-Anton-Egunean-portada.jpg\",\"datePublished\":\"2025-01-23T15:06:00+00:00\",\"dateModified\":\"2025-12-23T15:11:00+00:00\",\"description\":\"El pasado 17 de enero se present\u00f3 la cosecha 2024, cosecha 35, que sale con nuestro Sello Garant\u00eda Numerada.\",\"breadcrumb\":{\"@id\":\"https:\\\/\\\/www.getariakotxakolina.eus\\\/es\\\/presentacion-cosecha-2024-de-getariako-txakolina\\\/#breadcrumb\"},\"inLanguage\":\"es\",\"potentialAction\":[{\"@type\":\"ReadAction\",\"target\":[\"https:\\\/\\\/www.getariakotxakolina.eus\\\/es\\\/presentacion-cosecha-2024-de-getariako-txakolina\\\/\"]}]},{\"@type\":\"ImageObject\",\"inLanguage\":\"es\",\"@id\":\"https:\\\/\\\/www.getariakotxakolina.eus\\\/es\\\/presentacion-cosecha-2024-de-getariako-txakolina\\\/#primaryimage\",\"url\":\"https:\\\/\\\/www.getariakotxakolina.eus\\\/wp-content\\\/uploads\\\/2025\\\/11\\\/Getariako-Txakolinaren-35-uztaren-aurkezpena-Getariako-San-Anton-Egunean-portada.jpg\",\"contentUrl\":\"https:\\\/\\\/www.getariakotxakolina.eus\\\/wp-content\\\/uploads\\\/2025\\\/11\\\/Getariako-Txakolinaren-35-uztaren-aurkezpena-Getariako-San-Anton-Egunean-portada.jpg\",\"width\":1920,\"height\":1280,\"caption\":\"Getariako Txakolinaren 35 uztaren aurkezpena Getariako San Anton Egunean - portada\"},{\"@type\":\"BreadcrumbList\",\"@id\":\"https:\\\/\\\/www.getariakotxakolina.eus\\\/es\\\/presentacion-cosecha-2024-de-getariako-txakolina\\\/#breadcrumb\",\"itemListElement\":[{\"@type\":\"ListItem\",\"position\":1,\"name\":\"Portada\",\"item\":\"https:\\\/\\\/www.getariakotxakolina.eus\\\/es\\\/\"},{\"@type\":\"ListItem\",\"position\":2,\"name\":\"Presentaci\u00f3n de la 35 cosecha de Getariako Txakolina durante la fiesta de San Ant\u00f3n en Getaria\"}]},{\"@type\":\"WebSite\",\"@id\":\"https:\\\/\\\/www.getariakotxakolina.eus\\\/es\\\/#website\",\"url\":\"https:\\\/\\\/www.getariakotxakolina.eus\\\/es\\\/\",\"name\":\"Txakol\u00ed de Getaria vino blanco con D.O. Getariako txakolina\",\"description\":\"El txakoli Denominaci\u00f3n de Origen Getariako Txakolina es un vino joven de graduaci\u00f3n moderada y equilibrada acidez.\",\"publisher\":{\"@id\":\"https:\\\/\\\/www.getariakotxakolina.eus\\\/es\\\/#organization\"},\"alternateName\":\"Getariako txakolina\",\"potentialAction\":[{\"@type\":\"SearchAction\",\"target\":{\"@type\":\"EntryPoint\",\"urlTemplate\":\"https:\\\/\\\/www.getariakotxakolina.eus\\\/es\\\/?s={search_term_string}\"},\"query-input\":{\"@type\":\"PropertyValueSpecification\",\"valueRequired\":true,\"valueName\":\"search_term_string\"}}],\"inLanguage\":\"es\"},{\"@type\":\"Organization\",\"@id\":\"https:\\\/\\\/www.getariakotxakolina.eus\\\/es\\\/#organization\",\"name\":\"Getariako Txakolina\",\"alternateName\":\"Getariako Txakolina\",\"url\":\"https:\\\/\\\/www.getariakotxakolina.eus\\\/es\\\/\",\"logo\":{\"@type\":\"ImageObject\",\"inLanguage\":\"es\",\"@id\":\"https:\\\/\\\/www.getariakotxakolina.eus\\\/es\\\/#\\\/schema\\\/logo\\\/image\\\/\",\"url\":\"https:\\\/\\\/www.getariakotxakolina.eus\\\/wp-content\\\/uploads\\\/2025\\\/07\\\/Getariako-Txakolina-Logo.svg\",\"contentUrl\":\"https:\\\/\\\/www.getariakotxakolina.eus\\\/wp-content\\\/uploads\\\/2025\\\/07\\\/Getariako-Txakolina-Logo.svg\",\"width\":417,\"height\":83,\"caption\":\"Getariako Txakolina\"},\"image\":{\"@id\":\"https:\\\/\\\/www.getariakotxakolina.eus\\\/es\\\/#\\\/schema\\\/logo\\\/image\\\/\"},\"sameAs\":[\"https:\\\/\\\/www.facebook.com\\\/GetariakoTxakolinaDO\\\/\",\"https:\\\/\\\/www.instagram.com\\\/getariakotxakolina_do\\\/\"]},{\"@type\":\"Person\",\"@id\":\"https:\\\/\\\/www.getariakotxakolina.eus\\\/es\\\/#\\\/schema\\\/person\\\/a5e5ff3c3ef2b02a49c0908e58468d2e\",\"name\":\"Sergio\",\"image\":{\"@type\":\"ImageObject\",\"inLanguage\":\"es\",\"@id\":\"https:\\\/\\\/secure.gravatar.com\\\/avatar\\\/a7d1b444c33a3e9943bfdc51e89ddc19ba81f816f205cf49c0f1113bad811a11?s=96&d=mm&r=g\",\"url\":\"https:\\\/\\\/secure.gravatar.com\\\/avatar\\\/a7d1b444c33a3e9943bfdc51e89ddc19ba81f816f205cf49c0f1113bad811a11?s=96&d=mm&r=g\",\"contentUrl\":\"https:\\\/\\\/secure.gravatar.com\\\/avatar\\\/a7d1b444c33a3e9943bfdc51e89ddc19ba81f816f205cf49c0f1113bad811a11?s=96&d=mm&r=g\",\"caption\":\"Sergio\"},\"sameAs\":[\"https:\\\/\\\/wordpress-958700-4452977.cloudwaysapps.com\"]}]}<\/script>\n<!-- \/ Yoast SEO plugin. -->","yoast_head_json":{"title":"Presentaci\u00f3n de la 35 cosecha de Getariako Txakolina durante la fiesta de San Ant\u00f3n en Getaria - Getariako Txakolina","description":"El pasado 17 de enero se present\u00f3 la cosecha 2024, cosecha 35, que sale con nuestro Sello Garant\u00eda Numerada.","robots":{"index":"index","follow":"follow","max-snippet":"max-snippet:-1","max-image-preview":"max-image-preview:large","max-video-preview":"max-video-preview:-1"},"canonical":"https:\/\/www.getariakotxakolina.eus\/es\/presentacion-cosecha-2024-de-getariako-txakolina\/","og_locale":"es_ES","og_type":"article","og_title":"Presentaci\u00f3n de la 35 cosecha de Getariako Txakolina durante la fiesta de San Ant\u00f3n en Getaria - Getariako Txakolina","og_description":"El pasado 17 de enero se present\u00f3 la cosecha 2024, cosecha 35, que sale con nuestro Sello Garant\u00eda Numerada.","og_url":"https:\/\/www.getariakotxakolina.eus\/es\/presentacion-cosecha-2024-de-getariako-txakolina\/","og_site_name":"Getariako Txakolina","article_publisher":"https:\/\/www.facebook.com\/GetariakoTxakolinaDO\/","article_published_time":"2025-01-23T15:06:00+00:00","article_modified_time":"2025-12-23T15:11:00+00:00","og_image":[{"width":1920,"height":1280,"url":"https:\/\/www.getariakotxakolina.eus\/wp-content\/uploads\/2025\/11\/Getariako-Txakolinaren-35-uztaren-aurkezpena-Getariako-San-Anton-Egunean-portada.jpg","type":"image\/jpeg"}],"author":"Sergio","twitter_card":"summary_large_image","twitter_misc":{"Escrito por":"Sergio","Tiempo de lectura":"5 minutos"},"schema":{"@context":"https:\/\/schema.org","@graph":[{"@type":"Article","@id":"https:\/\/www.getariakotxakolina.eus\/es\/presentacion-cosecha-2024-de-getariako-txakolina\/#article","isPartOf":{"@id":"https:\/\/www.getariakotxakolina.eus\/es\/presentacion-cosecha-2024-de-getariako-txakolina\/"},"author":{"name":"Sergio","@id":"https:\/\/www.getariakotxakolina.eus\/es\/#\/schema\/person\/a5e5ff3c3ef2b02a49c0908e58468d2e"},"headline":"Presentaci\u00f3n de la 35 cosecha de Getariako Txakolina durante la fiesta de San Ant\u00f3n en Getaria","datePublished":"2025-01-23T15:06:00+00:00","dateModified":"2025-12-23T15:11:00+00:00","mainEntityOfPage":{"@id":"https:\/\/www.getariakotxakolina.eus\/es\/presentacion-cosecha-2024-de-getariako-txakolina\/"},"wordCount":917,"publisher":{"@id":"https:\/\/www.getariakotxakolina.eus\/es\/#organization"},"image":{"@id":"https:\/\/www.getariakotxakolina.eus\/es\/presentacion-cosecha-2024-de-getariako-txakolina\/#primaryimage"},"thumbnailUrl":"https:\/\/www.getariakotxakolina.eus\/wp-content\/uploads\/2025\/11\/Getariako-Txakolinaren-35-uztaren-aurkezpena-Getariako-San-Anton-Egunean-portada.jpg","articleSection":["Noticias"],"inLanguage":"es"},{"@type":"WebPage","@id":"https:\/\/www.getariakotxakolina.eus\/es\/presentacion-cosecha-2024-de-getariako-txakolina\/","url":"https:\/\/www.getariakotxakolina.eus\/es\/presentacion-cosecha-2024-de-getariako-txakolina\/","name":"Presentaci\u00f3n de la 35 cosecha de Getariako Txakolina durante la fiesta de San Ant\u00f3n en Getaria - Getariako Txakolina","isPartOf":{"@id":"https:\/\/www.getariakotxakolina.eus\/es\/#website"},"primaryImageOfPage":{"@id":"https:\/\/www.getariakotxakolina.eus\/es\/presentacion-cosecha-2024-de-getariako-txakolina\/#primaryimage"},"image":{"@id":"https:\/\/www.getariakotxakolina.eus\/es\/presentacion-cosecha-2024-de-getariako-txakolina\/#primaryimage"},"thumbnailUrl":"https:\/\/www.getariakotxakolina.eus\/wp-content\/uploads\/2025\/11\/Getariako-Txakolinaren-35-uztaren-aurkezpena-Getariako-San-Anton-Egunean-portada.jpg","datePublished":"2025-01-23T15:06:00+00:00","dateModified":"2025-12-23T15:11:00+00:00","description":"El pasado 17 de enero se present\u00f3 la cosecha 2024, cosecha 35, que sale con nuestro Sello Garant\u00eda Numerada.","breadcrumb":{"@id":"https:\/\/www.getariakotxakolina.eus\/es\/presentacion-cosecha-2024-de-getariako-txakolina\/#breadcrumb"},"inLanguage":"es","potentialAction":[{"@type":"ReadAction","target":["https:\/\/www.getariakotxakolina.eus\/es\/presentacion-cosecha-2024-de-getariako-txakolina\/"]}]},{"@type":"ImageObject","inLanguage":"es","@id":"https:\/\/www.getariakotxakolina.eus\/es\/presentacion-cosecha-2024-de-getariako-txakolina\/#primaryimage","url":"https:\/\/www.getariakotxakolina.eus\/wp-content\/uploads\/2025\/11\/Getariako-Txakolinaren-35-uztaren-aurkezpena-Getariako-San-Anton-Egunean-portada.jpg","contentUrl":"https:\/\/www.getariakotxakolina.eus\/wp-content\/uploads\/2025\/11\/Getariako-Txakolinaren-35-uztaren-aurkezpena-Getariako-San-Anton-Egunean-portada.jpg","width":1920,"height":1280,"caption":"Getariako Txakolinaren 35 uztaren aurkezpena Getariako San Anton Egunean - portada"},{"@type":"BreadcrumbList","@id":"https:\/\/www.getariakotxakolina.eus\/es\/presentacion-cosecha-2024-de-getariako-txakolina\/#breadcrumb","itemListElement":[{"@type":"ListItem","position":1,"name":"Portada","item":"https:\/\/www.getariakotxakolina.eus\/es\/"},{"@type":"ListItem","position":2,"name":"Presentaci\u00f3n de la 35 cosecha de Getariako Txakolina durante la fiesta de San Ant\u00f3n en Getaria"}]},{"@type":"WebSite","@id":"https:\/\/www.getariakotxakolina.eus\/es\/#website","url":"https:\/\/www.getariakotxakolina.eus\/es\/","name":"Txakol\u00ed de Getaria vino blanco con D.O. Getariako txakolina","description":"El txakoli Denominaci\u00f3n de Origen Getariako Txakolina es un vino joven de graduaci\u00f3n moderada y equilibrada acidez.","publisher":{"@id":"https:\/\/www.getariakotxakolina.eus\/es\/#organization"},"alternateName":"Getariako txakolina","potentialAction":[{"@type":"SearchAction","target":{"@type":"EntryPoint","urlTemplate":"https:\/\/www.getariakotxakolina.eus\/es\/?s={search_term_string}"},"query-input":{"@type":"PropertyValueSpecification","valueRequired":true,"valueName":"search_term_string"}}],"inLanguage":"es"},{"@type":"Organization","@id":"https:\/\/www.getariakotxakolina.eus\/es\/#organization","name":"Getariako Txakolina","alternateName":"Getariako Txakolina","url":"https:\/\/www.getariakotxakolina.eus\/es\/","logo":{"@type":"ImageObject","inLanguage":"es","@id":"https:\/\/www.getariakotxakolina.eus\/es\/#\/schema\/logo\/image\/","url":"https:\/\/www.getariakotxakolina.eus\/wp-content\/uploads\/2025\/07\/Getariako-Txakolina-Logo.svg","contentUrl":"https:\/\/www.getariakotxakolina.eus\/wp-content\/uploads\/2025\/07\/Getariako-Txakolina-Logo.svg","width":417,"height":83,"caption":"Getariako Txakolina"},"image":{"@id":"https:\/\/www.getariakotxakolina.eus\/es\/#\/schema\/logo\/image\/"},"sameAs":["https:\/\/www.facebook.com\/GetariakoTxakolinaDO\/","https:\/\/www.instagram.com\/getariakotxakolina_do\/"]},{"@type":"Person","@id":"https:\/\/www.getariakotxakolina.eus\/es\/#\/schema\/person\/a5e5ff3c3ef2b02a49c0908e58468d2e","name":"Sergio","image":{"@type":"ImageObject","inLanguage":"es","@id":"https:\/\/secure.gravatar.com\/avatar\/a7d1b444c33a3e9943bfdc51e89ddc19ba81f816f205cf49c0f1113bad811a11?s=96&d=mm&r=g","url":"https:\/\/secure.gravatar.com\/avatar\/a7d1b444c33a3e9943bfdc51e89ddc19ba81f816f205cf49c0f1113bad811a11?s=96&d=mm&r=g","contentUrl":"https:\/\/secure.gravatar.com\/avatar\/a7d1b444c33a3e9943bfdc51e89ddc19ba81f816f205cf49c0f1113bad811a11?s=96&d=mm&r=g","caption":"Sergio"},"sameAs":["https:\/\/wordpress-958700-4452977.cloudwaysapps.com"]}]}},"_links":{"self":[{"href":"https:\/\/www.getariakotxakolina.eus\/es\/wp-json\/wp\/v2\/posts\/13639","targetHints":{"allow":["GET"]}}],"collection":[{"href":"https:\/\/www.getariakotxakolina.eus\/es\/wp-json\/wp\/v2\/posts"}],"about":[{"href":"https:\/\/www.getariakotxakolina.eus\/es\/wp-json\/wp\/v2\/types\/post"}],"author":[{"embeddable":true,"href":"https:\/\/www.getariakotxakolina.eus\/es\/wp-json\/wp\/v2\/users\/1"}],"replies":[{"embeddable":true,"href":"https:\/\/www.getariakotxakolina.eus\/es\/wp-json\/wp\/v2\/comments?post=13639"}],"version-history":[{"count":0,"href":"https:\/\/www.getariakotxakolina.eus\/es\/wp-json\/wp\/v2\/posts\/13639\/revisions"}],"wp:featuredmedia":[{"embeddable":true,"href":"https:\/\/www.getariakotxakolina.eus\/es\/wp-json\/wp\/v2\/media\/13640"}],"wp:attachment":[{"href":"https:\/\/www.getariakotxakolina.eus\/es\/wp-json\/wp\/v2\/media?parent=13639"}],"wp:term":[{"taxonomy":"category","embeddable":true,"href":"https:\/\/www.getariakotxakolina.eus\/es\/wp-json\/wp\/v2\/categories?post=13639"},{"taxonomy":"post_tag","embeddable":true,"href":"https:\/\/www.getariakotxakolina.eus\/es\/wp-json\/wp\/v2\/tags?post=13639"}],"curies":[{"name":"wp","href":"https:\/\/api.w.org\/{rel}","templated":true}]}}