{"id":14449,"date":"2025-03-13T17:52:48","date_gmt":"2025-03-13T16:52:48","guid":{"rendered":"https:\/\/www.getariakotxakolina.eus\/el-txakoli-de-getaria-estara-presente-en-la-feria-prowein-dusseldorf-2025\/"},"modified":"2025-12-26T14:08:47","modified_gmt":"2025-12-26T13:08:47","slug":"getaria-txakoli-will-be-present-at-the-prowein-dusseldorf-2025-fair","status":"publish","type":"post","link":"https:\/\/www.getariakotxakolina.eus\/en\/getaria-txakoli-will-be-present-at-the-prowein-dusseldorf-2025-fair\/","title":{"rendered":"Getaria Txakoli will be present at the ProWein D\u00fcsseldorf 2025 fair"},"content":{"rendered":"<div class=\"gb-container gb-container-1e03cf88 contenedor-blog\">\n\n<p class=\"gb-headline gb-headline-f9175f37 gb-headline-text destacado-blog\">Once again this year, Getariako Txakolina will be present at the ProWein D\u00fcsseldorf international wine fair, which will take place from 16 to 18 March 2025, with the Txomin Etxaniz, Hika and Hiruzta wineries. A meeting that provides an excellent opportunity to continue promoting Getaria\u2019s Txakoli in the international market.<\/p>\n\n\n\n<p>In the 2025 edition,&nbsp;<a href=\"https:\/\/www.prowein.com\/\" target=\"_blank\" rel=\"noreferrer noopener\">ProWein<\/a>&nbsp;will bring together more than 6,000 exhibitors from 62 countries in D\u00fcsseldorf. A meeting point where producers, distributors, sommeliers and other professionals in the sector will be able to learn about the latest trends in the world of wine.<\/p>\n\n\n\n<p>Txakoli from Getaria will be exhibited alongside the Txomin Etxaniz, Hika, and Hiruzta wineries, within the international wine pavilion at the Basque Wine Stand, which brings together beverages from the Basque Country.<\/p>\n\n\n\n<p>Visitors will have the opportunity to discover Txakoli from Getaria, a wine made from Hondarrabi Zuri and Hondarrabi Beltza, native varieties that give txakoli its personality and uniqueness.d.<\/p>\n\n\n\n<h2 class=\"gb-headline gb-headline-f8645e6d gb-headline-text h2-blog\">Euskadi Basque Country Stand &#8211; Basque Wine<\/h2>\n\n\n\n<p>HALL 11 STANDS A04 \/ B02<br>Hall 11 &#8211; Messe D\u00fcsseldorf<br>Stockumer Kirchstrasse 61,<br>40474 D\u00fcsseldorf<\/p>\n\n<\/div>","protected":false},"excerpt":{"rendered":"<p>Once again this year, Getariako Txakolina will be present at the ProWein D\u00fcsseldorf international wine fair, which will take place from 16 to 18 March 2025, with the Txomin Etxaniz, Hika and Hiruzta wineries. A meeting that provides an excellent opportunity to continue promoting Getaria\u2019s Txakoli in the international market. In the 2025 edition,&nbsp;ProWein&nbsp;will bring &#8230; <a title=\"Getaria Txakoli will be present at the ProWein D\u00fcsseldorf 2025 fair\" class=\"read-more\" href=\"https:\/\/www.getariakotxakolina.eus\/en\/getaria-txakoli-will-be-present-at-the-prowein-dusseldorf-2025-fair\/\" aria-label=\"Read more about Getaria Txakoli will be present at the ProWein D\u00fcsseldorf 2025 fair\">Read more<\/a><\/p>\n","protected":false},"author":1,"featured_media":14454,"comment_status":"closed","ping_status":"open","sticky":false,"template":"","format":"standard","meta":{"_acf_changed":false,"footnotes":""},"categories":[30],"tags":[],"class_list":["post-14449","post","type-post","status-publish","format-standard","has-post-thumbnail","hentry","category-berriak","resize-featured-image"],"acf":[],"yoast_head":"<!-- This site is optimized with the Yoast SEO plugin v27.4 - https:\/\/yoast.com\/product\/yoast-seo-wordpress\/ -->\n<title>Getaria txakoli will be present at ProWein D\u00fcsseldorf 2025<\/title>\n<meta name=\"description\" content=\"Once again, Txakoli from Getaria will be present at the ProWein D\u00fcsseldorf international wine fair, which will be held from March 16 to 18, 2025.\" \/>\n<meta name=\"robots\" content=\"index, follow, max-snippet:-1, max-image-preview:large, max-video-preview:-1\" \/>\n<link rel=\"canonical\" href=\"https:\/\/www.getariakotxakolina.eus\/en\/getaria-txakoli-will-be-present-at-the-prowein-dusseldorf-2025-fair\/\" \/>\n<meta property=\"og:locale\" content=\"en_US\" \/>\n<meta property=\"og:type\" content=\"article\" \/>\n<meta property=\"og:title\" content=\"Getaria txakoli will be present at ProWein D\u00fcsseldorf 2025\" \/>\n<meta property=\"og:description\" content=\"Once again, Txakoli from Getaria will be present at the ProWein D\u00fcsseldorf international wine fair, which will be held from March 16 to 18, 2025.\" \/>\n<meta property=\"og:url\" content=\"https:\/\/www.getariakotxakolina.eus\/en\/getaria-txakoli-will-be-present-at-the-prowein-dusseldorf-2025-fair\/\" \/>\n<meta property=\"og:site_name\" content=\"Getariako Txakolina\" \/>\n<meta property=\"article:publisher\" content=\"https:\/\/www.facebook.com\/GetariakoTxakolinaDO\/\" \/>\n<meta property=\"article:published_time\" content=\"2025-03-13T16:52:48+00:00\" \/>\n<meta property=\"article:modified_time\" content=\"2025-12-26T13:08:47+00:00\" \/>\n<meta property=\"og:image\" content=\"https:\/\/www.getariakotxakolina.eus\/wp-content\/uploads\/2025\/03\/Txakoli-Getaria-at-Prowein-Dusseldorf.jpg\" \/>\n\t<meta property=\"og:image:width\" content=\"1500\" \/>\n\t<meta property=\"og:image:height\" content=\"1000\" \/>\n\t<meta property=\"og:image:type\" content=\"image\/jpeg\" \/>\n<meta name=\"author\" content=\"Sergio\" \/>\n<meta name=\"twitter:card\" content=\"summary_large_image\" \/>\n<meta name=\"twitter:label1\" content=\"Written by\" \/>\n\t<meta name=\"twitter:data1\" content=\"Sergio\" \/>\n\t<meta name=\"twitter:label2\" content=\"Est. reading time\" \/>\n\t<meta name=\"twitter:data2\" content=\"2 minutes\" \/>\n<script type=\"application\/ld+json\" class=\"yoast-schema-graph\">{\"@context\":\"https:\\\/\\\/schema.org\",\"@graph\":[{\"@type\":\"Article\",\"@id\":\"https:\\\/\\\/www.getariakotxakolina.eus\\\/en\\\/getaria-txakoli-will-be-present-at-the-prowein-dusseldorf-2025-fair\\\/#article\",\"isPartOf\":{\"@id\":\"https:\\\/\\\/www.getariakotxakolina.eus\\\/en\\\/getaria-txakoli-will-be-present-at-the-prowein-dusseldorf-2025-fair\\\/\"},\"author\":{\"name\":\"Sergio\",\"@id\":\"https:\\\/\\\/www.getariakotxakolina.eus\\\/en\\\/#\\\/schema\\\/person\\\/a5e5ff3c3ef2b02a49c0908e58468d2e\"},\"headline\":\"Getaria Txakoli will be present at the ProWein D\u00fcsseldorf 2025 fair\",\"datePublished\":\"2025-03-13T16:52:48+00:00\",\"dateModified\":\"2025-12-26T13:08:47+00:00\",\"mainEntityOfPage\":{\"@id\":\"https:\\\/\\\/www.getariakotxakolina.eus\\\/en\\\/getaria-txakoli-will-be-present-at-the-prowein-dusseldorf-2025-fair\\\/\"},\"wordCount\":184,\"publisher\":{\"@id\":\"https:\\\/\\\/www.getariakotxakolina.eus\\\/en\\\/#organization\"},\"image\":{\"@id\":\"https:\\\/\\\/www.getariakotxakolina.eus\\\/en\\\/getaria-txakoli-will-be-present-at-the-prowein-dusseldorf-2025-fair\\\/#primaryimage\"},\"thumbnailUrl\":\"https:\\\/\\\/www.getariakotxakolina.eus\\\/wp-content\\\/uploads\\\/2025\\\/03\\\/Txakoli-Getaria-at-Prowein-Dusseldorf.jpg\",\"articleSection\":[\"News\"],\"inLanguage\":\"en-US\"},{\"@type\":\"WebPage\",\"@id\":\"https:\\\/\\\/www.getariakotxakolina.eus\\\/en\\\/getaria-txakoli-will-be-present-at-the-prowein-dusseldorf-2025-fair\\\/\",\"url\":\"https:\\\/\\\/www.getariakotxakolina.eus\\\/en\\\/getaria-txakoli-will-be-present-at-the-prowein-dusseldorf-2025-fair\\\/\",\"name\":\"Getaria txakoli will be present at ProWein D\u00fcsseldorf 2025\",\"isPartOf\":{\"@id\":\"https:\\\/\\\/www.getariakotxakolina.eus\\\/en\\\/#website\"},\"primaryImageOfPage\":{\"@id\":\"https:\\\/\\\/www.getariakotxakolina.eus\\\/en\\\/getaria-txakoli-will-be-present-at-the-prowein-dusseldorf-2025-fair\\\/#primaryimage\"},\"image\":{\"@id\":\"https:\\\/\\\/www.getariakotxakolina.eus\\\/en\\\/getaria-txakoli-will-be-present-at-the-prowein-dusseldorf-2025-fair\\\/#primaryimage\"},\"thumbnailUrl\":\"https:\\\/\\\/www.getariakotxakolina.eus\\\/wp-content\\\/uploads\\\/2025\\\/03\\\/Txakoli-Getaria-at-Prowein-Dusseldorf.jpg\",\"datePublished\":\"2025-03-13T16:52:48+00:00\",\"dateModified\":\"2025-12-26T13:08:47+00:00\",\"description\":\"Once again, Txakoli from Getaria will be present at the ProWein D\u00fcsseldorf international wine fair, which will be held from March 16 to 18, 2025.\",\"breadcrumb\":{\"@id\":\"https:\\\/\\\/www.getariakotxakolina.eus\\\/en\\\/getaria-txakoli-will-be-present-at-the-prowein-dusseldorf-2025-fair\\\/#breadcrumb\"},\"inLanguage\":\"en-US\",\"potentialAction\":[{\"@type\":\"ReadAction\",\"target\":[\"https:\\\/\\\/www.getariakotxakolina.eus\\\/en\\\/getaria-txakoli-will-be-present-at-the-prowein-dusseldorf-2025-fair\\\/\"]}]},{\"@type\":\"ImageObject\",\"inLanguage\":\"en-US\",\"@id\":\"https:\\\/\\\/www.getariakotxakolina.eus\\\/en\\\/getaria-txakoli-will-be-present-at-the-prowein-dusseldorf-2025-fair\\\/#primaryimage\",\"url\":\"https:\\\/\\\/www.getariakotxakolina.eus\\\/wp-content\\\/uploads\\\/2025\\\/03\\\/Txakoli-Getaria-at-Prowein-Dusseldorf.jpg\",\"contentUrl\":\"https:\\\/\\\/www.getariakotxakolina.eus\\\/wp-content\\\/uploads\\\/2025\\\/03\\\/Txakoli-Getaria-at-Prowein-Dusseldorf.jpg\",\"width\":1500,\"height\":1000,\"caption\":\"Txakoli Getaria at Prowein Dusseldorf\"},{\"@type\":\"BreadcrumbList\",\"@id\":\"https:\\\/\\\/www.getariakotxakolina.eus\\\/en\\\/getaria-txakoli-will-be-present-at-the-prowein-dusseldorf-2025-fair\\\/#breadcrumb\",\"itemListElement\":[{\"@type\":\"ListItem\",\"position\":1,\"name\":\"Portada\",\"item\":\"https:\\\/\\\/www.getariakotxakolina.eus\\\/en\\\/\"},{\"@type\":\"ListItem\",\"position\":2,\"name\":\"Getaria Txakoli will be present at the ProWein D\u00fcsseldorf 2025 fair\"}]},{\"@type\":\"WebSite\",\"@id\":\"https:\\\/\\\/www.getariakotxakolina.eus\\\/en\\\/#website\",\"url\":\"https:\\\/\\\/www.getariakotxakolina.eus\\\/en\\\/\",\"name\":\"Txakol\u00ed de Getaria vino blanco con D.O. Getariako txakolina\",\"description\":\"El txakoli Denominaci\u00f3n de Origen Getariako Txakolina es un vino joven de graduaci\u00f3n moderada y equilibrada acidez.\",\"publisher\":{\"@id\":\"https:\\\/\\\/www.getariakotxakolina.eus\\\/en\\\/#organization\"},\"alternateName\":\"Getariako txakolina\",\"potentialAction\":[{\"@type\":\"SearchAction\",\"target\":{\"@type\":\"EntryPoint\",\"urlTemplate\":\"https:\\\/\\\/www.getariakotxakolina.eus\\\/en\\\/?s={search_term_string}\"},\"query-input\":{\"@type\":\"PropertyValueSpecification\",\"valueRequired\":true,\"valueName\":\"search_term_string\"}}],\"inLanguage\":\"en-US\"},{\"@type\":\"Organization\",\"@id\":\"https:\\\/\\\/www.getariakotxakolina.eus\\\/en\\\/#organization\",\"name\":\"Getariako Txakolina\",\"alternateName\":\"Getariako Txakolina\",\"url\":\"https:\\\/\\\/www.getariakotxakolina.eus\\\/en\\\/\",\"logo\":{\"@type\":\"ImageObject\",\"inLanguage\":\"en-US\",\"@id\":\"https:\\\/\\\/www.getariakotxakolina.eus\\\/en\\\/#\\\/schema\\\/logo\\\/image\\\/\",\"url\":\"https:\\\/\\\/www.getariakotxakolina.eus\\\/wp-content\\\/uploads\\\/2025\\\/07\\\/Getariako-Txakolina-Logo.svg\",\"contentUrl\":\"https:\\\/\\\/www.getariakotxakolina.eus\\\/wp-content\\\/uploads\\\/2025\\\/07\\\/Getariako-Txakolina-Logo.svg\",\"width\":417,\"height\":83,\"caption\":\"Getariako Txakolina\"},\"image\":{\"@id\":\"https:\\\/\\\/www.getariakotxakolina.eus\\\/en\\\/#\\\/schema\\\/logo\\\/image\\\/\"},\"sameAs\":[\"https:\\\/\\\/www.facebook.com\\\/GetariakoTxakolinaDO\\\/\",\"https:\\\/\\\/www.instagram.com\\\/getariakotxakolina_do\\\/\"]},{\"@type\":\"Person\",\"@id\":\"https:\\\/\\\/www.getariakotxakolina.eus\\\/en\\\/#\\\/schema\\\/person\\\/a5e5ff3c3ef2b02a49c0908e58468d2e\",\"name\":\"Sergio\",\"image\":{\"@type\":\"ImageObject\",\"inLanguage\":\"en-US\",\"@id\":\"https:\\\/\\\/secure.gravatar.com\\\/avatar\\\/a7d1b444c33a3e9943bfdc51e89ddc19ba81f816f205cf49c0f1113bad811a11?s=96&d=mm&r=g\",\"url\":\"https:\\\/\\\/secure.gravatar.com\\\/avatar\\\/a7d1b444c33a3e9943bfdc51e89ddc19ba81f816f205cf49c0f1113bad811a11?s=96&d=mm&r=g\",\"contentUrl\":\"https:\\\/\\\/secure.gravatar.com\\\/avatar\\\/a7d1b444c33a3e9943bfdc51e89ddc19ba81f816f205cf49c0f1113bad811a11?s=96&d=mm&r=g\",\"caption\":\"Sergio\"},\"sameAs\":[\"https:\\\/\\\/wordpress-958700-4452977.cloudwaysapps.com\"]}]}<\/script>\n<!-- \/ Yoast SEO plugin. -->","yoast_head_json":{"title":"Getaria txakoli will be present at ProWein D\u00fcsseldorf 2025","description":"Once again, Txakoli from Getaria will be present at the ProWein D\u00fcsseldorf international wine fair, which will be held from March 16 to 18, 2025.","robots":{"index":"index","follow":"follow","max-snippet":"max-snippet:-1","max-image-preview":"max-image-preview:large","max-video-preview":"max-video-preview:-1"},"canonical":"https:\/\/www.getariakotxakolina.eus\/en\/getaria-txakoli-will-be-present-at-the-prowein-dusseldorf-2025-fair\/","og_locale":"en_US","og_type":"article","og_title":"Getaria txakoli will be present at ProWein D\u00fcsseldorf 2025","og_description":"Once again, Txakoli from Getaria will be present at the ProWein D\u00fcsseldorf international wine fair, which will be held from March 16 to 18, 2025.","og_url":"https:\/\/www.getariakotxakolina.eus\/en\/getaria-txakoli-will-be-present-at-the-prowein-dusseldorf-2025-fair\/","og_site_name":"Getariako Txakolina","article_publisher":"https:\/\/www.facebook.com\/GetariakoTxakolinaDO\/","article_published_time":"2025-03-13T16:52:48+00:00","article_modified_time":"2025-12-26T13:08:47+00:00","og_image":[{"width":1500,"height":1000,"url":"https:\/\/www.getariakotxakolina.eus\/wp-content\/uploads\/2025\/03\/Txakoli-Getaria-at-Prowein-Dusseldorf.jpg","type":"image\/jpeg"}],"author":"Sergio","twitter_card":"summary_large_image","twitter_misc":{"Written by":"Sergio","Est. reading time":"2 minutes"},"schema":{"@context":"https:\/\/schema.org","@graph":[{"@type":"Article","@id":"https:\/\/www.getariakotxakolina.eus\/en\/getaria-txakoli-will-be-present-at-the-prowein-dusseldorf-2025-fair\/#article","isPartOf":{"@id":"https:\/\/www.getariakotxakolina.eus\/en\/getaria-txakoli-will-be-present-at-the-prowein-dusseldorf-2025-fair\/"},"author":{"name":"Sergio","@id":"https:\/\/www.getariakotxakolina.eus\/en\/#\/schema\/person\/a5e5ff3c3ef2b02a49c0908e58468d2e"},"headline":"Getaria Txakoli will be present at the ProWein D\u00fcsseldorf 2025 fair","datePublished":"2025-03-13T16:52:48+00:00","dateModified":"2025-12-26T13:08:47+00:00","mainEntityOfPage":{"@id":"https:\/\/www.getariakotxakolina.eus\/en\/getaria-txakoli-will-be-present-at-the-prowein-dusseldorf-2025-fair\/"},"wordCount":184,"publisher":{"@id":"https:\/\/www.getariakotxakolina.eus\/en\/#organization"},"image":{"@id":"https:\/\/www.getariakotxakolina.eus\/en\/getaria-txakoli-will-be-present-at-the-prowein-dusseldorf-2025-fair\/#primaryimage"},"thumbnailUrl":"https:\/\/www.getariakotxakolina.eus\/wp-content\/uploads\/2025\/03\/Txakoli-Getaria-at-Prowein-Dusseldorf.jpg","articleSection":["News"],"inLanguage":"en-US"},{"@type":"WebPage","@id":"https:\/\/www.getariakotxakolina.eus\/en\/getaria-txakoli-will-be-present-at-the-prowein-dusseldorf-2025-fair\/","url":"https:\/\/www.getariakotxakolina.eus\/en\/getaria-txakoli-will-be-present-at-the-prowein-dusseldorf-2025-fair\/","name":"Getaria txakoli will be present at ProWein D\u00fcsseldorf 2025","isPartOf":{"@id":"https:\/\/www.getariakotxakolina.eus\/en\/#website"},"primaryImageOfPage":{"@id":"https:\/\/www.getariakotxakolina.eus\/en\/getaria-txakoli-will-be-present-at-the-prowein-dusseldorf-2025-fair\/#primaryimage"},"image":{"@id":"https:\/\/www.getariakotxakolina.eus\/en\/getaria-txakoli-will-be-present-at-the-prowein-dusseldorf-2025-fair\/#primaryimage"},"thumbnailUrl":"https:\/\/www.getariakotxakolina.eus\/wp-content\/uploads\/2025\/03\/Txakoli-Getaria-at-Prowein-Dusseldorf.jpg","datePublished":"2025-03-13T16:52:48+00:00","dateModified":"2025-12-26T13:08:47+00:00","description":"Once again, Txakoli from Getaria will be present at the ProWein D\u00fcsseldorf international wine fair, which will be held from March 16 to 18, 2025.","breadcrumb":{"@id":"https:\/\/www.getariakotxakolina.eus\/en\/getaria-txakoli-will-be-present-at-the-prowein-dusseldorf-2025-fair\/#breadcrumb"},"inLanguage":"en-US","potentialAction":[{"@type":"ReadAction","target":["https:\/\/www.getariakotxakolina.eus\/en\/getaria-txakoli-will-be-present-at-the-prowein-dusseldorf-2025-fair\/"]}]},{"@type":"ImageObject","inLanguage":"en-US","@id":"https:\/\/www.getariakotxakolina.eus\/en\/getaria-txakoli-will-be-present-at-the-prowein-dusseldorf-2025-fair\/#primaryimage","url":"https:\/\/www.getariakotxakolina.eus\/wp-content\/uploads\/2025\/03\/Txakoli-Getaria-at-Prowein-Dusseldorf.jpg","contentUrl":"https:\/\/www.getariakotxakolina.eus\/wp-content\/uploads\/2025\/03\/Txakoli-Getaria-at-Prowein-Dusseldorf.jpg","width":1500,"height":1000,"caption":"Txakoli Getaria at Prowein Dusseldorf"},{"@type":"BreadcrumbList","@id":"https:\/\/www.getariakotxakolina.eus\/en\/getaria-txakoli-will-be-present-at-the-prowein-dusseldorf-2025-fair\/#breadcrumb","itemListElement":[{"@type":"ListItem","position":1,"name":"Portada","item":"https:\/\/www.getariakotxakolina.eus\/en\/"},{"@type":"ListItem","position":2,"name":"Getaria Txakoli will be present at the ProWein D\u00fcsseldorf 2025 fair"}]},{"@type":"WebSite","@id":"https:\/\/www.getariakotxakolina.eus\/en\/#website","url":"https:\/\/www.getariakotxakolina.eus\/en\/","name":"Txakol\u00ed de Getaria vino blanco con D.O. Getariako txakolina","description":"El txakoli Denominaci\u00f3n de Origen Getariako Txakolina es un vino joven de graduaci\u00f3n moderada y equilibrada acidez.","publisher":{"@id":"https:\/\/www.getariakotxakolina.eus\/en\/#organization"},"alternateName":"Getariako txakolina","potentialAction":[{"@type":"SearchAction","target":{"@type":"EntryPoint","urlTemplate":"https:\/\/www.getariakotxakolina.eus\/en\/?s={search_term_string}"},"query-input":{"@type":"PropertyValueSpecification","valueRequired":true,"valueName":"search_term_string"}}],"inLanguage":"en-US"},{"@type":"Organization","@id":"https:\/\/www.getariakotxakolina.eus\/en\/#organization","name":"Getariako Txakolina","alternateName":"Getariako Txakolina","url":"https:\/\/www.getariakotxakolina.eus\/en\/","logo":{"@type":"ImageObject","inLanguage":"en-US","@id":"https:\/\/www.getariakotxakolina.eus\/en\/#\/schema\/logo\/image\/","url":"https:\/\/www.getariakotxakolina.eus\/wp-content\/uploads\/2025\/07\/Getariako-Txakolina-Logo.svg","contentUrl":"https:\/\/www.getariakotxakolina.eus\/wp-content\/uploads\/2025\/07\/Getariako-Txakolina-Logo.svg","width":417,"height":83,"caption":"Getariako Txakolina"},"image":{"@id":"https:\/\/www.getariakotxakolina.eus\/en\/#\/schema\/logo\/image\/"},"sameAs":["https:\/\/www.facebook.com\/GetariakoTxakolinaDO\/","https:\/\/www.instagram.com\/getariakotxakolina_do\/"]},{"@type":"Person","@id":"https:\/\/www.getariakotxakolina.eus\/en\/#\/schema\/person\/a5e5ff3c3ef2b02a49c0908e58468d2e","name":"Sergio","image":{"@type":"ImageObject","inLanguage":"en-US","@id":"https:\/\/secure.gravatar.com\/avatar\/a7d1b444c33a3e9943bfdc51e89ddc19ba81f816f205cf49c0f1113bad811a11?s=96&d=mm&r=g","url":"https:\/\/secure.gravatar.com\/avatar\/a7d1b444c33a3e9943bfdc51e89ddc19ba81f816f205cf49c0f1113bad811a11?s=96&d=mm&r=g","contentUrl":"https:\/\/secure.gravatar.com\/avatar\/a7d1b444c33a3e9943bfdc51e89ddc19ba81f816f205cf49c0f1113bad811a11?s=96&d=mm&r=g","caption":"Sergio"},"sameAs":["https:\/\/wordpress-958700-4452977.cloudwaysapps.com"]}]}},"_links":{"self":[{"href":"https:\/\/www.getariakotxakolina.eus\/en\/wp-json\/wp\/v2\/posts\/14449","targetHints":{"allow":["GET"]}}],"collection":[{"href":"https:\/\/www.getariakotxakolina.eus\/en\/wp-json\/wp\/v2\/posts"}],"about":[{"href":"https:\/\/www.getariakotxakolina.eus\/en\/wp-json\/wp\/v2\/types\/post"}],"author":[{"embeddable":true,"href":"https:\/\/www.getariakotxakolina.eus\/en\/wp-json\/wp\/v2\/users\/1"}],"replies":[{"embeddable":true,"href":"https:\/\/www.getariakotxakolina.eus\/en\/wp-json\/wp\/v2\/comments?post=14449"}],"version-history":[{"count":0,"href":"https:\/\/www.getariakotxakolina.eus\/en\/wp-json\/wp\/v2\/posts\/14449\/revisions"}],"wp:featuredmedia":[{"embeddable":true,"href":"https:\/\/www.getariakotxakolina.eus\/en\/wp-json\/wp\/v2\/media\/14454"}],"wp:attachment":[{"href":"https:\/\/www.getariakotxakolina.eus\/en\/wp-json\/wp\/v2\/media?parent=14449"}],"wp:term":[{"taxonomy":"category","embeddable":true,"href":"https:\/\/www.getariakotxakolina.eus\/en\/wp-json\/wp\/v2\/categories?post=14449"},{"taxonomy":"post_tag","embeddable":true,"href":"https:\/\/www.getariakotxakolina.eus\/en\/wp-json\/wp\/v2\/tags?post=14449"}],"curies":[{"name":"wp","href":"https:\/\/api.w.org\/{rel}","templated":true}]}}