{"id":13769,"date":"2022-04-01T09:42:00","date_gmt":"2022-04-01T07:42:00","guid":{"rendered":"https:\/\/www.getariakotxakolina.eus\/getariako-txakolina-jdko-upategiak-2022ko-azoketan\/"},"modified":"2025-12-23T18:18:17","modified_gmt":"2025-12-23T17:18:17","slug":"getariako-txakolina-wineries-at-wine-fairs-2022","status":"publish","type":"post","link":"https:\/\/www.getariakotxakolina.eus\/en\/getariako-txakolina-wineries-at-wine-fairs-2022\/","title":{"rendered":"Getariako Txakolina Wineries at Wine Fairs 2022"},"content":{"rendered":"\n<div class=\"contenedor-blog\">\n<p class=\"gb-text destacado-blog\">This year, Getariako Txakolina D.O. txakoli will be present at Barcelona Wine Week, Fenavin (Ciudad Real) and ProWein (D\u00fcsseldorf). These are nationally and internationally renowned wine fairs which will be attended by different\u00a0<a href=\"https:\/\/www.getariakotxakolina.eus\/en\/wineries\/\" target=\"_blank\" rel=\"noreferrer noopener\">txakoli wineries<\/a>\u00a0of our Designation of Origin. You\u2019ll find them at the Basque Government stand.<\/p>\n\n\n\n<h3 class=\"gb-text h3-blog\">Barcelona Wine Week (4-6 April)<\/h3>\n\n\n\n<p>This year,\u00a0<a href=\"https:\/\/www.barcelonawineweek.com\/\" target=\"_blank\" rel=\"noreferrer noopener\">Barcelona Wine Week\u00a0<\/a>is committed to native grape varieties and the singularity of small designations of origin. The following Getariako Txakolina wineries will be present at the fair:<\/p>\n\n\n\n<ul class=\"wp-block-list\">\n<li>Txakoli Txomin Etxaniz<\/li>\n\n\n\n<li>Talai Berri Txakolina<\/li>\n\n\n\n<li>Ga\u00f1eta Txakolina\u00a0<\/li>\n\n\n\n<li>Aitaren Upategia<\/li>\n<\/ul>\n\n\n\n<h3 class=\"gb-text h3-blog\"><strong>Fenavin (Ciudad Real, 10-12 May)<\/strong><\/h3>\n\n\n\n<p><a href=\"https:\/\/www.fenavin.com\/\" target=\"_blank\" rel=\"noreferrer noopener\">Fenavin<\/a>, one of the leading fairs in the Spanish vitivinicultural sector, will offer attendees the chance to visit and taste txakoli from the following Getariako Txakolina D.O. wineries:<\/p>\n\n\n\n<ul class=\"wp-block-list\">\n<li>Txakoli Ga\u00f1eta<\/li>\n\n\n\n<li>Txakoli Agerre<\/li>\n\n\n\n<li>Hiruzta Txakolina<\/li>\n\n\n\n<li>Hika Bodega<\/li>\n\n\n\n<li>Txomin Etxaniz<\/li>\n\n\n\n<li>Gaintza<\/li>\n\n\n\n<li>Bodega K5<\/li>\n\n\n\n<li>Txakoli Rezabal<\/li>\n<\/ul>\n\n\n\n<h3 class=\"gb-text h3-blog\"><strong>ProWein D\u00fcsseldorf (15-17 May)<\/strong><\/h3>\n\n\n\n<p>Nine Getariako Txakolina wineries will present their txakoli at the&nbsp;<a href=\"https:\/\/www.prowein.com\/en\/For_Visitors\/Information_for_visitors?utm_source=google&amp;utm_medium=cpc&amp;utm_campaign=ProWein2022&amp;gclid=CjwKCAjwuYWSBhByEiwAKd_n_tCkxjm2pyZdWK95E5oQCCNrFdCQdve-wgmSs2kOK3-efnvFhnVZfhoCxEMQAvD_BwE\" target=\"_blank\" rel=\"noreferrer noopener\">ProWein D\u00fcsseldorf<\/a>&nbsp;international trade fair:<\/p>\n\n\n\n<ul class=\"wp-block-list\">\n<li>Txomin Etxaniz<\/li>\n\n\n\n<li>Hiruzta Bodega<\/li>\n\n\n\n<li>Talai Berri Txakolina<\/li>\n\n\n\n<li>Gaintza Txakolina<\/li>\n\n\n\n<li>Inazio Urruzola Txakolindegia<\/li>\n\n\n\n<li>Txakoli Zudugarai<\/li>\n\n\n\n<li>Hika Bodega<\/li>\n\n\n\n<li>Arbela Txakolina<\/li>\n\n\n\n<li>Mokoroa Txakolina<\/li>\n<\/ul>\n<\/div>\n","protected":false},"excerpt":{"rendered":"<p>This year, Getariako Txakolina D.O. txakoli will be present at Barcelona Wine Week, Fenavin (Ciudad Real) and ProWein (D\u00fcsseldorf). These are nationally and internationally renowned wine fairs which will be attended by different\u00a0txakoli wineries\u00a0of our Designation of Origin. You\u2019ll find them at the Basque Government stand. Barcelona Wine Week (4-6 April) This year,\u00a0Barcelona Wine Week\u00a0is &#8230; <a title=\"Getariako Txakolina Wineries at Wine Fairs 2022\" class=\"read-more\" href=\"https:\/\/www.getariakotxakolina.eus\/en\/getariako-txakolina-wineries-at-wine-fairs-2022\/\" aria-label=\"Read more about Getariako Txakolina Wineries at Wine Fairs 2022\">Read more<\/a><\/p>\n","protected":false},"author":1,"featured_media":14279,"comment_status":"closed","ping_status":"open","sticky":false,"template":"","format":"standard","meta":{"_acf_changed":false,"footnotes":""},"categories":[30],"tags":[],"class_list":["post-13769","post","type-post","status-publish","format-standard","has-post-thumbnail","hentry","category-berriak","resize-featured-image"],"acf":[],"yoast_head":"<!-- This site is optimized with the Yoast SEO plugin v27.4 - https:\/\/yoast.com\/product\/yoast-seo-wordpress\/ -->\n<title>Getariako Txakolina Wineries at Wine Fairs 2022 - Getariako Txakolina<\/title>\n<meta name=\"description\" content=\"These are nationally and internationally wine fairs which will be attended by txakoli wineries of Getariako Txakolina Designation of Origin.\" \/>\n<meta name=\"robots\" content=\"index, follow, max-snippet:-1, max-image-preview:large, max-video-preview:-1\" \/>\n<link rel=\"canonical\" href=\"https:\/\/www.getariakotxakolina.eus\/en\/getariako-txakolina-wineries-at-wine-fairs-2022\/\" \/>\n<meta property=\"og:locale\" content=\"en_US\" \/>\n<meta property=\"og:type\" content=\"article\" \/>\n<meta property=\"og:title\" content=\"Getariako Txakolina Wineries at Wine Fairs 2022 - Getariako Txakolina\" \/>\n<meta property=\"og:description\" content=\"These are nationally and internationally wine fairs which will be attended by txakoli wineries of Getariako Txakolina Designation of Origin.\" \/>\n<meta property=\"og:url\" content=\"https:\/\/www.getariakotxakolina.eus\/en\/getariako-txakolina-wineries-at-wine-fairs-2022\/\" \/>\n<meta property=\"og:site_name\" content=\"Getariako Txakolina\" \/>\n<meta property=\"article:publisher\" content=\"https:\/\/www.facebook.com\/GetariakoTxakolinaDO\/\" \/>\n<meta property=\"article:published_time\" content=\"2022-04-01T07:42:00+00:00\" \/>\n<meta property=\"article:modified_time\" content=\"2025-12-23T17:18:17+00:00\" \/>\n<meta property=\"og:image\" content=\"https:\/\/www.getariakotxakolina.eus\/wp-content\/uploads\/2022\/04\/wine-fairs-txakoli.jpg\" \/>\n\t<meta property=\"og:image:width\" content=\"1500\" \/>\n\t<meta property=\"og:image:height\" content=\"1000\" \/>\n\t<meta property=\"og:image:type\" content=\"image\/jpeg\" \/>\n<meta name=\"author\" content=\"Sergio\" \/>\n<meta name=\"twitter:card\" content=\"summary_large_image\" \/>\n<meta name=\"twitter:label1\" content=\"Written by\" \/>\n\t<meta name=\"twitter:data1\" content=\"Sergio\" \/>\n\t<meta name=\"twitter:label2\" content=\"Est. reading time\" \/>\n\t<meta name=\"twitter:data2\" content=\"2 minutes\" \/>\n<script type=\"application\/ld+json\" class=\"yoast-schema-graph\">{\"@context\":\"https:\\\/\\\/schema.org\",\"@graph\":[{\"@type\":\"Article\",\"@id\":\"https:\\\/\\\/www.getariakotxakolina.eus\\\/en\\\/getariako-txakolina-wineries-at-wine-fairs-2022\\\/#article\",\"isPartOf\":{\"@id\":\"https:\\\/\\\/www.getariakotxakolina.eus\\\/en\\\/getariako-txakolina-wineries-at-wine-fairs-2022\\\/\"},\"author\":{\"name\":\"Sergio\",\"@id\":\"https:\\\/\\\/www.getariakotxakolina.eus\\\/en\\\/#\\\/schema\\\/person\\\/a5e5ff3c3ef2b02a49c0908e58468d2e\"},\"headline\":\"Getariako Txakolina Wineries at Wine Fairs 2022\",\"datePublished\":\"2022-04-01T07:42:00+00:00\",\"dateModified\":\"2025-12-23T17:18:17+00:00\",\"mainEntityOfPage\":{\"@id\":\"https:\\\/\\\/www.getariakotxakolina.eus\\\/en\\\/getariako-txakolina-wineries-at-wine-fairs-2022\\\/\"},\"wordCount\":196,\"publisher\":{\"@id\":\"https:\\\/\\\/www.getariakotxakolina.eus\\\/en\\\/#organization\"},\"image\":{\"@id\":\"https:\\\/\\\/www.getariakotxakolina.eus\\\/en\\\/getariako-txakolina-wineries-at-wine-fairs-2022\\\/#primaryimage\"},\"thumbnailUrl\":\"https:\\\/\\\/www.getariakotxakolina.eus\\\/wp-content\\\/uploads\\\/2022\\\/04\\\/wine-fairs-txakoli.jpg\",\"articleSection\":[\"News\"],\"inLanguage\":\"en-US\"},{\"@type\":\"WebPage\",\"@id\":\"https:\\\/\\\/www.getariakotxakolina.eus\\\/en\\\/getariako-txakolina-wineries-at-wine-fairs-2022\\\/\",\"url\":\"https:\\\/\\\/www.getariakotxakolina.eus\\\/en\\\/getariako-txakolina-wineries-at-wine-fairs-2022\\\/\",\"name\":\"Getariako Txakolina Wineries at Wine Fairs 2022 - Getariako Txakolina\",\"isPartOf\":{\"@id\":\"https:\\\/\\\/www.getariakotxakolina.eus\\\/en\\\/#website\"},\"primaryImageOfPage\":{\"@id\":\"https:\\\/\\\/www.getariakotxakolina.eus\\\/en\\\/getariako-txakolina-wineries-at-wine-fairs-2022\\\/#primaryimage\"},\"image\":{\"@id\":\"https:\\\/\\\/www.getariakotxakolina.eus\\\/en\\\/getariako-txakolina-wineries-at-wine-fairs-2022\\\/#primaryimage\"},\"thumbnailUrl\":\"https:\\\/\\\/www.getariakotxakolina.eus\\\/wp-content\\\/uploads\\\/2022\\\/04\\\/wine-fairs-txakoli.jpg\",\"datePublished\":\"2022-04-01T07:42:00+00:00\",\"dateModified\":\"2025-12-23T17:18:17+00:00\",\"description\":\"These are nationally and internationally wine fairs which will be attended by txakoli wineries of Getariako Txakolina Designation of Origin.\",\"breadcrumb\":{\"@id\":\"https:\\\/\\\/www.getariakotxakolina.eus\\\/en\\\/getariako-txakolina-wineries-at-wine-fairs-2022\\\/#breadcrumb\"},\"inLanguage\":\"en-US\",\"potentialAction\":[{\"@type\":\"ReadAction\",\"target\":[\"https:\\\/\\\/www.getariakotxakolina.eus\\\/en\\\/getariako-txakolina-wineries-at-wine-fairs-2022\\\/\"]}]},{\"@type\":\"ImageObject\",\"inLanguage\":\"en-US\",\"@id\":\"https:\\\/\\\/www.getariakotxakolina.eus\\\/en\\\/getariako-txakolina-wineries-at-wine-fairs-2022\\\/#primaryimage\",\"url\":\"https:\\\/\\\/www.getariakotxakolina.eus\\\/wp-content\\\/uploads\\\/2022\\\/04\\\/wine-fairs-txakoli.jpg\",\"contentUrl\":\"https:\\\/\\\/www.getariakotxakolina.eus\\\/wp-content\\\/uploads\\\/2022\\\/04\\\/wine-fairs-txakoli.jpg\",\"width\":1500,\"height\":1000,\"caption\":\"wine-fairs-txakoli\"},{\"@type\":\"BreadcrumbList\",\"@id\":\"https:\\\/\\\/www.getariakotxakolina.eus\\\/en\\\/getariako-txakolina-wineries-at-wine-fairs-2022\\\/#breadcrumb\",\"itemListElement\":[{\"@type\":\"ListItem\",\"position\":1,\"name\":\"Portada\",\"item\":\"https:\\\/\\\/www.getariakotxakolina.eus\\\/en\\\/\"},{\"@type\":\"ListItem\",\"position\":2,\"name\":\"Getariako Txakolina Wineries at Wine Fairs 2022\"}]},{\"@type\":\"WebSite\",\"@id\":\"https:\\\/\\\/www.getariakotxakolina.eus\\\/en\\\/#website\",\"url\":\"https:\\\/\\\/www.getariakotxakolina.eus\\\/en\\\/\",\"name\":\"Txakol\u00ed de Getaria vino blanco con D.O. Getariako txakolina\",\"description\":\"El txakoli Denominaci\u00f3n de Origen Getariako Txakolina es un vino joven de graduaci\u00f3n moderada y equilibrada acidez.\",\"publisher\":{\"@id\":\"https:\\\/\\\/www.getariakotxakolina.eus\\\/en\\\/#organization\"},\"alternateName\":\"Getariako txakolina\",\"potentialAction\":[{\"@type\":\"SearchAction\",\"target\":{\"@type\":\"EntryPoint\",\"urlTemplate\":\"https:\\\/\\\/www.getariakotxakolina.eus\\\/en\\\/?s={search_term_string}\"},\"query-input\":{\"@type\":\"PropertyValueSpecification\",\"valueRequired\":true,\"valueName\":\"search_term_string\"}}],\"inLanguage\":\"en-US\"},{\"@type\":\"Organization\",\"@id\":\"https:\\\/\\\/www.getariakotxakolina.eus\\\/en\\\/#organization\",\"name\":\"Getariako Txakolina\",\"alternateName\":\"Getariako Txakolina\",\"url\":\"https:\\\/\\\/www.getariakotxakolina.eus\\\/en\\\/\",\"logo\":{\"@type\":\"ImageObject\",\"inLanguage\":\"en-US\",\"@id\":\"https:\\\/\\\/www.getariakotxakolina.eus\\\/en\\\/#\\\/schema\\\/logo\\\/image\\\/\",\"url\":\"https:\\\/\\\/www.getariakotxakolina.eus\\\/wp-content\\\/uploads\\\/2025\\\/07\\\/Getariako-Txakolina-Logo.svg\",\"contentUrl\":\"https:\\\/\\\/www.getariakotxakolina.eus\\\/wp-content\\\/uploads\\\/2025\\\/07\\\/Getariako-Txakolina-Logo.svg\",\"width\":417,\"height\":83,\"caption\":\"Getariako Txakolina\"},\"image\":{\"@id\":\"https:\\\/\\\/www.getariakotxakolina.eus\\\/en\\\/#\\\/schema\\\/logo\\\/image\\\/\"},\"sameAs\":[\"https:\\\/\\\/www.facebook.com\\\/GetariakoTxakolinaDO\\\/\",\"https:\\\/\\\/www.instagram.com\\\/getariakotxakolina_do\\\/\"]},{\"@type\":\"Person\",\"@id\":\"https:\\\/\\\/www.getariakotxakolina.eus\\\/en\\\/#\\\/schema\\\/person\\\/a5e5ff3c3ef2b02a49c0908e58468d2e\",\"name\":\"Sergio\",\"image\":{\"@type\":\"ImageObject\",\"inLanguage\":\"en-US\",\"@id\":\"https:\\\/\\\/secure.gravatar.com\\\/avatar\\\/a7d1b444c33a3e9943bfdc51e89ddc19ba81f816f205cf49c0f1113bad811a11?s=96&d=mm&r=g\",\"url\":\"https:\\\/\\\/secure.gravatar.com\\\/avatar\\\/a7d1b444c33a3e9943bfdc51e89ddc19ba81f816f205cf49c0f1113bad811a11?s=96&d=mm&r=g\",\"contentUrl\":\"https:\\\/\\\/secure.gravatar.com\\\/avatar\\\/a7d1b444c33a3e9943bfdc51e89ddc19ba81f816f205cf49c0f1113bad811a11?s=96&d=mm&r=g\",\"caption\":\"Sergio\"},\"sameAs\":[\"https:\\\/\\\/wordpress-958700-4452977.cloudwaysapps.com\"]}]}<\/script>\n<!-- \/ Yoast SEO plugin. -->","yoast_head_json":{"title":"Getariako Txakolina Wineries at Wine Fairs 2022 - Getariako Txakolina","description":"These are nationally and internationally wine fairs which will be attended by txakoli wineries of Getariako Txakolina Designation of Origin.","robots":{"index":"index","follow":"follow","max-snippet":"max-snippet:-1","max-image-preview":"max-image-preview:large","max-video-preview":"max-video-preview:-1"},"canonical":"https:\/\/www.getariakotxakolina.eus\/en\/getariako-txakolina-wineries-at-wine-fairs-2022\/","og_locale":"en_US","og_type":"article","og_title":"Getariako Txakolina Wineries at Wine Fairs 2022 - Getariako Txakolina","og_description":"These are nationally and internationally wine fairs which will be attended by txakoli wineries of Getariako Txakolina Designation of Origin.","og_url":"https:\/\/www.getariakotxakolina.eus\/en\/getariako-txakolina-wineries-at-wine-fairs-2022\/","og_site_name":"Getariako Txakolina","article_publisher":"https:\/\/www.facebook.com\/GetariakoTxakolinaDO\/","article_published_time":"2022-04-01T07:42:00+00:00","article_modified_time":"2025-12-23T17:18:17+00:00","og_image":[{"width":1500,"height":1000,"url":"https:\/\/www.getariakotxakolina.eus\/wp-content\/uploads\/2022\/04\/wine-fairs-txakoli.jpg","type":"image\/jpeg"}],"author":"Sergio","twitter_card":"summary_large_image","twitter_misc":{"Written by":"Sergio","Est. reading time":"2 minutes"},"schema":{"@context":"https:\/\/schema.org","@graph":[{"@type":"Article","@id":"https:\/\/www.getariakotxakolina.eus\/en\/getariako-txakolina-wineries-at-wine-fairs-2022\/#article","isPartOf":{"@id":"https:\/\/www.getariakotxakolina.eus\/en\/getariako-txakolina-wineries-at-wine-fairs-2022\/"},"author":{"name":"Sergio","@id":"https:\/\/www.getariakotxakolina.eus\/en\/#\/schema\/person\/a5e5ff3c3ef2b02a49c0908e58468d2e"},"headline":"Getariako Txakolina Wineries at Wine Fairs 2022","datePublished":"2022-04-01T07:42:00+00:00","dateModified":"2025-12-23T17:18:17+00:00","mainEntityOfPage":{"@id":"https:\/\/www.getariakotxakolina.eus\/en\/getariako-txakolina-wineries-at-wine-fairs-2022\/"},"wordCount":196,"publisher":{"@id":"https:\/\/www.getariakotxakolina.eus\/en\/#organization"},"image":{"@id":"https:\/\/www.getariakotxakolina.eus\/en\/getariako-txakolina-wineries-at-wine-fairs-2022\/#primaryimage"},"thumbnailUrl":"https:\/\/www.getariakotxakolina.eus\/wp-content\/uploads\/2022\/04\/wine-fairs-txakoli.jpg","articleSection":["News"],"inLanguage":"en-US"},{"@type":"WebPage","@id":"https:\/\/www.getariakotxakolina.eus\/en\/getariako-txakolina-wineries-at-wine-fairs-2022\/","url":"https:\/\/www.getariakotxakolina.eus\/en\/getariako-txakolina-wineries-at-wine-fairs-2022\/","name":"Getariako Txakolina Wineries at Wine Fairs 2022 - Getariako Txakolina","isPartOf":{"@id":"https:\/\/www.getariakotxakolina.eus\/en\/#website"},"primaryImageOfPage":{"@id":"https:\/\/www.getariakotxakolina.eus\/en\/getariako-txakolina-wineries-at-wine-fairs-2022\/#primaryimage"},"image":{"@id":"https:\/\/www.getariakotxakolina.eus\/en\/getariako-txakolina-wineries-at-wine-fairs-2022\/#primaryimage"},"thumbnailUrl":"https:\/\/www.getariakotxakolina.eus\/wp-content\/uploads\/2022\/04\/wine-fairs-txakoli.jpg","datePublished":"2022-04-01T07:42:00+00:00","dateModified":"2025-12-23T17:18:17+00:00","description":"These are nationally and internationally wine fairs which will be attended by txakoli wineries of Getariako Txakolina Designation of Origin.","breadcrumb":{"@id":"https:\/\/www.getariakotxakolina.eus\/en\/getariako-txakolina-wineries-at-wine-fairs-2022\/#breadcrumb"},"inLanguage":"en-US","potentialAction":[{"@type":"ReadAction","target":["https:\/\/www.getariakotxakolina.eus\/en\/getariako-txakolina-wineries-at-wine-fairs-2022\/"]}]},{"@type":"ImageObject","inLanguage":"en-US","@id":"https:\/\/www.getariakotxakolina.eus\/en\/getariako-txakolina-wineries-at-wine-fairs-2022\/#primaryimage","url":"https:\/\/www.getariakotxakolina.eus\/wp-content\/uploads\/2022\/04\/wine-fairs-txakoli.jpg","contentUrl":"https:\/\/www.getariakotxakolina.eus\/wp-content\/uploads\/2022\/04\/wine-fairs-txakoli.jpg","width":1500,"height":1000,"caption":"wine-fairs-txakoli"},{"@type":"BreadcrumbList","@id":"https:\/\/www.getariakotxakolina.eus\/en\/getariako-txakolina-wineries-at-wine-fairs-2022\/#breadcrumb","itemListElement":[{"@type":"ListItem","position":1,"name":"Portada","item":"https:\/\/www.getariakotxakolina.eus\/en\/"},{"@type":"ListItem","position":2,"name":"Getariako Txakolina Wineries at Wine Fairs 2022"}]},{"@type":"WebSite","@id":"https:\/\/www.getariakotxakolina.eus\/en\/#website","url":"https:\/\/www.getariakotxakolina.eus\/en\/","name":"Txakol\u00ed de Getaria vino blanco con D.O. Getariako txakolina","description":"El txakoli Denominaci\u00f3n de Origen Getariako Txakolina es un vino joven de graduaci\u00f3n moderada y equilibrada acidez.","publisher":{"@id":"https:\/\/www.getariakotxakolina.eus\/en\/#organization"},"alternateName":"Getariako txakolina","potentialAction":[{"@type":"SearchAction","target":{"@type":"EntryPoint","urlTemplate":"https:\/\/www.getariakotxakolina.eus\/en\/?s={search_term_string}"},"query-input":{"@type":"PropertyValueSpecification","valueRequired":true,"valueName":"search_term_string"}}],"inLanguage":"en-US"},{"@type":"Organization","@id":"https:\/\/www.getariakotxakolina.eus\/en\/#organization","name":"Getariako Txakolina","alternateName":"Getariako Txakolina","url":"https:\/\/www.getariakotxakolina.eus\/en\/","logo":{"@type":"ImageObject","inLanguage":"en-US","@id":"https:\/\/www.getariakotxakolina.eus\/en\/#\/schema\/logo\/image\/","url":"https:\/\/www.getariakotxakolina.eus\/wp-content\/uploads\/2025\/07\/Getariako-Txakolina-Logo.svg","contentUrl":"https:\/\/www.getariakotxakolina.eus\/wp-content\/uploads\/2025\/07\/Getariako-Txakolina-Logo.svg","width":417,"height":83,"caption":"Getariako Txakolina"},"image":{"@id":"https:\/\/www.getariakotxakolina.eus\/en\/#\/schema\/logo\/image\/"},"sameAs":["https:\/\/www.facebook.com\/GetariakoTxakolinaDO\/","https:\/\/www.instagram.com\/getariakotxakolina_do\/"]},{"@type":"Person","@id":"https:\/\/www.getariakotxakolina.eus\/en\/#\/schema\/person\/a5e5ff3c3ef2b02a49c0908e58468d2e","name":"Sergio","image":{"@type":"ImageObject","inLanguage":"en-US","@id":"https:\/\/secure.gravatar.com\/avatar\/a7d1b444c33a3e9943bfdc51e89ddc19ba81f816f205cf49c0f1113bad811a11?s=96&d=mm&r=g","url":"https:\/\/secure.gravatar.com\/avatar\/a7d1b444c33a3e9943bfdc51e89ddc19ba81f816f205cf49c0f1113bad811a11?s=96&d=mm&r=g","contentUrl":"https:\/\/secure.gravatar.com\/avatar\/a7d1b444c33a3e9943bfdc51e89ddc19ba81f816f205cf49c0f1113bad811a11?s=96&d=mm&r=g","caption":"Sergio"},"sameAs":["https:\/\/wordpress-958700-4452977.cloudwaysapps.com"]}]}},"_links":{"self":[{"href":"https:\/\/www.getariakotxakolina.eus\/en\/wp-json\/wp\/v2\/posts\/13769","targetHints":{"allow":["GET"]}}],"collection":[{"href":"https:\/\/www.getariakotxakolina.eus\/en\/wp-json\/wp\/v2\/posts"}],"about":[{"href":"https:\/\/www.getariakotxakolina.eus\/en\/wp-json\/wp\/v2\/types\/post"}],"author":[{"embeddable":true,"href":"https:\/\/www.getariakotxakolina.eus\/en\/wp-json\/wp\/v2\/users\/1"}],"replies":[{"embeddable":true,"href":"https:\/\/www.getariakotxakolina.eus\/en\/wp-json\/wp\/v2\/comments?post=13769"}],"version-history":[{"count":0,"href":"https:\/\/www.getariakotxakolina.eus\/en\/wp-json\/wp\/v2\/posts\/13769\/revisions"}],"wp:featuredmedia":[{"embeddable":true,"href":"https:\/\/www.getariakotxakolina.eus\/en\/wp-json\/wp\/v2\/media\/14279"}],"wp:attachment":[{"href":"https:\/\/www.getariakotxakolina.eus\/en\/wp-json\/wp\/v2\/media?parent=13769"}],"wp:term":[{"taxonomy":"category","embeddable":true,"href":"https:\/\/www.getariakotxakolina.eus\/en\/wp-json\/wp\/v2\/categories?post=13769"},{"taxonomy":"post_tag","embeddable":true,"href":"https:\/\/www.getariakotxakolina.eus\/en\/wp-json\/wp\/v2\/tags?post=13769"}],"curies":[{"name":"wp","href":"https:\/\/api.w.org\/{rel}","templated":true}]}}